{"id":434644,"date":"2019-07-09T00:08:25","date_gmt":"2019-07-09T05:08:25","guid":{"rendered":"https:\/\/www.diarioimagen.net\/?p=434644"},"modified":"2019-07-09T03:00:12","modified_gmt":"2019-07-09T08:00:12","slug":"humberto-campos-el-regidor-que-pide-silencio","status":"publish","type":"post","link":"https:\/\/www.diarioimagen.net\/?p=434644","title":{"rendered":"Humberto Campos, el regidor que pide silencio"},"content":{"rendered":"<h2>Detr\u00e1s del Poder<\/h2>\n<h5>Jos\u00e9 Antonio L\u00f3pez Sosa<\/h5>\n<p>&nbsp;<\/p>\n<p>Una vez m\u00e1s, estamos frente a una joya de la clase pol\u00edtica mexicana. Las ideas y comentarios desafortunados se dan en todos los c\u00edrculos y a todos los niveles.<\/p>\n<p>San Miguel de Allende hab\u00eda permanecido alejado de la mayor parte de los hechos delictivos y de asesinatos en Guanajuato, por lo menos a partir de las informaciones generadas por medios de comunicaci\u00f3n en los \u00faltimos meses.<\/p>\n<p>La madrugada del domingo, tres personas perdieron la vida como producto de una balacera en aquella ciudad, una de las m\u00e1s visitadas en M\u00e9xico y uno de los lugares mejor recomendados en el mundo para visitar y vivir.<\/p>\n<p>El noveno regidor del municipio de San Miguel de Allende, Humberto Campos Trujillo, de profesi\u00f3n administrador de empresas tur\u00edsticas y actualmente Presidente de la Comisi\u00f3n de Contralor\u00eda y Combate a la Corrupci\u00f3n en su municipio, asegur\u00f3 a trav\u00e9s de sus plataformas sociales:<\/p>\n<p><em>\u201cSi quieres a San Miguel, no compartas notas rojas, s\u00f3lo comparte notas positivas, hazlo por un mejor San Miguel (fomentemos una bonita imagen de nuestro municipio) a\u00fanque\u00a0(sic)las cosas no est\u00e9n bien, no hables mal de quien te ha dado de comer por muchos a\u00f1os, o sea tu pueblo, y ojo, no trato de tapar nada, solo quiero evitar baje la econom\u00eda\u201d<\/em><\/p>\n<p>El regidor, adem\u00e1s de tener una p\u00e9sima ortograf\u00eda y puntuaci\u00f3n, insin\u00faa que los fen\u00f3menos de inseguridad no merecen ser compartidos y ello significa solo hablar mal de quien les da de comer.<\/p>\n<p>Resulta incre\u00edble que un funcionario municipal, una persona que llega por el voto popular pida a los ciudadanos no compartir informaciones reales en lugar de coadyuvar con los distintos niveles de gobierno para evitar la crisis de inseguridad que viven tanto su municipio como su estado.<\/p>\n<p>Si el regidor Campos quiere a San Miguel, quiere su empleo y pretende cumplir con su obligaci\u00f3n, primero debiera hacer lo posible por traer seguridad al municipio en lugar de pedirle a la poblaci\u00f3n que calle ante hechos sangrientos como el del domingo en la madrugada.<\/p>\n<p>\u00bfQu\u00e9 hubiese sucedido si alguna de las v\u00edctimas hubiese sido su hijo o su pariente? \u2014que no lo deseamos\u2014, \u00bftendr\u00eda la misma cara dura para pedir ocultar informaci\u00f3n a la ciudadan\u00eda?<\/p>\n<p>Lamentablemente, as\u00ed piensan muchos servidores p\u00fablicos y mucha gente ligada al turismo en nuestro pa\u00eds.<\/p>\n<p>Callar no soluciona nada, lo que soluciona las cosas son las acciones de gobierno para mejorar la vida de las personas.<\/p>\n<p><em><a href=\"http:\/\/www.lopezsosa.com\" target=\"_blank\" rel=\"noopener noreferrer\">www.lopezsosa.com<\/a><\/em><br \/>\n<em><a href=\"mailto:joseantonio@lopezsosa.com\" target=\"_blank\" rel=\"noopener noreferrer\">joseantonio@lopezsosa.com<\/a><\/em><br \/>\n<em><a href=\"http:\/\/twitter.com\/joseantonio1977\" target=\"_blank\" rel=\"noopener noreferrer\">@joseantonio1977<\/a><\/em><\/p>\n","protected":false},"excerpt":{"rendered":"<p><span style=\"color: #005497;\"><strong>Jos\u00e9 Antonio L\u00f3pez Sosa<\/strong><\/span><\/p>\n","protected":false},"author":3,"featured_media":0,"comment_status":"open","ping_status":"open","sticky":false,"template":"","format":"standard","meta":{"_monsterinsights_skip_tracking":false,"_monsterinsights_sitenote_active":false,"_monsterinsights_sitenote_note":"","_monsterinsights_sitenote_category":0,"footnotes":""},"categories":[637],"tags":[638,43690,43674],"class_list":["post-434644","post","type-post","status-publish","format-standard","hentry","category-jose-antonio-lopez-sosa","tag-detras-del-poder","tag-jose-antonio-lopez-sosa","tag-opinion"],"_links":{"self":[{"href":"https:\/\/www.diarioimagen.net\/index.php?rest_route=\/wp\/v2\/posts\/434644","targetHints":{"allow":["GET"]}}],"collection":[{"href":"https:\/\/www.diarioimagen.net\/index.php?rest_route=\/wp\/v2\/posts"}],"about":[{"href":"https:\/\/www.diarioimagen.net\/index.php?rest_route=\/wp\/v2\/types\/post"}],"author":[{"embeddable":true,"href":"https:\/\/www.diarioimagen.net\/index.php?rest_route=\/wp\/v2\/users\/3"}],"replies":[{"embeddable":true,"href":"https:\/\/www.diarioimagen.net\/index.php?rest_route=%2Fwp%2Fv2%2Fcomments&post=434644"}],"version-history":[{"count":0,"href":"https:\/\/www.diarioimagen.net\/index.php?rest_route=\/wp\/v2\/posts\/434644\/revisions"}],"wp:attachment":[{"href":"https:\/\/www.diarioimagen.net\/index.php?rest_route=%2Fwp%2Fv2%2Fmedia&parent=434644"}],"wp:term":[{"taxonomy":"category","embeddable":true,"href":"https:\/\/www.diarioimagen.net\/index.php?rest_route=%2Fwp%2Fv2%2Fcategories&post=434644"},{"taxonomy":"post_tag","embeddable":true,"href":"https:\/\/www.diarioimagen.net\/index.php?rest_route=%2Fwp%2Fv2%2Ftags&post=434644"}],"curies":[{"name":"wp","href":"https:\/\/api.w.org\/{rel}","templated":true}]}}