{"id":434798,"date":"2019-07-10T00:09:34","date_gmt":"2019-07-10T05:09:34","guid":{"rendered":"https:\/\/www.diarioimagen.net\/?p=434798"},"modified":"2019-07-10T08:36:40","modified_gmt":"2019-07-10T13:36:40","slug":"estudiante-de-uaem-represento-a-mexico-en-convencion-de-onu","status":"publish","type":"post","link":"https:\/\/www.diarioimagen.net\/?p=434798","title":{"rendered":"Estudiante de UAEM represent\u00f3 a M\u00e9xico en convenci\u00f3n de ONU"},"content":{"rendered":"<ul>\n<li><strong><em>Encuentro sobre Cambio Clim\u00e1tico<\/em><\/strong><\/li>\n<\/ul>\n<p>&nbsp;<\/p>\n<div id=\"attachment_434873\" style=\"width: 470px\" class=\"wp-caption aligncenter\"><a href=\"https:\/\/www.diarioimagen.net\/?attachment_id=434873\" rel=\"attachment wp-att-434873\"><img loading=\"lazy\" decoding=\"async\" aria-describedby=\"caption-attachment-434873\" class=\"size-large wp-image-434873\" src=\"https:\/\/www.diarioimagen.net\/wp-content\/uploads\/2019\/07\/UAEM-10-460x259.jpg\" alt=\"\" width=\"460\" height=\"259\" srcset=\"https:\/\/www.diarioimagen.net\/wp-content\/uploads\/2019\/07\/UAEM-10-460x259.jpg 460w, https:\/\/www.diarioimagen.net\/wp-content\/uploads\/2019\/07\/UAEM-10-240x135.jpg 240w, https:\/\/www.diarioimagen.net\/wp-content\/uploads\/2019\/07\/UAEM-10-235x132.jpg 235w, https:\/\/www.diarioimagen.net\/wp-content\/uploads\/2019\/07\/UAEM-10-202x114.jpg 202w, https:\/\/www.diarioimagen.net\/wp-content\/uploads\/2019\/07\/UAEM-10-350x196.jpg 350w, https:\/\/www.diarioimagen.net\/wp-content\/uploads\/2019\/07\/UAEM-10-220x123.jpg 220w, https:\/\/www.diarioimagen.net\/wp-content\/uploads\/2019\/07\/UAEM-10-237x132.jpg 237w, https:\/\/www.diarioimagen.net\/wp-content\/uploads\/2019\/07\/UAEM-10.jpg 480w\" sizes=\"auto, (max-width: 460px) 100vw, 460px\" \/><\/a><p id=\"caption-attachment-434873\" class=\"wp-caption-text\">Andrea Sof\u00eda Rosales Vega particip\u00f3 en la reuni\u00f3n de los Cuerpos Subsidiarios de la Convenci\u00f3n Marco de Naciones Unidas sobre Cambio Clim\u00e1tico, que se llev\u00f3 a cabo en Bonn, Alemania.<\/p><\/div>\n<p>&nbsp;<\/p>\n<p><strong>Toluca, Estado de M\u00e9xico<\/strong>.\u2013 Andrea Sof\u00eda Rosales Vega, estudiante de la Universidad Aut\u00f3noma del Estado de M\u00e9xico, form\u00f3 parte de la delegaci\u00f3n mexicana que particip\u00f3 en la reuni\u00f3n de los Cuerpos Subsidiarios de la Convenci\u00f3n Marco de Naciones Unidas sobre Cambio Clim\u00e1tico, que se llev\u00f3 a cabo en Bonn, Alemania, del 17 al 27 de junio.<\/p>\n<p>La alumna de la Licenciatura en Relaciones Econ\u00f3micas Internacionales de la Facultad de Econom\u00eda de la UAEM fue seleccionada por la Organizaci\u00f3n de las Naciones Unidas (ONU), por el trabajo que realiza a favor del medio ambiente y su experiencia en diciembre de 2018, cuando represent\u00f3 a M\u00e9xico con un proyecto ante la Convenci\u00f3n que se realiz\u00f3 en Katowice, Polonia.<\/p>\n<p>Acreditada por la C\u00e1mara Internacional de Comercio, Sof\u00eda Rosales realiz\u00f3 tareas de observaci\u00f3n. Sostuvo que participar en eventos de la ONU aporta conocimiento y experiencia a su formaci\u00f3n como profesional de la Licenciatura en Relaciones Econ\u00f3micas Internacionales. \u201cMe enfrentan a la realidad en \u00e1mbitos en los que deseo desempe\u00f1arme en un futuro cercano\u201d.<\/p>\n<p>La universitaria invit\u00f3 a los estudiantes a involucrarse en estos proyectos, \u201cporque adem\u00e1s de fortalecer nuestra formaci\u00f3n profesional tambi\u00e9n construimos una delegaci\u00f3n mexicana m\u00e1s grande y con mayor conocimiento\u201d.<\/p>\n<p>\u201cEs vital que ocupemos estos espacios, en los que desafortunadamente hay poca presencia latinoamericana. Las delegaciones de nuestros pa\u00edses era de m\u00e1ximo 20 personas, mientras que las de los europeos son de m\u00e1s de 150. Es urgente tener una delegaci\u00f3n mexicana m\u00e1s grande con l\u00edderes en temas clim\u00e1ticos\u201d.<\/p>\n<p>Andrea Sof\u00eda Rosales concluir\u00e1 su trabajo en la convenci\u00f3n, con la entrega de un reporte de lo que observ\u00f3 durante el evento, as\u00ed como las conclusiones que obtuvo de los avances que tiene la acci\u00f3n clim\u00e1tica y su financiamiento a nivel nacional e internacional.<\/p>\n","protected":false},"excerpt":{"rendered":"<p>Andrea Sof\u00eda Rosales Vega, estudiante de la Universidad Aut\u00f3noma del Estado de M\u00e9xico, form\u00f3 parte de la delegaci\u00f3n mexicana que particip\u00f3 en la reuni\u00f3n de los Cuerpos Subsidiarios de la Convenci\u00f3n Marco de Naciones Unidas sobre Cambio Clim\u00e1tico, que se llev\u00f3 a cabo en Bonn, Alemania, del 17 al 27 de junio.<\/p>\n","protected":false},"author":3,"featured_media":434873,"comment_status":"open","ping_status":"open","sticky":false,"template":"","format":"standard","meta":{"_monsterinsights_skip_tracking":false,"_monsterinsights_sitenote_active":false,"_monsterinsights_sitenote_note":"","_monsterinsights_sitenote_category":0,"footnotes":""},"categories":[5],"tags":[43675,617,452,1491],"class_list":["post-434798","post","type-post","status-publish","format-standard","has-post-thumbnail","hentry","category-estado-de-mexico","tag-estado-de-mexico","tag-onu","tag-toluca","tag-uaem"],"_links":{"self":[{"href":"https:\/\/www.diarioimagen.net\/index.php?rest_route=\/wp\/v2\/posts\/434798","targetHints":{"allow":["GET"]}}],"collection":[{"href":"https:\/\/www.diarioimagen.net\/index.php?rest_route=\/wp\/v2\/posts"}],"about":[{"href":"https:\/\/www.diarioimagen.net\/index.php?rest_route=\/wp\/v2\/types\/post"}],"author":[{"embeddable":true,"href":"https:\/\/www.diarioimagen.net\/index.php?rest_route=\/wp\/v2\/users\/3"}],"replies":[{"embeddable":true,"href":"https:\/\/www.diarioimagen.net\/index.php?rest_route=%2Fwp%2Fv2%2Fcomments&post=434798"}],"version-history":[{"count":0,"href":"https:\/\/www.diarioimagen.net\/index.php?rest_route=\/wp\/v2\/posts\/434798\/revisions"}],"wp:featuredmedia":[{"embeddable":true,"href":"https:\/\/www.diarioimagen.net\/index.php?rest_route=\/wp\/v2\/media\/434873"}],"wp:attachment":[{"href":"https:\/\/www.diarioimagen.net\/index.php?rest_route=%2Fwp%2Fv2%2Fmedia&parent=434798"}],"wp:term":[{"taxonomy":"category","embeddable":true,"href":"https:\/\/www.diarioimagen.net\/index.php?rest_route=%2Fwp%2Fv2%2Fcategories&post=434798"},{"taxonomy":"post_tag","embeddable":true,"href":"https:\/\/www.diarioimagen.net\/index.php?rest_route=%2Fwp%2Fv2%2Ftags&post=434798"}],"curies":[{"name":"wp","href":"https:\/\/api.w.org\/{rel}","templated":true}]}}