{"id":434800,"date":"2019-07-10T00:08:44","date_gmt":"2019-07-10T05:08:44","guid":{"rendered":"https:\/\/www.diarioimagen.net\/?p=434800"},"modified":"2019-07-10T08:33:37","modified_gmt":"2019-07-10T13:33:37","slug":"huixquilucan-se-compromete-a-sacar-adelante-la-agenda-2030","status":"publish","type":"post","link":"https:\/\/www.diarioimagen.net\/?p=434800","title":{"rendered":"Huixquilucan se compromete a sacar adelante la Agenda 2030"},"content":{"rendered":"<ul>\n<li><strong><em>Establecen programa a 10 a\u00f1os<\/em><\/strong><\/li>\n<\/ul>\n<p>&nbsp;<\/p>\n<div id=\"attachment_434866\" style=\"width: 470px\" class=\"wp-caption aligncenter\"><a href=\"https:\/\/www.diarioimagen.net\/?attachment_id=434866\" rel=\"attachment wp-att-434866\"><img loading=\"lazy\" decoding=\"async\" aria-describedby=\"caption-attachment-434866\" class=\"size-large wp-image-434866\" src=\"https:\/\/www.diarioimagen.net\/wp-content\/uploads\/2019\/07\/HUIXQUILUCAN-10-460x259.jpg\" alt=\"\" width=\"460\" height=\"259\" srcset=\"https:\/\/www.diarioimagen.net\/wp-content\/uploads\/2019\/07\/HUIXQUILUCAN-10-460x259.jpg 460w, https:\/\/www.diarioimagen.net\/wp-content\/uploads\/2019\/07\/HUIXQUILUCAN-10-240x135.jpg 240w, https:\/\/www.diarioimagen.net\/wp-content\/uploads\/2019\/07\/HUIXQUILUCAN-10-235x132.jpg 235w, https:\/\/www.diarioimagen.net\/wp-content\/uploads\/2019\/07\/HUIXQUILUCAN-10-202x114.jpg 202w, https:\/\/www.diarioimagen.net\/wp-content\/uploads\/2019\/07\/HUIXQUILUCAN-10-350x196.jpg 350w, https:\/\/www.diarioimagen.net\/wp-content\/uploads\/2019\/07\/HUIXQUILUCAN-10-220x123.jpg 220w, https:\/\/www.diarioimagen.net\/wp-content\/uploads\/2019\/07\/HUIXQUILUCAN-10-237x132.jpg 237w, https:\/\/www.diarioimagen.net\/wp-content\/uploads\/2019\/07\/HUIXQUILUCAN-10.jpg 480w\" sizes=\"auto, (max-width: 460px) 100vw, 460px\" \/><\/a><p id=\"caption-attachment-434866\" class=\"wp-caption-text\">El alcalde Enrique Vargas del Villar tom\u00f3 protesta a los integrantes del Consejo Municipal para el Cumplimiento de la Agenda 2030.<\/p><\/div>\n<p>&nbsp;<\/p>\n<p><strong>Huixquilucan, Estado de M\u00e9xico<\/strong>.- \u201cEl gobierno de esta ciudad asume su compromiso con los objetivos y metas para el desarrollo sostenible de la Agenda 2030\u201d, se\u00f1al\u00f3 el alcalde Enrique Vargas del Villar, durante la toma de protesta a los integrantes del Consejo Municipal para el Cumplimiento de la Agenda 2030.<\/p>\n<p>Vargas del Villar reiter\u00f3 que la agenda 2030 es un plan de acci\u00f3n en el que el gobierno municipal est\u00e1 convencido de trabajar e ir de la mano con la sociedad sin dejar a nadie atr\u00e1s. \u201cPor eso asumimos el compromiso de sacar adelante este marco de desarrollo y lo vamos hacer de la mano de este Consejo\u201d.<\/p>\n<p>El edil asegur\u00f3 que Huixquilucan, es hoy la localidad con m\u00e1s desarrollo del estado de M\u00e9xico, ya que actualmente se tienen m\u00e1s de mil 200 millones de d\u00f3lares de inversi\u00f3n privada en desarrollo del municipio. \u201cCon esto nos colocamos en el n\u00famero uno en el estado de M\u00e9xico y esto tiene mucho que ver con esta agenda 2030 que tanto necesita nuestro municipio, nuestro estado de M\u00e9xico, el pa\u00eds y el mundo entero\u201d.<\/p>\n<p>Carlos Alfaro S\u00e1nchez, secretario t\u00e9cnico municipal y secretario Ejecutivo del Consejo, enfatiz\u00f3 que los grupos integrados podr\u00e1n invitar a instituciones acad\u00e9micas, ONG\u00b4s, a efecto de enriquecer los trabajos que realiza el gobierno municipal.<\/p>\n<p>Huixquilucan, incorpor\u00f3 criterios de la agenda 2030 en el Plan de Desarrollo Municipal, y de manera peri\u00f3dica informar\u00e1 sobre los avances de la administraci\u00f3n. En este sentido precis\u00f3 que se detectaron las acciones realizadas por cada dependencia municipal relacionadas con los Objetivos de Desarrollo Sostenible.<\/p>\n","protected":false},"excerpt":{"rendered":"<p>\u201cEl gobierno de esta ciudad asume su compromiso con los objetivos y metas para el desarrollo sostenible de la Agenda 2030\u201d, se\u00f1al\u00f3 el alcalde Enrique Vargas del Villar, durante la toma de protesta a los integrantes del Consejo Municipal para el Cumplimiento de la Agenda 2030.<\/p>\n","protected":false},"author":3,"featured_media":434866,"comment_status":"open","ping_status":"open","sticky":false,"template":"","format":"standard","meta":{"_monsterinsights_skip_tracking":false,"_monsterinsights_sitenote_active":false,"_monsterinsights_sitenote_note":"","_monsterinsights_sitenote_category":0,"footnotes":""},"categories":[5],"tags":[86696,72883,43675,1097],"class_list":["post-434800","post","type-post","status-publish","format-standard","has-post-thumbnail","hentry","category-estado-de-mexico","tag-adelante","tag-agenda","tag-estado-de-mexico","tag-huixquilucan"],"_links":{"self":[{"href":"https:\/\/www.diarioimagen.net\/index.php?rest_route=\/wp\/v2\/posts\/434800","targetHints":{"allow":["GET"]}}],"collection":[{"href":"https:\/\/www.diarioimagen.net\/index.php?rest_route=\/wp\/v2\/posts"}],"about":[{"href":"https:\/\/www.diarioimagen.net\/index.php?rest_route=\/wp\/v2\/types\/post"}],"author":[{"embeddable":true,"href":"https:\/\/www.diarioimagen.net\/index.php?rest_route=\/wp\/v2\/users\/3"}],"replies":[{"embeddable":true,"href":"https:\/\/www.diarioimagen.net\/index.php?rest_route=%2Fwp%2Fv2%2Fcomments&post=434800"}],"version-history":[{"count":0,"href":"https:\/\/www.diarioimagen.net\/index.php?rest_route=\/wp\/v2\/posts\/434800\/revisions"}],"wp:featuredmedia":[{"embeddable":true,"href":"https:\/\/www.diarioimagen.net\/index.php?rest_route=\/wp\/v2\/media\/434866"}],"wp:attachment":[{"href":"https:\/\/www.diarioimagen.net\/index.php?rest_route=%2Fwp%2Fv2%2Fmedia&parent=434800"}],"wp:term":[{"taxonomy":"category","embeddable":true,"href":"https:\/\/www.diarioimagen.net\/index.php?rest_route=%2Fwp%2Fv2%2Fcategories&post=434800"},{"taxonomy":"post_tag","embeddable":true,"href":"https:\/\/www.diarioimagen.net\/index.php?rest_route=%2Fwp%2Fv2%2Ftags&post=434800"}],"curies":[{"name":"wp","href":"https:\/\/api.w.org\/{rel}","templated":true}]}}