{"id":434802,"date":"2019-07-10T00:07:56","date_gmt":"2019-07-10T05:07:56","guid":{"rendered":"https:\/\/www.diarioimagen.net\/?p=434802"},"modified":"2019-07-10T08:34:22","modified_gmt":"2019-07-10T13:34:22","slug":"entrega-tlalnepantla-plantillas-ortopedicas-a-alumnos","status":"publish","type":"post","link":"https:\/\/www.diarioimagen.net\/?p=434802","title":{"rendered":"Entrega Tlalnepantla plantillas ortop\u00e9dicas a alumnos"},"content":{"rendered":"<p><a href=\"https:\/\/www.diarioimagen.net\/?attachment_id=434869\" rel=\"attachment wp-att-434869\"><img loading=\"lazy\" decoding=\"async\" class=\"aligncenter size-large wp-image-434869\" src=\"https:\/\/www.diarioimagen.net\/wp-content\/uploads\/2019\/07\/TLALNEPANTLA-10-460x259.jpg\" alt=\"\" width=\"460\" height=\"259\" srcset=\"https:\/\/www.diarioimagen.net\/wp-content\/uploads\/2019\/07\/TLALNEPANTLA-10-460x259.jpg 460w, https:\/\/www.diarioimagen.net\/wp-content\/uploads\/2019\/07\/TLALNEPANTLA-10-240x135.jpg 240w, https:\/\/www.diarioimagen.net\/wp-content\/uploads\/2019\/07\/TLALNEPANTLA-10-235x132.jpg 235w, https:\/\/www.diarioimagen.net\/wp-content\/uploads\/2019\/07\/TLALNEPANTLA-10-202x114.jpg 202w, https:\/\/www.diarioimagen.net\/wp-content\/uploads\/2019\/07\/TLALNEPANTLA-10-350x196.jpg 350w, https:\/\/www.diarioimagen.net\/wp-content\/uploads\/2019\/07\/TLALNEPANTLA-10-220x123.jpg 220w, https:\/\/www.diarioimagen.net\/wp-content\/uploads\/2019\/07\/TLALNEPANTLA-10-237x132.jpg 237w, https:\/\/www.diarioimagen.net\/wp-content\/uploads\/2019\/07\/TLALNEPANTLA-10.jpg 480w\" sizes=\"auto, (max-width: 460px) 100vw, 460px\" \/><\/a><\/p>\n<p>&nbsp;<\/p>\n<p><strong>Tlalnepantla, Estado de M\u00e9xico<\/strong><strong>.- <\/strong>Para favorecer su desempe\u00f1o f\u00edsico y corregir la postura de ni\u00f1as y ni\u00f1os, el gobierno de Tlalnepantla entreg\u00f3 plantillas ortop\u00e9dicas en diferentes escuelas del municipio.<\/p>\n<p>El Instituto Municipal de Salud (IMS) inform\u00f3 que entreg\u00f3 plantillas a alumnas y alumnos de las escuelas primarias Ermilo Abreu G\u00f3mez y Rodrigo Montes de Oca, ubicadas en San Andr\u00e9s Atenco y Jardines de Santa M\u00f3nica, respectivamente.<\/p>\n","protected":false},"excerpt":{"rendered":"<p>Para favorecer su desempe\u00f1o f\u00edsico y corregir la postura de ni\u00f1as y ni\u00f1os, el gobierno de Tlalnepantla entreg\u00f3 plantillas ortop\u00e9dicas en diferentes escuelas del municipio.<\/p>\n","protected":false},"author":3,"featured_media":434869,"comment_status":"open","ping_status":"open","sticky":false,"template":"","format":"standard","meta":{"_monsterinsights_skip_tracking":false,"_monsterinsights_sitenote_active":false,"_monsterinsights_sitenote_note":"","_monsterinsights_sitenote_category":0,"footnotes":""},"categories":[5],"tags":[43675,169],"class_list":["post-434802","post","type-post","status-publish","format-standard","has-post-thumbnail","hentry","category-estado-de-mexico","tag-estado-de-mexico","tag-tlalnepantla"],"_links":{"self":[{"href":"https:\/\/www.diarioimagen.net\/index.php?rest_route=\/wp\/v2\/posts\/434802","targetHints":{"allow":["GET"]}}],"collection":[{"href":"https:\/\/www.diarioimagen.net\/index.php?rest_route=\/wp\/v2\/posts"}],"about":[{"href":"https:\/\/www.diarioimagen.net\/index.php?rest_route=\/wp\/v2\/types\/post"}],"author":[{"embeddable":true,"href":"https:\/\/www.diarioimagen.net\/index.php?rest_route=\/wp\/v2\/users\/3"}],"replies":[{"embeddable":true,"href":"https:\/\/www.diarioimagen.net\/index.php?rest_route=%2Fwp%2Fv2%2Fcomments&post=434802"}],"version-history":[{"count":0,"href":"https:\/\/www.diarioimagen.net\/index.php?rest_route=\/wp\/v2\/posts\/434802\/revisions"}],"wp:featuredmedia":[{"embeddable":true,"href":"https:\/\/www.diarioimagen.net\/index.php?rest_route=\/wp\/v2\/media\/434869"}],"wp:attachment":[{"href":"https:\/\/www.diarioimagen.net\/index.php?rest_route=%2Fwp%2Fv2%2Fmedia&parent=434802"}],"wp:term":[{"taxonomy":"category","embeddable":true,"href":"https:\/\/www.diarioimagen.net\/index.php?rest_route=%2Fwp%2Fv2%2Fcategories&post=434802"},{"taxonomy":"post_tag","embeddable":true,"href":"https:\/\/www.diarioimagen.net\/index.php?rest_route=%2Fwp%2Fv2%2Ftags&post=434802"}],"curies":[{"name":"wp","href":"https:\/\/api.w.org\/{rel}","templated":true}]}}