{"id":434804,"date":"2019-07-10T00:06:51","date_gmt":"2019-07-10T05:06:51","guid":{"rendered":"https:\/\/www.diarioimagen.net\/?p=434804"},"modified":"2019-07-10T08:35:53","modified_gmt":"2019-07-10T13:35:53","slug":"ofrece-naucalpan-cursos-de-verano-a-ninos-y-ninas-en-estas-vacaciones","status":"publish","type":"post","link":"https:\/\/www.diarioimagen.net\/?p=434804","title":{"rendered":"Ofrece Naucalpan cursos de verano a ni\u00f1os y ni\u00f1as en estas vacaciones"},"content":{"rendered":"<ul>\n<li><strong><em>Desde nataci\u00f3n hasta protecci\u00f3n civil<\/em><\/strong><\/li>\n<\/ul>\n<p>&nbsp;<\/p>\n<div id=\"attachment_434871\" style=\"width: 470px\" class=\"wp-caption aligncenter\"><a href=\"https:\/\/www.diarioimagen.net\/?attachment_id=434871\" rel=\"attachment wp-att-434871\"><img loading=\"lazy\" decoding=\"async\" aria-describedby=\"caption-attachment-434871\" class=\"size-large wp-image-434871\" src=\"https:\/\/www.diarioimagen.net\/wp-content\/uploads\/2019\/07\/NAUCALPAN-10-460x259.jpg\" alt=\"\" width=\"460\" height=\"259\" srcset=\"https:\/\/www.diarioimagen.net\/wp-content\/uploads\/2019\/07\/NAUCALPAN-10-460x259.jpg 460w, https:\/\/www.diarioimagen.net\/wp-content\/uploads\/2019\/07\/NAUCALPAN-10-240x135.jpg 240w, https:\/\/www.diarioimagen.net\/wp-content\/uploads\/2019\/07\/NAUCALPAN-10-235x132.jpg 235w, https:\/\/www.diarioimagen.net\/wp-content\/uploads\/2019\/07\/NAUCALPAN-10-202x114.jpg 202w, https:\/\/www.diarioimagen.net\/wp-content\/uploads\/2019\/07\/NAUCALPAN-10-350x196.jpg 350w, https:\/\/www.diarioimagen.net\/wp-content\/uploads\/2019\/07\/NAUCALPAN-10-220x123.jpg 220w, https:\/\/www.diarioimagen.net\/wp-content\/uploads\/2019\/07\/NAUCALPAN-10-237x132.jpg 237w, https:\/\/www.diarioimagen.net\/wp-content\/uploads\/2019\/07\/NAUCALPAN-10.jpg 480w\" sizes=\"auto, (max-width: 460px) 100vw, 460px\" \/><\/a><p id=\"caption-attachment-434871\" class=\"wp-caption-text\">Ni\u00f1os\u00a0y ni\u00f1as de 4 a 12 a\u00f1os podr\u00e1n disfrutar de actividades l\u00fadicas, recreativas y deportivas, del 15 al 26 de julio.<\/p><\/div>\n<p>&nbsp;<\/p>\n<p><strong>Naucalpan, Estado de M\u00e9xico<\/strong>.- El gobierno de Naucalpan ofrece durante la temporada vacacional el \u201cCurso de Verano 2019\u201d, en el cual ni\u00f1os y ni\u00f1as de 4 a 12 a\u00f1os podr\u00e1n disfrutar de actividades l\u00fadicas, recreativas y deportivas, del 15 al 26 de julio.<\/p>\n<p>Se realizar\u00e1 en las instalaciones de las albercas La Mancha III y El Tepetatal, con un cupo limitado a 200 infantes por alberca y tendr\u00e1 un costo de 600 pesos por ni\u00f1o. Para m\u00e1s informes el Ayuntamiento pone a disposici\u00f3n los tel\u00e9fonos 5572 8537 (IMCUFIDEN), 7160 6173 (Alberca La Mancha III) y 7159 4530 (alberca El Tepetatal).<\/p>\n<p>La Secretar\u00eda de Medio Ambiente, en coordinaci\u00f3n con otras dependencias, realizar\u00e1 el \u201cCurso de verano itinerante del gobierno municipal\u201d, que ser\u00e1 impartido del 15 de julio al 16 de agosto en un horario de 9:00 a 12:00 horas, para que menores de 6 y hasta 15 a\u00f1os de edad puedan disfrutar de visitas guiadas por puntos de inter\u00e9s ambiental e hist\u00f3rico, activaci\u00f3n f\u00edsica, talleres y din\u00e1micas recreativas.<\/p>\n<p>Los interesados pueden inscribirse en la Direcci\u00f3n de Participaci\u00f3n Ciudadana, ubicada en el Palacio Municipal, en un horario de 9:00 a 15:00 horas. Para el registro es indispensable llevar dos botellas de PET y bolsas metalizadas de galletas. Para m\u00e1s informes, llamar al 5363 0115.<\/p>\n<p>En estas vacaciones, la Direcci\u00f3n de Protecci\u00f3n Civil y Bomberos continuar\u00e1 impartiendo el curso \u201cBomberitos 2019. Sembrando Confianza y Vocaci\u00f3n\u201d, todos los s\u00e1bados en el Parque La Hoja del Bosque de Los Remedios. Los participantes, de 5 a 15 a\u00f1os, aprender\u00e1n sobre prevenci\u00f3n, primeros auxilios, movimientos de rescate y combate de incendios.<\/p>\n<p>Para inscribirse es necesario acudir a la Direcci\u00f3n General de Protecci\u00f3n Civil y Bomberos, ubicada en Avenida de los Arcos 30, Colonia Padre Figueroa, en un horario de 9:00 a 15:00 horas con copia del acta de nacimiento del menor, CURP, certificado m\u00e9dico, 2 fotograf\u00edas tama\u00f1o infantil y credencial de elector del padre o tutor.<\/p>\n<p>Por su parte, el Instituto Mexicano del Seguro Social (IMSS) abre las puertas de la Unidad Deportiva Cuauht\u00e9moc a ni\u00f1os y adolescentes que deseen vivir un verano lleno de actividades deportivas, a trav\u00e9s del \u201cCurso Vacacional Recreativo 2019\u201d que contempla la impartici\u00f3n de nataci\u00f3n, b\u00e1squetbol, f\u00fatbol, voleibol, gimnasia, baile, expresi\u00f3n corporal, juegos organizados, taekwondo, handbal y juegos de mesa.<\/p>\n<p>Los menores de entre 5 a 12 a\u00f1os podr\u00e1n realizar todas estas actividades a partir del 15 de julio y hasta el 8 de agosto. El curso tendr\u00e1 un costo de 618 pesos a derechohabientes y 700 a p\u00fablico en general. Para m\u00e1s informes, llame al 55 2794 0447.<\/p>\n<p>Asimismo, la Facultad de Estudios Superiores Acatl\u00e1n realizar\u00e1 el \u201cCurso de Verano Acatl\u00e1n 2019\u201d, a partir del 22 de julio y hasta el 9 de agosto, en el que se realizar\u00e1n actividades como b\u00e1squetbol, f\u00fatbol soccer, atletismo, taekwondo, ludoteca, voleibol, b\u00e9isbol, pintura, teatro infantil y baile. El costo es de mil 500 pesos. Para mayor informaci\u00f3n y requisitos, escriba al correo\u00a0curso.pumitas@apolo.acatlan.unam.mx\u00a0o aextensionculturalfesa@gmail.com.<\/p>\n","protected":false},"excerpt":{"rendered":"<p>El gobierno de Naucalpan ofrece durante la temporada vacacional el \u201cCurso de Verano 2019\u201d, en el cual ni\u00f1os y ni\u00f1as de 4 a 12 a\u00f1os podr\u00e1n disfrutar de actividades l\u00fadicas, recreativas y deportivas, del 15 al 26 de julio.<\/p>\n","protected":false},"author":3,"featured_media":434871,"comment_status":"open","ping_status":"open","sticky":false,"template":"","format":"standard","meta":{"_monsterinsights_skip_tracking":false,"_monsterinsights_sitenote_active":false,"_monsterinsights_sitenote_note":"","_monsterinsights_sitenote_category":0,"footnotes":""},"categories":[5],"tags":[43675,970,9991],"class_list":["post-434804","post","type-post","status-publish","format-standard","has-post-thumbnail","hentry","category-estado-de-mexico","tag-estado-de-mexico","tag-naucalpan","tag-vacaciones"],"_links":{"self":[{"href":"https:\/\/www.diarioimagen.net\/index.php?rest_route=\/wp\/v2\/posts\/434804","targetHints":{"allow":["GET"]}}],"collection":[{"href":"https:\/\/www.diarioimagen.net\/index.php?rest_route=\/wp\/v2\/posts"}],"about":[{"href":"https:\/\/www.diarioimagen.net\/index.php?rest_route=\/wp\/v2\/types\/post"}],"author":[{"embeddable":true,"href":"https:\/\/www.diarioimagen.net\/index.php?rest_route=\/wp\/v2\/users\/3"}],"replies":[{"embeddable":true,"href":"https:\/\/www.diarioimagen.net\/index.php?rest_route=%2Fwp%2Fv2%2Fcomments&post=434804"}],"version-history":[{"count":0,"href":"https:\/\/www.diarioimagen.net\/index.php?rest_route=\/wp\/v2\/posts\/434804\/revisions"}],"wp:featuredmedia":[{"embeddable":true,"href":"https:\/\/www.diarioimagen.net\/index.php?rest_route=\/wp\/v2\/media\/434871"}],"wp:attachment":[{"href":"https:\/\/www.diarioimagen.net\/index.php?rest_route=%2Fwp%2Fv2%2Fmedia&parent=434804"}],"wp:term":[{"taxonomy":"category","embeddable":true,"href":"https:\/\/www.diarioimagen.net\/index.php?rest_route=%2Fwp%2Fv2%2Fcategories&post=434804"},{"taxonomy":"post_tag","embeddable":true,"href":"https:\/\/www.diarioimagen.net\/index.php?rest_route=%2Fwp%2Fv2%2Ftags&post=434804"}],"curies":[{"name":"wp","href":"https:\/\/api.w.org\/{rel}","templated":true}]}}