{"id":434944,"date":"2019-07-11T00:03:57","date_gmt":"2019-07-11T05:03:57","guid":{"rendered":"https:\/\/www.diarioimagen.net\/?p=434944"},"modified":"2019-07-11T08:25:55","modified_gmt":"2019-07-11T13:25:55","slug":"eu-canalizaria-800-mdd-para-desarrollo-del-sur-de-mexico","status":"publish","type":"post","link":"https:\/\/www.diarioimagen.net\/?p=434944","title":{"rendered":"EU canalizar\u00eda 800 mdd para desarrollo del sur de M\u00e9xico"},"content":{"rendered":"<ul>\n<li><strong><em>Firman dos cartas de intenci\u00f3n<\/em><\/strong><\/li>\n<\/ul>\n<p>&nbsp;<\/p>\n<div id=\"attachment_435053\" style=\"width: 470px\" class=\"wp-caption aligncenter\"><a href=\"https:\/\/www.diarioimagen.net\/?attachment_id=435053\" rel=\"attachment wp-att-435053\"><img loading=\"lazy\" decoding=\"async\" aria-describedby=\"caption-attachment-435053\" class=\"size-large wp-image-435053\" src=\"https:\/\/www.diarioimagen.net\/wp-content\/uploads\/2019\/07\/DESARROLLO11-460x259.jpg\" alt=\"\" width=\"460\" height=\"259\" srcset=\"https:\/\/www.diarioimagen.net\/wp-content\/uploads\/2019\/07\/DESARROLLO11-460x259.jpg 460w, https:\/\/www.diarioimagen.net\/wp-content\/uploads\/2019\/07\/DESARROLLO11-240x135.jpg 240w, https:\/\/www.diarioimagen.net\/wp-content\/uploads\/2019\/07\/DESARROLLO11-235x132.jpg 235w, https:\/\/www.diarioimagen.net\/wp-content\/uploads\/2019\/07\/DESARROLLO11-202x114.jpg 202w, https:\/\/www.diarioimagen.net\/wp-content\/uploads\/2019\/07\/DESARROLLO11-350x196.jpg 350w, https:\/\/www.diarioimagen.net\/wp-content\/uploads\/2019\/07\/DESARROLLO11-220x123.jpg 220w, https:\/\/www.diarioimagen.net\/wp-content\/uploads\/2019\/07\/DESARROLLO11-237x132.jpg 237w, https:\/\/www.diarioimagen.net\/wp-content\/uploads\/2019\/07\/DESARROLLO11.jpg 480w\" sizes=\"auto, (max-width: 460px) 100vw, 460px\" \/><\/a><p id=\"caption-attachment-435053\" class=\"wp-caption-text\">Marcelo Ebrard y el vicepresidente de la Corporaci\u00f3n para la Inversi\u00f3n Privada en el Extranjero, Ryan Brennan, firmaron dos cartas de intenci\u00f3n para el desarrollo del sur de M\u00e9xico.<\/p><\/div>\n<p>&nbsp;<\/p>\n<p>El secretario de Relaciones Exteriores, Marcelo Ebrard Casaub\u00f3n, y el vicepresidente de la Corporaci\u00f3n para la Inversi\u00f3n Privada en el Extranjero (OPIC), Ryan Brennan, firmaron dos cartas de intenci\u00f3n para canalizar 800 millones de d\u00f3lares a fin de detonar el desarrollo econ\u00f3mico del sur del pa\u00eds.<\/p>\n<p>Dichos recursos se destinar\u00edan a grandes, peque\u00f1as y medianas empresas, as\u00ed como de microfinancieras y forman parte de un compromiso del gobierno de Estados Unidos para canalizar un total de 2 mil millones de d\u00f3lares.<\/p>\n<p>Ebrard Casaub\u00f3n explic\u00f3 que la firma de dicha carta es en cumplimiento al convenio signado en diciembre de 2018 entre ambos gobiernos para invertir en los estados sure\u00f1os del pa\u00eds, con el objetivo de generar empleo y evitar la migraci\u00f3n por motivo de pobreza.<\/p>\n<p>El canciller de M\u00e9xico destac\u00f3 que la firma del documento \u201cda cuenta que la relaci\u00f3n con Estados Unidos, que es muy compleja, es una buena relaci\u00f3n y que tiene sentido hacer buenos acuerdos\u201d.<\/p>\n<p>Actualmente, los 12 proyectos estrat\u00e9gicos en los que invertir\u00eda OPIC se encuentran en etapa de revisi\u00f3n en la zona sur y sureste del pa\u00eds, en estados como Oaxaca, Chiapas y Yucat\u00e1n en la industria energ\u00e9tica, agraria, mar\u00edtima y saneamiento de aguas.<\/p>\n<p>El canciller destac\u00f3 que en respuesta a dicho apoyo, M\u00e9xico cumple con su compromiso de hace una importante inversi\u00f3n en El Salvador, Honduras y Guatemala para acelerar el crecimiento econ\u00f3mico de esas tres naciones.<\/p>\n<p>\u201cM\u00e9xico, por su parte, est\u00e1 cumpliendo el compromiso que hizo, en el sentido de que invertir\u00edamos en los tres pa\u00edses para m\u00e1s empleos en el corto plazo. Ya lo estamos haciendo en El Salvador. La inversi\u00f3n en este a\u00f1o por parte de M\u00e9xico ser\u00e1 la m\u00e1s importante que hayamos hecho nunca para crear empleos\u201d.<\/p>\n","protected":false},"excerpt":{"rendered":"<p>El secretario de Relaciones Exteriores, Marcelo Ebrard Casaub\u00f3n, y el vicepresidente de la Corporaci\u00f3n para la Inversi\u00f3n Privada en el Extranjero (OPIC), Ryan Brennan, firmaron dos cartas de intenci\u00f3n para canalizar 800 millones de d\u00f3lares a fin de detonar el desarrollo econ\u00f3mico del sur del pa\u00eds.<\/p>\n","protected":false},"author":3,"featured_media":435053,"comment_status":"open","ping_status":"open","sticky":false,"template":"","format":"standard","meta":{"_monsterinsights_skip_tracking":false,"_monsterinsights_sitenote_active":false,"_monsterinsights_sitenote_note":"","_monsterinsights_sitenote_category":0,"footnotes":""},"categories":[8],"tags":[86723,2786,7350,12743],"class_list":["post-434944","post","type-post","status-publish","format-standard","has-post-thumbnail","hentry","category-finanzas","tag-canalizar","tag-eu","tag-marcelo-ebrard-casaubon","tag-relaciones-exteriores"],"_links":{"self":[{"href":"https:\/\/www.diarioimagen.net\/index.php?rest_route=\/wp\/v2\/posts\/434944","targetHints":{"allow":["GET"]}}],"collection":[{"href":"https:\/\/www.diarioimagen.net\/index.php?rest_route=\/wp\/v2\/posts"}],"about":[{"href":"https:\/\/www.diarioimagen.net\/index.php?rest_route=\/wp\/v2\/types\/post"}],"author":[{"embeddable":true,"href":"https:\/\/www.diarioimagen.net\/index.php?rest_route=\/wp\/v2\/users\/3"}],"replies":[{"embeddable":true,"href":"https:\/\/www.diarioimagen.net\/index.php?rest_route=%2Fwp%2Fv2%2Fcomments&post=434944"}],"version-history":[{"count":0,"href":"https:\/\/www.diarioimagen.net\/index.php?rest_route=\/wp\/v2\/posts\/434944\/revisions"}],"wp:featuredmedia":[{"embeddable":true,"href":"https:\/\/www.diarioimagen.net\/index.php?rest_route=\/wp\/v2\/media\/435053"}],"wp:attachment":[{"href":"https:\/\/www.diarioimagen.net\/index.php?rest_route=%2Fwp%2Fv2%2Fmedia&parent=434944"}],"wp:term":[{"taxonomy":"category","embeddable":true,"href":"https:\/\/www.diarioimagen.net\/index.php?rest_route=%2Fwp%2Fv2%2Fcategories&post=434944"},{"taxonomy":"post_tag","embeddable":true,"href":"https:\/\/www.diarioimagen.net\/index.php?rest_route=%2Fwp%2Fv2%2Ftags&post=434944"}],"curies":[{"name":"wp","href":"https:\/\/api.w.org\/{rel}","templated":true}]}}