{"id":434946,"date":"2019-07-11T00:05:29","date_gmt":"2019-07-11T05:05:29","guid":{"rendered":"https:\/\/www.diarioimagen.net\/?p=434946"},"modified":"2019-07-11T07:59:46","modified_gmt":"2019-07-11T12:59:46","slug":"el-presidente-se-reune-con-empresarios-y-maestros","status":"publish","type":"post","link":"https:\/\/www.diarioimagen.net\/?p=434946","title":{"rendered":"El Presidente se re\u00fane con empresarios y maestros"},"content":{"rendered":"<p><a href=\"https:\/\/www.diarioimagen.net\/?attachment_id=435021\" rel=\"attachment wp-att-435021\"><img loading=\"lazy\" decoding=\"async\" class=\"aligncenter size-large wp-image-435021\" src=\"https:\/\/www.diarioimagen.net\/wp-content\/uploads\/2019\/07\/REUNION11-460x259.jpg\" alt=\"\" width=\"460\" height=\"259\" srcset=\"https:\/\/www.diarioimagen.net\/wp-content\/uploads\/2019\/07\/REUNION11-460x259.jpg 460w, https:\/\/www.diarioimagen.net\/wp-content\/uploads\/2019\/07\/REUNION11-240x135.jpg 240w, https:\/\/www.diarioimagen.net\/wp-content\/uploads\/2019\/07\/REUNION11-235x132.jpg 235w, https:\/\/www.diarioimagen.net\/wp-content\/uploads\/2019\/07\/REUNION11-202x114.jpg 202w, https:\/\/www.diarioimagen.net\/wp-content\/uploads\/2019\/07\/REUNION11-350x196.jpg 350w, https:\/\/www.diarioimagen.net\/wp-content\/uploads\/2019\/07\/REUNION11-220x123.jpg 220w, https:\/\/www.diarioimagen.net\/wp-content\/uploads\/2019\/07\/REUNION11-237x132.jpg 237w, https:\/\/www.diarioimagen.net\/wp-content\/uploads\/2019\/07\/REUNION11.jpg 480w\" sizes=\"auto, (max-width: 460px) 100vw, 460px\" \/><\/a><\/p>\n<p>&nbsp;<\/p>\n<p>El presidente Andr\u00e9s Manuel L\u00f3pez Obrador recibi\u00f3 ayer por separado en Palacio Nacional a integrantes de la Coordinadora Nacional de Trabajadores de la Educaci\u00f3n (CNTE) y a un grupo de empresarios de Nuevo Le\u00f3n.<\/p>\n<p>El Ejecutivo federal se reuni\u00f3 primero con el grupo de 40 empresarios, para despu\u00e9s recibir a los representantes de la CNTE, quienes demandan la reinstalaci\u00f3n de los maestros que fueron cesados de sus puestos.<\/p>\n<p>Para este encuentro se solicit\u00f3 a los medios de comunicaci\u00f3n que abandonaran la sala de prensa, pues se tocar\u00edan \u201ctemas delicados\u201d, lo que provoc\u00f3 la molestia de los reporteros que cubren la fuente de Presidencia.<\/p>\n<p>Afuera, los maestros de la CNTE indicaron que solicitar\u00edan al jefe del Ejecutivo la reinstalaci\u00f3n de sus compa\u00f1eros en todas las entidades, pues acusaron que hay resistencias de algunas secretar\u00edas de Educaci\u00f3n locales para concretar este proceso, as\u00ed como para el pago de los salarios ca\u00eddos.<\/p>\n<p>La CNTE \u201cha encontrado dificultades de algunos secretarios de Educaci\u00f3n para la reinstalaci\u00f3n de los compa\u00f1eros, al igual que en el pago en su totalidad de los salarios ca\u00eddos\u201d, dijeron los representantes, entre quienes se encontraba el l\u00edder de la Secci\u00f3n Nueve, Enrique Enr\u00edquez.<\/p>\n<p>Los maestros entregaron a L\u00f3pez Obrador un memor\u00e1ndum en el que se solicita la reinstalaci\u00f3n, pues algunas dependencias locales quieren llevar el proceso de manera unilateral o el Sindicato Nacional de Trabajadores de la Educaci\u00f3n (SNTE) ha querido adjudicarse este logro.<\/p>\n<p>Indica que algunos estados en los que han encontrado resistencia son Nuevo Le\u00f3n, Quintana Roo, Campeche, entre otros, donde la SNTE busca \u201ccon promesas falsas\u201d reinstalar a los compa\u00f1eros \u201ccuando ellos fueron los principales promotores de la nefasta reforma educativa\u201d.<\/p>\n<p>Por la tarde, L\u00f3pez Obrador afirm\u00f3 que en la reuni\u00f3n que sostuvo con empresarios de Nuevo Le\u00f3n pactaron trabajar juntos por el bien de los ciudadanos.<\/p>\n<p>A trav\u00e9s de su cuenta de Twitter, el mandatario se\u00f1al\u00f3 que el encuentro con el grupo de industriales encabezados por el presidente de la Caintra, Adri\u00e1n Sada en Palacio Nacional fue cordial.<\/p>\n<p>\u201cNos reunimos con un grupo de empresarios de Nuevo Le\u00f3n encabezados por Adri\u00e1n Sada Cueva, presidente de la CAINTRA. El encuentro fue cordial y acordamos trabajar juntos por el bien de ese laborioso pueblo y del pa\u00eds\u201d, se lee en el tuit.<\/p>\n","protected":false},"excerpt":{"rendered":"<p>El presidente Andr\u00e9s Manuel L\u00f3pez Obrador recibi\u00f3 ayer por separado en Palacio Nacional a integrantes de la Coordinadora Nacional de Trabajadores de la Educaci\u00f3n (CNTE) y a un grupo de empresarios de Nuevo Le\u00f3n.<\/p>\n","protected":false},"author":3,"featured_media":435021,"comment_status":"open","ping_status":"open","sticky":false,"template":"","format":"standard","meta":{"_monsterinsights_skip_tracking":false,"_monsterinsights_sitenote_active":false,"_monsterinsights_sitenote_note":"","_monsterinsights_sitenote_category":0,"footnotes":""},"categories":[8],"tags":[10071,43678,2574,22371],"class_list":["post-434946","post","type-post","status-publish","format-standard","has-post-thumbnail","hentry","category-finanzas","tag-empresarios","tag-finanzas","tag-maestros","tag-reunion"],"_links":{"self":[{"href":"https:\/\/www.diarioimagen.net\/index.php?rest_route=\/wp\/v2\/posts\/434946","targetHints":{"allow":["GET"]}}],"collection":[{"href":"https:\/\/www.diarioimagen.net\/index.php?rest_route=\/wp\/v2\/posts"}],"about":[{"href":"https:\/\/www.diarioimagen.net\/index.php?rest_route=\/wp\/v2\/types\/post"}],"author":[{"embeddable":true,"href":"https:\/\/www.diarioimagen.net\/index.php?rest_route=\/wp\/v2\/users\/3"}],"replies":[{"embeddable":true,"href":"https:\/\/www.diarioimagen.net\/index.php?rest_route=%2Fwp%2Fv2%2Fcomments&post=434946"}],"version-history":[{"count":0,"href":"https:\/\/www.diarioimagen.net\/index.php?rest_route=\/wp\/v2\/posts\/434946\/revisions"}],"wp:featuredmedia":[{"embeddable":true,"href":"https:\/\/www.diarioimagen.net\/index.php?rest_route=\/wp\/v2\/media\/435021"}],"wp:attachment":[{"href":"https:\/\/www.diarioimagen.net\/index.php?rest_route=%2Fwp%2Fv2%2Fmedia&parent=434946"}],"wp:term":[{"taxonomy":"category","embeddable":true,"href":"https:\/\/www.diarioimagen.net\/index.php?rest_route=%2Fwp%2Fv2%2Fcategories&post=434946"},{"taxonomy":"post_tag","embeddable":true,"href":"https:\/\/www.diarioimagen.net\/index.php?rest_route=%2Fwp%2Fv2%2Ftags&post=434946"}],"curies":[{"name":"wp","href":"https:\/\/api.w.org\/{rel}","templated":true}]}}