{"id":434950,"date":"2019-07-11T00:09:37","date_gmt":"2019-07-11T05:09:37","guid":{"rendered":"https:\/\/www.diarioimagen.net\/?p=434950"},"modified":"2019-07-11T08:22:09","modified_gmt":"2019-07-11T13:22:09","slug":"convocan-bomberos-de-tultepec-al-curso-de-verano-flamitas-kids","status":"publish","type":"post","link":"https:\/\/www.diarioimagen.net\/?p=434950","title":{"rendered":"Convocan bomberos de Tultepec al curso de verano \u201cFlamitas Kids\u201d"},"content":{"rendered":"<ul>\n<li><strong><em>Dos semanas de actividades diversas<\/em><\/strong><\/li>\n<\/ul>\n<p>&nbsp;<\/p>\n<div id=\"attachment_435050\" style=\"width: 470px\" class=\"wp-caption aligncenter\"><a href=\"https:\/\/www.diarioimagen.net\/?attachment_id=435050\" rel=\"attachment wp-att-435050\"><img loading=\"lazy\" decoding=\"async\" aria-describedby=\"caption-attachment-435050\" class=\"size-large wp-image-435050\" src=\"https:\/\/www.diarioimagen.net\/wp-content\/uploads\/2019\/07\/TULTEPEC-11-460x259.jpg\" alt=\"\" width=\"460\" height=\"259\" srcset=\"https:\/\/www.diarioimagen.net\/wp-content\/uploads\/2019\/07\/TULTEPEC-11-460x259.jpg 460w, https:\/\/www.diarioimagen.net\/wp-content\/uploads\/2019\/07\/TULTEPEC-11-240x135.jpg 240w, https:\/\/www.diarioimagen.net\/wp-content\/uploads\/2019\/07\/TULTEPEC-11-235x132.jpg 235w, https:\/\/www.diarioimagen.net\/wp-content\/uploads\/2019\/07\/TULTEPEC-11-202x114.jpg 202w, https:\/\/www.diarioimagen.net\/wp-content\/uploads\/2019\/07\/TULTEPEC-11-350x196.jpg 350w, https:\/\/www.diarioimagen.net\/wp-content\/uploads\/2019\/07\/TULTEPEC-11-220x123.jpg 220w, https:\/\/www.diarioimagen.net\/wp-content\/uploads\/2019\/07\/TULTEPEC-11-237x132.jpg 237w, https:\/\/www.diarioimagen.net\/wp-content\/uploads\/2019\/07\/TULTEPEC-11.jpg 480w\" sizes=\"auto, (max-width: 460px) 100vw, 460px\" \/><\/a><p id=\"caption-attachment-435050\" class=\"wp-caption-text\">Los responsables del curso anunciaron que durante dos semanas se llevar\u00e1n actividades diversas, donde los menores aprender\u00e1n a prevenir accidentes y reducir riesgos.<\/p><\/div>\n<p>&nbsp;<\/p>\n<p><strong>Tultepec, Estado de M\u00e9xico<\/strong>.- La Direcci\u00f3n General de Protecci\u00f3n Civil y Bomberos de Tultepec, llevar\u00e1n a cabo el curso de verano Flamitas Kids, durante dos semanas, dirigido a menores de entre 7 y 12 a\u00f1os, mismo que se impartir\u00e1 en las instalaciones centrales de la dependencia del 17 de julio al 2 de agosto de las 10:00 a las 13:00 horas.<\/p>\n<p>De acuerdo con Francisco Javier Arias Jaimes y V\u00edctor Carrillo Villanueva, responsables del curso, durante dos semanas se llevar\u00e1n actividades diversas, donde los menores aprender\u00e1n a prevenir accidentes, reducir riesgos en sus actividades diarias en la escuela y en el hogar, as\u00ed como a reaccionar de forma adecuada ante cualquier emergencia.<\/p>\n<p>Coincidieron en asegurar que \u201cprevenir no es cosa de juego, pero jugando se puede aprender y mucho, de manera que durante esos d\u00edas los peque\u00f1os que participen en el curso aprender\u00e1n lo que es protecci\u00f3n civil, primeros auxilios como primer respondiente, rescate y los primeros pasos en la prevenci\u00f3n de incendios con lecciones te\u00f3ricas y pr\u00e1cticas\u201d.<\/p>\n<p>Puntualizaron que a trav\u00e9s de un campamento que se realizar\u00e1 dentro de las instalaciones de la Direcci\u00f3n de Protecci\u00f3n Civil y Bomberos la noche del jueves 1 de agosto, as\u00ed como durante todo el curso, se priorizar\u00e1 el trabajo en equipo en cada una de las actividades a realizar.<\/p>\n<p>Finalmente, se inform\u00f3 que, durante la clausura del curso, el viernes 2 de agosto, se realizar\u00e1 un simulacro en el que los padres de familia podr\u00e1n observar en acci\u00f3n a sus hijos, quienes pondr\u00e1n en pr\u00e1ctica todo lo aprendido.<\/p>\n<p>Los interesados deber\u00e1n presentar una carta responsiva del padre o tutor, copia del CURP, certificado m\u00e9dico original, copia de boleta de calificaciones de la escuela e ir vestidos con playera roja, pantal\u00f3n de mezclilla y tenis, as\u00ed como aditamentos necesarios para el campamento, como casa de campa\u00f1a, cobijas, colchoneta, l\u00e1mpara y ropa abrigadora, entre otros.<\/p>\n<p>Para mayores informes, ponerse en contacto con Francisco Javier Arias Jaimes y\/o V\u00edctor Carrillo Villanueva, llamando al 58 92 57 60 o 61, o acudir a las instalaciones ubicadas en la Avenida Estado de M\u00e9xico s\/n, colonia El Quemado, Tultepec Estado de M\u00e9xico.<\/p>\n","protected":false},"excerpt":{"rendered":"<p>La Direcci\u00f3n General de Protecci\u00f3n Civil y Bomberos de Tultepec, llevar\u00e1n a cabo el curso de verano Flamitas Kids, durante dos semanas, dirigido a menores de entre 7 y 12 a\u00f1os, mismo que se impartir\u00e1 en las instalaciones centrales de la dependencia del 17 de julio al 2 de agosto de las 10:00 a las 13:00 horas.<\/p>\n","protected":false},"author":3,"featured_media":435050,"comment_status":"open","ping_status":"open","sticky":false,"template":"","format":"standard","meta":{"_monsterinsights_skip_tracking":false,"_monsterinsights_sitenote_active":false,"_monsterinsights_sitenote_note":"","_monsterinsights_sitenote_category":0,"footnotes":""},"categories":[5],"tags":[43675,86725,3802],"class_list":["post-434950","post","type-post","status-publish","format-standard","has-post-thumbnail","hentry","category-estado-de-mexico","tag-estado-de-mexico","tag-flamitas-kids","tag-tultepec"],"_links":{"self":[{"href":"https:\/\/www.diarioimagen.net\/index.php?rest_route=\/wp\/v2\/posts\/434950","targetHints":{"allow":["GET"]}}],"collection":[{"href":"https:\/\/www.diarioimagen.net\/index.php?rest_route=\/wp\/v2\/posts"}],"about":[{"href":"https:\/\/www.diarioimagen.net\/index.php?rest_route=\/wp\/v2\/types\/post"}],"author":[{"embeddable":true,"href":"https:\/\/www.diarioimagen.net\/index.php?rest_route=\/wp\/v2\/users\/3"}],"replies":[{"embeddable":true,"href":"https:\/\/www.diarioimagen.net\/index.php?rest_route=%2Fwp%2Fv2%2Fcomments&post=434950"}],"version-history":[{"count":0,"href":"https:\/\/www.diarioimagen.net\/index.php?rest_route=\/wp\/v2\/posts\/434950\/revisions"}],"wp:featuredmedia":[{"embeddable":true,"href":"https:\/\/www.diarioimagen.net\/index.php?rest_route=\/wp\/v2\/media\/435050"}],"wp:attachment":[{"href":"https:\/\/www.diarioimagen.net\/index.php?rest_route=%2Fwp%2Fv2%2Fmedia&parent=434950"}],"wp:term":[{"taxonomy":"category","embeddable":true,"href":"https:\/\/www.diarioimagen.net\/index.php?rest_route=%2Fwp%2Fv2%2Fcategories&post=434950"},{"taxonomy":"post_tag","embeddable":true,"href":"https:\/\/www.diarioimagen.net\/index.php?rest_route=%2Fwp%2Fv2%2Ftags&post=434950"}],"curies":[{"name":"wp","href":"https:\/\/api.w.org\/{rel}","templated":true}]}}