{"id":434952,"date":"2019-07-11T00:08:09","date_gmt":"2019-07-11T05:08:09","guid":{"rendered":"https:\/\/www.diarioimagen.net\/?p=434952"},"modified":"2019-07-11T08:02:56","modified_gmt":"2019-07-11T13:02:56","slug":"academica-de-uaem-ayuda-a-combatir-consecuencia-de-tratamiento-oncologico","status":"publish","type":"post","link":"https:\/\/www.diarioimagen.net\/?p=434952","title":{"rendered":"Acad\u00e9mica de UAEM ayuda a combatir consecuencia de tratamiento oncol\u00f3gico"},"content":{"rendered":"<ul>\n<li><strong><em>Promueve la capacitaci\u00f3n de los m\u00e9dicos<\/em><\/strong><\/li>\n<\/ul>\n<p>&nbsp;<\/p>\n<div id=\"attachment_435024\" style=\"width: 311px\" class=\"wp-caption alignleft\"><a href=\"https:\/\/www.diarioimagen.net\/?attachment_id=435024\" rel=\"attachment wp-att-435024\"><img loading=\"lazy\" decoding=\"async\" aria-describedby=\"caption-attachment-435024\" class=\" wp-image-435024\" src=\"https:\/\/www.diarioimagen.net\/wp-content\/uploads\/2019\/07\/UAEM-11-inner-336x460.jpg\" alt=\"\" width=\"301\" height=\"412\" srcset=\"https:\/\/www.diarioimagen.net\/wp-content\/uploads\/2019\/07\/UAEM-11-inner-336x460.jpg 336w, https:\/\/www.diarioimagen.net\/wp-content\/uploads\/2019\/07\/UAEM-11-inner-175x240.jpg 175w, https:\/\/www.diarioimagen.net\/wp-content\/uploads\/2019\/07\/UAEM-11-inner.jpg 511w\" sizes=\"auto, (max-width: 301px) 100vw, 301px\" \/><\/a><p id=\"caption-attachment-435024\" class=\"wp-caption-text\">La acad\u00e9mica de la UAEM, Roc\u00edo Guadalupe Garc\u00eda Pozos, promueve la capacitaci\u00f3n de los m\u00e9dicos onc\u00f3logos con respecto a la generaci\u00f3n de terapias f\u00edsicas y ocupacionales.<\/p><\/div>\n<p><strong>Toluca, Estado de M\u00e9xico<\/strong>.- Roc\u00edo Guadalupe Garc\u00eda Pozos, acad\u00e9mica de la Facultad de Medicina de la Universidad Aut\u00f3noma del Estado de M\u00e9xico, promueve la capacitaci\u00f3n de los m\u00e9dicos onc\u00f3logos con respecto a la generaci\u00f3n de terapias f\u00edsicas y ocupacionales que eviten secuelas como el linfedema, condici\u00f3n que conlleva la hinchaz\u00f3n en brazos y piernas.<\/p>\n<p>Garc\u00eda Pozos es integrante y terapeuta certificada de la Asociaci\u00f3n Linf\u00e1tica de M\u00e9xico, asociaci\u00f3n civil, encargada de evitar el linfedema en pacientes que experimentaron un tratamiento oncol\u00f3gico, con la finalidad de que se reintegren con normalidad a su vida cotidiana y laboral.<\/p>\n<p>La egresada y profesora de la Licenciatura en Terapia Ocupacional de la UAEM destac\u00f3 el trabajo que realiza con pacientes sobrevivientes del c\u00e1ncer de mama. \u201cTras la extracci\u00f3n de alguna de las gl\u00e1ndulas mamarias es importante generar un tratamiento preventivo, con la finalidad de detener la acumulaci\u00f3n de c\u00e9lulas que generan fibrosis, la cual ocasiona endurecimiento de la piel y repercute en el movimiento de los brazos\u201d.<\/p>\n<p>La especialista en terapia ocupacional oncol\u00f3gica, indic\u00f3 que, por ejemplo, tras la radioterapia por c\u00e1ncer en boca y cuello, los pacientes pueden perder la movilidad de la mand\u00edbula, lo que les impide hablar y deglutir alimentos.<\/p>\n<p>Roc\u00edo Guadalupe Garc\u00eda Pozos subray\u00f3 que la terapia oncol\u00f3gica a partir de una perspectiva ocupacional se enfoca en la recuperaci\u00f3n fisiol\u00f3gica, psicol\u00f3gica y social del paciente, en que recobre sus funciones f\u00edsicas, adquiera seguridad an\u00edmica y se integre a sus actividades, especialmente en el \u00e1mbito laboral.<\/p>\n","protected":false},"excerpt":{"rendered":"<p>Roc\u00edo Guadalupe Garc\u00eda Pozos, acad\u00e9mica de la Facultad de Medicina de la Universidad Aut\u00f3noma del Estado de M\u00e9xico, promueve la capacitaci\u00f3n de los m\u00e9dicos onc\u00f3logos con respecto a la generaci\u00f3n de terapias f\u00edsicas y ocupacionales que eviten secuelas como el linfedema, condici\u00f3n que conlleva la hinchaz\u00f3n en brazos y piernas.\u00a0\u00a0<\/p>\n","protected":false},"author":3,"featured_media":435025,"comment_status":"open","ping_status":"open","sticky":false,"template":"","format":"standard","meta":{"_monsterinsights_skip_tracking":false,"_monsterinsights_sitenote_active":false,"_monsterinsights_sitenote_note":"","_monsterinsights_sitenote_category":0,"footnotes":""},"categories":[5],"tags":[43675,452,1491],"class_list":["post-434952","post","type-post","status-publish","format-standard","has-post-thumbnail","hentry","category-estado-de-mexico","tag-estado-de-mexico","tag-toluca","tag-uaem"],"_links":{"self":[{"href":"https:\/\/www.diarioimagen.net\/index.php?rest_route=\/wp\/v2\/posts\/434952","targetHints":{"allow":["GET"]}}],"collection":[{"href":"https:\/\/www.diarioimagen.net\/index.php?rest_route=\/wp\/v2\/posts"}],"about":[{"href":"https:\/\/www.diarioimagen.net\/index.php?rest_route=\/wp\/v2\/types\/post"}],"author":[{"embeddable":true,"href":"https:\/\/www.diarioimagen.net\/index.php?rest_route=\/wp\/v2\/users\/3"}],"replies":[{"embeddable":true,"href":"https:\/\/www.diarioimagen.net\/index.php?rest_route=%2Fwp%2Fv2%2Fcomments&post=434952"}],"version-history":[{"count":0,"href":"https:\/\/www.diarioimagen.net\/index.php?rest_route=\/wp\/v2\/posts\/434952\/revisions"}],"wp:featuredmedia":[{"embeddable":true,"href":"https:\/\/www.diarioimagen.net\/index.php?rest_route=\/wp\/v2\/media\/435025"}],"wp:attachment":[{"href":"https:\/\/www.diarioimagen.net\/index.php?rest_route=%2Fwp%2Fv2%2Fmedia&parent=434952"}],"wp:term":[{"taxonomy":"category","embeddable":true,"href":"https:\/\/www.diarioimagen.net\/index.php?rest_route=%2Fwp%2Fv2%2Fcategories&post=434952"},{"taxonomy":"post_tag","embeddable":true,"href":"https:\/\/www.diarioimagen.net\/index.php?rest_route=%2Fwp%2Fv2%2Ftags&post=434952"}],"curies":[{"name":"wp","href":"https:\/\/api.w.org\/{rel}","templated":true}]}}