{"id":434954,"date":"2019-07-11T00:07:09","date_gmt":"2019-07-11T05:07:09","guid":{"rendered":"https:\/\/www.diarioimagen.net\/?p=434954"},"modified":"2019-07-11T08:03:54","modified_gmt":"2019-07-11T13:03:54","slug":"educacion-la-mejor-herramienta-de-la-juventud-david-parra-sanchez","status":"publish","type":"post","link":"https:\/\/www.diarioimagen.net\/?p=434954","title":{"rendered":"Educaci\u00f3n, la mejor herramienta de la juventud: David Parra S\u00e1nchez"},"content":{"rendered":"<ul>\n<li><strong><em>Lucha contra la deserci\u00f3n educativa<\/em><\/strong><\/li>\n<\/ul>\n<p>&nbsp;<\/p>\n<div id=\"attachment_435028\" style=\"width: 470px\" class=\"wp-caption aligncenter\"><a href=\"https:\/\/www.diarioimagen.net\/?attachment_id=435028\" rel=\"attachment wp-att-435028\"><img loading=\"lazy\" decoding=\"async\" aria-describedby=\"caption-attachment-435028\" class=\"size-large wp-image-435028\" src=\"https:\/\/www.diarioimagen.net\/wp-content\/uploads\/2019\/07\/NAUCALPAN-11-460x259.jpg\" alt=\"\" width=\"460\" height=\"259\" srcset=\"https:\/\/www.diarioimagen.net\/wp-content\/uploads\/2019\/07\/NAUCALPAN-11-460x259.jpg 460w, https:\/\/www.diarioimagen.net\/wp-content\/uploads\/2019\/07\/NAUCALPAN-11-240x135.jpg 240w, https:\/\/www.diarioimagen.net\/wp-content\/uploads\/2019\/07\/NAUCALPAN-11-235x132.jpg 235w, https:\/\/www.diarioimagen.net\/wp-content\/uploads\/2019\/07\/NAUCALPAN-11-202x114.jpg 202w, https:\/\/www.diarioimagen.net\/wp-content\/uploads\/2019\/07\/NAUCALPAN-11-350x196.jpg 350w, https:\/\/www.diarioimagen.net\/wp-content\/uploads\/2019\/07\/NAUCALPAN-11-220x123.jpg 220w, https:\/\/www.diarioimagen.net\/wp-content\/uploads\/2019\/07\/NAUCALPAN-11-237x132.jpg 237w, https:\/\/www.diarioimagen.net\/wp-content\/uploads\/2019\/07\/NAUCALPAN-11.jpg 480w\" sizes=\"auto, (max-width: 460px) 100vw, 460px\" \/><\/a><p id=\"caption-attachment-435028\" class=\"wp-caption-text\">David Parra S\u00e1nchez asisti\u00f3 como invitado especial al cierre del ciclo escolar de Escuelas Secundarias T\u00e9cnicas generaci\u00f3n\u00a02016-2019.<\/p><\/div>\n<p>&nbsp;<\/p>\n<p><strong>Naucalpan, Estado de M\u00e9xico<\/strong>.- La educaci\u00f3n es la mejor herramienta para el desarrollo integral de nuestra ni\u00f1ez y juventud, es por ello necesario que los tres \u00f3rdenes de gobierno deben enfocar sus estrategias para que nadie en Naucalpan, el Estado de M\u00e9xico o el pa\u00eds, se quede sin estudiar.<\/p>\n<p>Nuestras futuras generaciones exigen y demandan el apoyo necesario para cumplir con su educaci\u00f3n profesional y a esa demanda nos sumamos.<\/p>\n<p>Asegur\u00f3 en entrevista, el l\u00edder social, David Parra S\u00e1nchez, al asistir como invitado especial al cierre del ciclo escolar de Escuelas Secundarias T\u00e9cnicas generaci\u00f3n 2016-2019, de las cuales en una veintena fue su padrino.<\/p>\n<p>El tambi\u00e9n asesor de la Confepider, destac\u00f3 que \u201ces necesario y urgente acabar con la deserci\u00f3n educativa por falta de recursos econ\u00f3micos. Hoy debemos estar conscientes de que el futuro de nuestro pa\u00eds est\u00e1 precisamente en nuestra ni\u00f1ez y juventud a quienes hay que apoyar y respaldar con estrategias claras para su educaci\u00f3n\u201d, dijo.<\/p>\n<p>El evento fue desarrollado en el \u201cForo Felipe Villanueva\u201d del Parque Naucalli, en donde miles de estudiantes se graduaron.<\/p>\n<p>Parra S\u00e1nchez, los exhort\u00f3 a seguir por el camino correcto y entregar lo mejor de s\u00ed, pues , insisti\u00f3 en destacar que \u201cla educaci\u00f3n es la mejor herramienta con la que cuenta el ser humano para sobresalir en todos los \u00e1mbitos\u201d.<\/p>\n<p>El tambi\u00e9n asesor general del Sindicato \u00danico de Trabajadores del Estado y sus Municipios (SUTEyM) fue claro al se\u00f1alar que \u201chay que reconocer que existe una pobre infraestructura por parte del gobierno federal por el recorte presupuestal al sector educativo y dicho recorte es un error grave, pues con ello se pone de manifiesto que los servicios que brinda a los sectores m\u00e1s desprotegidos como mujeres, ni\u00f1os y discapacitados, es escasa e insuficiente y esto no puede ni debe ser posible\u201d.<\/p>\n","protected":false},"excerpt":{"rendered":"<p>La educaci\u00f3n es la mejor herramienta para el desarrollo integral de nuestra ni\u00f1ez y juventud, es por ello necesario que los tres \u00f3rdenes de gobierno deben enfocar sus estrategias para que nadie en Naucalpan, el Estado de M\u00e9xico o el pa\u00eds, se quede sin estudiar.<\/p>\n","protected":false},"author":3,"featured_media":435028,"comment_status":"open","ping_status":"open","sticky":false,"template":"","format":"standard","meta":{"_monsterinsights_skip_tracking":false,"_monsterinsights_sitenote_active":false,"_monsterinsights_sitenote_note":"","_monsterinsights_sitenote_category":0,"footnotes":""},"categories":[5],"tags":[29035,43675,1403,970],"class_list":["post-434954","post","type-post","status-publish","format-standard","has-post-thumbnail","hentry","category-estado-de-mexico","tag-david-parra-sanchez","tag-estado-de-mexico","tag-juventud","tag-naucalpan"],"_links":{"self":[{"href":"https:\/\/www.diarioimagen.net\/index.php?rest_route=\/wp\/v2\/posts\/434954","targetHints":{"allow":["GET"]}}],"collection":[{"href":"https:\/\/www.diarioimagen.net\/index.php?rest_route=\/wp\/v2\/posts"}],"about":[{"href":"https:\/\/www.diarioimagen.net\/index.php?rest_route=\/wp\/v2\/types\/post"}],"author":[{"embeddable":true,"href":"https:\/\/www.diarioimagen.net\/index.php?rest_route=\/wp\/v2\/users\/3"}],"replies":[{"embeddable":true,"href":"https:\/\/www.diarioimagen.net\/index.php?rest_route=%2Fwp%2Fv2%2Fcomments&post=434954"}],"version-history":[{"count":0,"href":"https:\/\/www.diarioimagen.net\/index.php?rest_route=\/wp\/v2\/posts\/434954\/revisions"}],"wp:featuredmedia":[{"embeddable":true,"href":"https:\/\/www.diarioimagen.net\/index.php?rest_route=\/wp\/v2\/media\/435028"}],"wp:attachment":[{"href":"https:\/\/www.diarioimagen.net\/index.php?rest_route=%2Fwp%2Fv2%2Fmedia&parent=434954"}],"wp:term":[{"taxonomy":"category","embeddable":true,"href":"https:\/\/www.diarioimagen.net\/index.php?rest_route=%2Fwp%2Fv2%2Fcategories&post=434954"},{"taxonomy":"post_tag","embeddable":true,"href":"https:\/\/www.diarioimagen.net\/index.php?rest_route=%2Fwp%2Fv2%2Ftags&post=434954"}],"curies":[{"name":"wp","href":"https:\/\/api.w.org\/{rel}","templated":true}]}}