{"id":435067,"date":"2019-07-12T00:10:37","date_gmt":"2019-07-12T05:10:37","guid":{"rendered":"https:\/\/www.diarioimagen.net\/?p=435067"},"modified":"2019-07-12T00:35:13","modified_gmt":"2019-07-12T05:35:13","slug":"se-fomento-inseguridad-y-violencia-por-abandono-del-campo-amlo","status":"publish","type":"post","link":"https:\/\/www.diarioimagen.net\/?p=435067","title":{"rendered":"Inseguridad y violencia por abandono del campo: AMLO"},"content":{"rendered":"<ul>\n<li><em><strong>Reitera que la pol\u00edtica neoliberal fue \u201cun rotundo fracaso\u201d<\/strong><\/em><\/li>\n<\/ul>\n<p>&nbsp;<\/p>\n<div id=\"attachment_435068\" style=\"width: 470px\" class=\"wp-caption aligncenter\"><img loading=\"lazy\" decoding=\"async\" aria-describedby=\"caption-attachment-435068\" class=\"size-large wp-image-435068\" src=\"https:\/\/www.diarioimagen.net\/wp-content\/uploads\/2019\/07\/AMLO12-PORTAL-460x268.jpg\" alt=\"\" width=\"460\" height=\"268\" srcset=\"https:\/\/www.diarioimagen.net\/wp-content\/uploads\/2019\/07\/AMLO12-PORTAL-460x268.jpg 460w, https:\/\/www.diarioimagen.net\/wp-content\/uploads\/2019\/07\/AMLO12-PORTAL-240x140.jpg 240w, https:\/\/www.diarioimagen.net\/wp-content\/uploads\/2019\/07\/AMLO12-PORTAL.jpg 480w\" sizes=\"auto, (max-width: 460px) 100vw, 460px\" \/><p id=\"caption-attachment-435068\" class=\"wp-caption-text\">Andr\u00e9s Manuel L\u00f3pez Obrador refrend\u00f3 su postura sobre la pol\u00edtica neoliberal, en el sentido de que fue \u201cun rotundo fracaso porque empobreci\u00f3 m\u00e1s a la gente.<\/p><\/div>\n<p>&nbsp;<\/p>\n<p>El abandono del campo contribuy\u00f3 al aumento de la inseguridad y la violencia en M\u00e9xico, afirm\u00f3 el presidente Andr\u00e9s Manuel L\u00f3pez Obrador al se\u00f1alar que en los gobiernos anteriores se sataniz\u00f3 el subsidio y dej\u00f3 de apoyarse a los productores campesinos.<\/p>\n<p>En su conferencia de prensa en Palacio Nacional, refrend\u00f3 su postura sobre la pol\u00edtica neoliberal, en el sentido de que fue \u201cun rotundo fracaso, no hay puntos buenos, no se puede defender, porque empobreci\u00f3 a la gente y gener\u00f3 inseguridad y violencia\u201d.<\/p>\n<p>Al preguntarle sobre los llamados \u201cprogramas paternalistas\u201d, indic\u00f3 que son sofismas (falsedades) de los corruptos que antes calificaban as\u00ed a los pocos recursos econ\u00f3micos que se daban a la gente m\u00e1s pobre.Por ello L\u00f3pez Obrador expres\u00f3 que \u201csi apoyar a los campesinos, j\u00f3venes, es populista, que me apunten en la lista, no tengo problema de conciencia por eso\u201d.<\/p>\n<p>El mandatario federal critic\u00f3 que solo se cuestione el apoyo a los pobres, pero no el \u201cfomento\u201d a los ricos, y calific\u00f3 como hipocres\u00eda que en M\u00e9xico no se dieran apoyos, subsidios, cuando otros pa\u00edses s\u00ed lo hac\u00edan.<\/p>\n<p>Por ello, este jueves dio a conocer el programa de desarrollo para mejorar las condiciones econ\u00f3micas y sociales de las personas que viven en el campo mexicano. Sentadas las bases de nueva pol\u00edtica para el campo, dice<\/p>\n<p>El presidente Andr\u00e9s Manuel L\u00f3pez Obrador afirm\u00f3 que se han sentado las bases de la nueva pol\u00edtica para el sector agropecuario, donde hay programas estrat\u00e9gicos de apoyo al campo con un mayor alcance, \u201cla idea es pocos programas, pero mejores, que le lleguen a m\u00e1s gente\u201d.<\/p>\n<p>Al se\u00f1alar que \u201ces justicia que coman los que nos dan de comer\u201d, el mandatario federal indic\u00f3 que la intenci\u00f3n es apoyar a dos millones de campesinos y por eso con los programas se busca \u201ccompactar, no dispersar, no tener muchos programas sin el alcance suficiente\u201d.<\/p>\n<p>En conferencia de prensa matutina, L\u00f3pez Obrador destac\u00f3 que a la fecha se han ejercido 70 por ciento de los apoyos para campesinos y que ahora esos recursos llegan de manera directa a quienes los necesitan, sin intermediarios, incluidos productores de caf\u00e9 y ca\u00f1a.<\/p>\n<p>\u201cEsta es una base para apoyar a productores del campo, sea para el autoconsumo o para la producci\u00f3n de mercado, con el fin de lograr la autosuficiencia alimentaria. Estamos empezando, en la medida que haya m\u00e1s recursos se ir\u00e1 ampliando el n\u00famero de productores para apoyar\u201d, resalt\u00f3.<\/p>\n<p>El mandatario record\u00f3 que durante sexenios se abandon\u00f3 al campo, lo que foment\u00f3 la migraci\u00f3n y, en buena medida, produjo el incremento en la inseguridad y la violencia.<\/p>\n<p>Critic\u00f3 que lo poco que se destinaba a los pobres \u201cse etiquetaba como populismo\u201d, cuando \u201cno era populismo ni paternalismo rescatar a los banqueros, o convertir las deudas privadas de unos cuantos en deuda p\u00fablica; eso era fomento o rescate\u201d.<\/p>\n<p>\u201cEntonces, si apoyar a los pobres, si apoyar a los j\u00f3venes, si apoyar a los campesinos, si apoyar a los pescadores es ser populista, que me apunten en la lista. No tengo problema de conciencia por eso\u201d, expres\u00f3.<\/p>\n<p>Asegur\u00f3 que por ello \u201cya est\u00e1 llegando\u201d el apoyo a los productores, dado que se depur\u00f3 el padr\u00f3n que exist\u00eda. De tal suerte que se depositaron los recursos en sus cuentas, v\u00eda la Tesorer\u00eda de la Federaci\u00f3n.<\/p>\n<p>\u201cNo hay motivo para que no les llegue el apoyo, porque va personalizado\u201d, dijo el mandatario federal, quien aclar\u00f3 que solicitar\u00e1 a la Tesorer\u00eda que se publique la lista de un mill\u00f3n 433 beneficiarios que ya han recibido esa ayuda.<\/p>\n<p>A pregunta expresa, indic\u00f3 que se pretende reducir la importaci\u00f3n de productos b\u00e1sicos hasta en 80 por ciento; \u201ces decir, que avancemos para que dependamos en un 20 por ciento y en algunos cultivos ser autosuficientes\u201d.<\/p>\n<p>Sin embargo, expuso que alcanzar la soberan\u00eda alimentaria depender\u00e1 del crecimiento econ\u00f3mico y de las finanzas p\u00fablicas, y para ello este a\u00f1o se est\u00e1n sentando las bases.<\/p>\n<p>El presidente L\u00f3pez Obrador sostuvo que M\u00e9xico puede incrementar la producci\u00f3n y autosuficiencia en el ma\u00edz, y se trabaja en las cuencas lecheras en el sureste del pa\u00eds para aumentar la producci\u00f3n en aquellas zonas donde hay agua, como en el sureste, donde se encuentran los r\u00edos Papaloapan, Grijalva y Usumacinta.<\/p>\n<p>Afirm\u00f3 que ello permitir\u00e1 desarrollar \u201cuna ganader\u00eda apropiada en el tr\u00f3pico, para aumentar la producci\u00f3n lechera y ser autosuficientes, no seguir comprando leche del extranjero\u201d.<\/p>\n<p>Enfatiz\u00f3 que la estrategia de su administraci\u00f3n es que el apoyo llegue a todos, pero comenzar\u00e1n con los m\u00e1s necesitados. \u201cNo es que no se vaya a apoyar al mediano, al productor grande de alimentos, se van a apoyar tambi\u00e9n, porque necesitamos ser autosuficientes\u201d, y tambi\u00e9n por ello se ir\u00e1n aumentando los precios de garant\u00eda.<\/p>\n<p>\u201cVamos a ir avanzando, porque al final de cuentas es mucho mejor producir los alimentos en M\u00e9xico que comprarlo y es mucho mejor apoyar al productor nacional, aunque sea el productor de 100, 200, 300 hect\u00e1reas\u201d, subray\u00f3.<\/p>\n","protected":false},"excerpt":{"rendered":"<p>El abandono del campo contribuy\u00f3 al aumento de la inseguridad y la violencia en M\u00e9xico, afirm\u00f3 el presidente Andr\u00e9s Manuel L\u00f3pez Obrador al se\u00f1alar que en los gobiernos anteriores se sataniz\u00f3 el subsidio y dej\u00f3 de apoyarse a los productores campesinos.<\/p>\n","protected":false},"author":5,"featured_media":435068,"comment_status":"open","ping_status":"open","sticky":false,"template":"","format":"standard","meta":{"_monsterinsights_skip_tracking":false,"_monsterinsights_sitenote_active":false,"_monsterinsights_sitenote_note":"","_monsterinsights_sitenote_category":0,"footnotes":""},"categories":[3],"tags":[83758,2545,1352,16006,86733,1803,43673,373,86732],"class_list":["post-435067","post","type-post","status-publish","format-standard","has-post-thumbnail","hentry","category-nacional","tag-abandono","tag-amlo","tag-andres-manuel-lopez-obrador","tag-campo","tag-fomento-inseguridad","tag-inseguridad","tag-nacional","tag-palacio-nacional","tag-violencia-por-abandono"],"_links":{"self":[{"href":"https:\/\/www.diarioimagen.net\/index.php?rest_route=\/wp\/v2\/posts\/435067","targetHints":{"allow":["GET"]}}],"collection":[{"href":"https:\/\/www.diarioimagen.net\/index.php?rest_route=\/wp\/v2\/posts"}],"about":[{"href":"https:\/\/www.diarioimagen.net\/index.php?rest_route=\/wp\/v2\/types\/post"}],"author":[{"embeddable":true,"href":"https:\/\/www.diarioimagen.net\/index.php?rest_route=\/wp\/v2\/users\/5"}],"replies":[{"embeddable":true,"href":"https:\/\/www.diarioimagen.net\/index.php?rest_route=%2Fwp%2Fv2%2Fcomments&post=435067"}],"version-history":[{"count":0,"href":"https:\/\/www.diarioimagen.net\/index.php?rest_route=\/wp\/v2\/posts\/435067\/revisions"}],"wp:featuredmedia":[{"embeddable":true,"href":"https:\/\/www.diarioimagen.net\/index.php?rest_route=\/wp\/v2\/media\/435068"}],"wp:attachment":[{"href":"https:\/\/www.diarioimagen.net\/index.php?rest_route=%2Fwp%2Fv2%2Fmedia&parent=435067"}],"wp:term":[{"taxonomy":"category","embeddable":true,"href":"https:\/\/www.diarioimagen.net\/index.php?rest_route=%2Fwp%2Fv2%2Fcategories&post=435067"},{"taxonomy":"post_tag","embeddable":true,"href":"https:\/\/www.diarioimagen.net\/index.php?rest_route=%2Fwp%2Fv2%2Ftags&post=435067"}],"curies":[{"name":"wp","href":"https:\/\/api.w.org\/{rel}","templated":true}]}}