{"id":435105,"date":"2019-07-12T00:09:01","date_gmt":"2019-07-12T05:09:01","guid":{"rendered":"https:\/\/www.diarioimagen.net\/?p=435105"},"modified":"2019-07-12T04:10:24","modified_gmt":"2019-07-12T09:10:24","slug":"uaem-participara-en-proyectos-de-la-agencia-espacial-mexicana","status":"publish","type":"post","link":"https:\/\/www.diarioimagen.net\/?p=435105","title":{"rendered":"UAEM participar\u00e1 en proyectos de la Agencia\u00a0Espacial Mexicana"},"content":{"rendered":"<ul>\n<li><strong><em>Estancias de investigaci\u00f3n y pr\u00e1cticas profesionales y servicio social<\/em><\/strong><\/li>\n<\/ul>\n<p>&nbsp;<\/p>\n<div id=\"attachment_435184\" style=\"width: 470px\" class=\"wp-caption aligncenter\"><a href=\"https:\/\/www.diarioimagen.net\/?attachment_id=435184\" rel=\"attachment wp-att-435184\"><img loading=\"lazy\" decoding=\"async\" aria-describedby=\"caption-attachment-435184\" class=\"size-large wp-image-435184\" src=\"https:\/\/www.diarioimagen.net\/wp-content\/uploads\/2019\/07\/uaem-460x259.jpg\" alt=\"\" width=\"460\" height=\"259\" srcset=\"https:\/\/www.diarioimagen.net\/wp-content\/uploads\/2019\/07\/uaem-460x259.jpg 460w, https:\/\/www.diarioimagen.net\/wp-content\/uploads\/2019\/07\/uaem-240x135.jpg 240w, https:\/\/www.diarioimagen.net\/wp-content\/uploads\/2019\/07\/uaem-235x132.jpg 235w, https:\/\/www.diarioimagen.net\/wp-content\/uploads\/2019\/07\/uaem-202x114.jpg 202w, https:\/\/www.diarioimagen.net\/wp-content\/uploads\/2019\/07\/uaem-350x196.jpg 350w, https:\/\/www.diarioimagen.net\/wp-content\/uploads\/2019\/07\/uaem-220x123.jpg 220w, https:\/\/www.diarioimagen.net\/wp-content\/uploads\/2019\/07\/uaem-237x132.jpg 237w, https:\/\/www.diarioimagen.net\/wp-content\/uploads\/2019\/07\/uaem.jpg 480w\" sizes=\"auto, (max-width: 460px) 100vw, 460px\" \/><\/a><p id=\"caption-attachment-435184\" class=\"wp-caption-text\">El coordinador de Difusi\u00f3n Cultural, Jos\u00e9 Agust\u00edn Portas Y\u00e1\u00f1ez, detall\u00f3 que expertos de la UAEM realizar\u00e1n estancias de investigaci\u00f3n y los alumnos pr\u00e1cticas profesionales en proyectos de la Agencia Espacial Mexicana en Edomex.<\/p><\/div>\n<p>&nbsp;<\/p>\n<p><strong>Toluca, Estado de M\u00e9xico<\/strong>.- Estudiantes y acad\u00e9micos de la Facultad de Ingenier\u00eda de la Universidad Aut\u00f3noma del Estado de M\u00e9xico participar\u00e1n en los proyectos que emprender\u00e1 el Centro de Investigaci\u00f3n y Desarrollo Espacial de M\u00e9xico de la Agencia Espacial Mexicana (AEM).<\/p>\n<p>El coordinador de Difusi\u00f3n Cultural de este espacio universitario, Jos\u00e9 Agust\u00edn Portas Y\u00e1\u00f1ez, detall\u00f3 que Ingenier\u00eda colaborar\u00e1 en los trabajos que antes de que concluya el a\u00f1o emprender\u00e1 dicho centro, donde expertos de la UAEM realizar\u00e1n estancias de investigaci\u00f3n y los alumnos pr\u00e1cticas profesionales y servicio social.<\/p>\n<p>Por lo pronto, adelant\u00f3, cuatro investigadores y siete estudiantes participaron en la Primera Jornada de Ciencia y Tecnolog\u00eda Espacial \u201cConstruyendo Juntos una Nueva Vocaci\u00f3n Productiva en el Estado de M\u00e9xico\u201d, en la que integrantes de la AEM detallaron las l\u00edneas de investigaci\u00f3n y tem\u00e1ticas sobre las que se trabajar\u00e1 en el Centro, localizado en el municipio de Atlacomulco.<\/p>\n<p>Portas Y\u00e1\u00f1ez precis\u00f3 que durante esta jornada, realizada en la C\u00e1mara de Diputados de la entidad, se detall\u00f3 que el Centro de Investigaci\u00f3n y Desarrollo Espacial de M\u00e9xico se inaugurar\u00e1 a finales de 2019.<\/p>\n<p>Abund\u00f3 que en una primera etapa, acad\u00e9micos y alumnos de Ingenier\u00eda en Computaci\u00f3n e Ingenier\u00eda en Electr\u00f3nica colaborar\u00e1n en los trabajos del Centro, aunque eventualmente, integrantes de todos los programas de licenciatura y posgrado que ofrece la Facultad de Ingenier\u00eda se involucrar\u00e1n con el trabajo de investigaci\u00f3n que se realizar\u00e1 en dicho espacio.<\/p>\n<p>\u201cEs sumamente gratificante que la Agencia Espacial Mexicana considere a la Aut\u00f3noma mexiquense para la innovaci\u00f3n y creaci\u00f3n de nuevas tecnolog\u00edas, para abonar al desarrollo de la investigaci\u00f3n espacial\u201d.<\/p>\n<p>Explic\u00f3 que el Centro de Investigaci\u00f3n y Desarrollo Espacial de M\u00e9xico lanzar\u00e1 un nanosat\u00e9lite, que, por ejemplo, permitir\u00e1 anticiparse a desastres naturales, desarrollar protocolos de evacuaci\u00f3n, detectar incendios forestales, as\u00ed como fortalecer el desarrollo de la agricultura y apoyar la productividad.<\/p>\n<p>El lanzamiento de dicho nanosat\u00e9lite, puntualiz\u00f3, se realizar\u00e1 en coordinaci\u00f3n con la Administraci\u00f3n Nacional de la Aeron\u00e1utica y del Espacio (NASA) de Estados Unidos, lo cual representar\u00e1 una gran experiencia para los universitarios.<\/p>\n<p>De esta manera, destac\u00f3 Jos\u00e9 Agust\u00edn Portas Y\u00e1\u00f1ez, la Universidad Aut\u00f3noma del Estado de M\u00e9xico contribuye al desarrollo de ciencia y tecnolog\u00eda en beneficio de la poblaci\u00f3n.<\/p>\n","protected":false},"excerpt":{"rendered":"<p>Estudiantes y acad\u00e9micos de la Facultad de Ingenier\u00eda de la Universidad Aut\u00f3noma del Estado de M\u00e9xico participar\u00e1n en los proyectos que emprender\u00e1 el Centro de Investigaci\u00f3n y Desarrollo Espacial de M\u00e9xico de la Agencia Espacial Mexicana (AEM).<\/p>\n","protected":false},"author":3,"featured_media":435184,"comment_status":"open","ping_status":"open","sticky":false,"template":"","format":"standard","meta":{"_monsterinsights_skip_tracking":false,"_monsterinsights_sitenote_active":false,"_monsterinsights_sitenote_note":"","_monsterinsights_sitenote_category":0,"footnotes":""},"categories":[5],"tags":[64187,86757,43675,452],"class_list":["post-435105","post","type-post","status-publish","format-standard","has-post-thumbnail","hentry","category-estado-de-mexico","tag-aem","tag-agencia-espacial-mexicana","tag-estado-de-mexico","tag-toluca"],"_links":{"self":[{"href":"https:\/\/www.diarioimagen.net\/index.php?rest_route=\/wp\/v2\/posts\/435105","targetHints":{"allow":["GET"]}}],"collection":[{"href":"https:\/\/www.diarioimagen.net\/index.php?rest_route=\/wp\/v2\/posts"}],"about":[{"href":"https:\/\/www.diarioimagen.net\/index.php?rest_route=\/wp\/v2\/types\/post"}],"author":[{"embeddable":true,"href":"https:\/\/www.diarioimagen.net\/index.php?rest_route=\/wp\/v2\/users\/3"}],"replies":[{"embeddable":true,"href":"https:\/\/www.diarioimagen.net\/index.php?rest_route=%2Fwp%2Fv2%2Fcomments&post=435105"}],"version-history":[{"count":0,"href":"https:\/\/www.diarioimagen.net\/index.php?rest_route=\/wp\/v2\/posts\/435105\/revisions"}],"wp:featuredmedia":[{"embeddable":true,"href":"https:\/\/www.diarioimagen.net\/index.php?rest_route=\/wp\/v2\/media\/435184"}],"wp:attachment":[{"href":"https:\/\/www.diarioimagen.net\/index.php?rest_route=%2Fwp%2Fv2%2Fmedia&parent=435105"}],"wp:term":[{"taxonomy":"category","embeddable":true,"href":"https:\/\/www.diarioimagen.net\/index.php?rest_route=%2Fwp%2Fv2%2Fcategories&post=435105"},{"taxonomy":"post_tag","embeddable":true,"href":"https:\/\/www.diarioimagen.net\/index.php?rest_route=%2Fwp%2Fv2%2Ftags&post=435105"}],"curies":[{"name":"wp","href":"https:\/\/api.w.org\/{rel}","templated":true}]}}