{"id":435132,"date":"2019-07-12T00:07:08","date_gmt":"2019-07-12T05:07:08","guid":{"rendered":"https:\/\/www.diarioimagen.net\/?p=435132"},"modified":"2019-07-12T04:32:30","modified_gmt":"2019-07-12T09:32:30","slug":"ofrece-cuautitlan-grandes-atractivos-culturales-este-verano","status":"publish","type":"post","link":"https:\/\/www.diarioimagen.net\/?p=435132","title":{"rendered":"Ofrece Cuautitl\u00e1n grandes atractivos culturales este verano\u00a0"},"content":{"rendered":"<p><a href=\"https:\/\/www.diarioimagen.net\/?attachment_id=435211\" rel=\"attachment wp-att-435211\"><img loading=\"lazy\" decoding=\"async\" class=\"aligncenter size-large wp-image-435211\" src=\"https:\/\/www.diarioimagen.net\/wp-content\/uploads\/2019\/07\/CUAUTITLAN-12-460x259.jpg\" alt=\"\" width=\"460\" height=\"259\" srcset=\"https:\/\/www.diarioimagen.net\/wp-content\/uploads\/2019\/07\/CUAUTITLAN-12-460x259.jpg 460w, https:\/\/www.diarioimagen.net\/wp-content\/uploads\/2019\/07\/CUAUTITLAN-12-240x135.jpg 240w, https:\/\/www.diarioimagen.net\/wp-content\/uploads\/2019\/07\/CUAUTITLAN-12-235x132.jpg 235w, https:\/\/www.diarioimagen.net\/wp-content\/uploads\/2019\/07\/CUAUTITLAN-12-202x114.jpg 202w, https:\/\/www.diarioimagen.net\/wp-content\/uploads\/2019\/07\/CUAUTITLAN-12-350x196.jpg 350w, https:\/\/www.diarioimagen.net\/wp-content\/uploads\/2019\/07\/CUAUTITLAN-12-220x123.jpg 220w, https:\/\/www.diarioimagen.net\/wp-content\/uploads\/2019\/07\/CUAUTITLAN-12-237x132.jpg 237w, https:\/\/www.diarioimagen.net\/wp-content\/uploads\/2019\/07\/CUAUTITLAN-12.jpg 480w\" sizes=\"auto, (max-width: 460px) 100vw, 460px\" \/><\/a><\/p>\n<p>&nbsp;<\/p>\n<p><strong>Cuautitl\u00e1n, Estado de M\u00e9xico<\/strong>.<strong>&#8211;<\/strong> Este verano, el municipio de Cuautitl\u00e1n tiene grandes atractivos culturales que pueden ser disfrutados por toda la familia, adem\u00e1s podr\u00e1n integrarse a los diversos cursos y talleres que son impartidos a trav\u00e9s del Instituto Municipal de Cultura y Vestigios Arqueol\u00f3gicos, donde estas vacaciones tienen un lugar para usted.<\/p>\n<p>Estas actividades forman parte del programa permanente que desde el inicio de la administraci\u00f3n 2019-2021, se elabor\u00f3 para dar a conocer la riqueza hist\u00f3rica y cultural de Cuautitl\u00e1n, que durante muchos a\u00f1os fue referente del desarrollo comercial del\u00a0 M\u00e9xico moderno.<\/p>\n","protected":false},"excerpt":{"rendered":"<p>Este verano, el municipio de Cuautitl\u00e1n tiene grandes atractivos culturales que pueden ser disfrutados por toda la familia, adem\u00e1s podr\u00e1n integrarse a los diversos cursos y talleres que son impartidos a trav\u00e9s del Instituto Municipal de Cultura y Vestigios Arqueol\u00f3gicos, donde estas vacaciones tienen un lugar para usted.<\/p>\n","protected":false},"author":3,"featured_media":435211,"comment_status":"open","ping_status":"open","sticky":false,"template":"","format":"standard","meta":{"_monsterinsights_skip_tracking":false,"_monsterinsights_sitenote_active":false,"_monsterinsights_sitenote_note":"","_monsterinsights_sitenote_category":0,"footnotes":""},"categories":[5],"tags":[681,8139,43675,42538],"class_list":["post-435132","post","type-post","status-publish","format-standard","has-post-thumbnail","hentry","category-estado-de-mexico","tag-cuautitlan","tag-cultural","tag-estado-de-mexico","tag-verano"],"_links":{"self":[{"href":"https:\/\/www.diarioimagen.net\/index.php?rest_route=\/wp\/v2\/posts\/435132","targetHints":{"allow":["GET"]}}],"collection":[{"href":"https:\/\/www.diarioimagen.net\/index.php?rest_route=\/wp\/v2\/posts"}],"about":[{"href":"https:\/\/www.diarioimagen.net\/index.php?rest_route=\/wp\/v2\/types\/post"}],"author":[{"embeddable":true,"href":"https:\/\/www.diarioimagen.net\/index.php?rest_route=\/wp\/v2\/users\/3"}],"replies":[{"embeddable":true,"href":"https:\/\/www.diarioimagen.net\/index.php?rest_route=%2Fwp%2Fv2%2Fcomments&post=435132"}],"version-history":[{"count":0,"href":"https:\/\/www.diarioimagen.net\/index.php?rest_route=\/wp\/v2\/posts\/435132\/revisions"}],"wp:featuredmedia":[{"embeddable":true,"href":"https:\/\/www.diarioimagen.net\/index.php?rest_route=\/wp\/v2\/media\/435211"}],"wp:attachment":[{"href":"https:\/\/www.diarioimagen.net\/index.php?rest_route=%2Fwp%2Fv2%2Fmedia&parent=435132"}],"wp:term":[{"taxonomy":"category","embeddable":true,"href":"https:\/\/www.diarioimagen.net\/index.php?rest_route=%2Fwp%2Fv2%2Fcategories&post=435132"},{"taxonomy":"post_tag","embeddable":true,"href":"https:\/\/www.diarioimagen.net\/index.php?rest_route=%2Fwp%2Fv2%2Ftags&post=435132"}],"curies":[{"name":"wp","href":"https:\/\/api.w.org\/{rel}","templated":true}]}}