{"id":435136,"date":"2019-07-12T00:05:23","date_gmt":"2019-07-12T05:05:23","guid":{"rendered":"https:\/\/www.diarioimagen.net\/?p=435136"},"modified":"2019-07-12T04:37:28","modified_gmt":"2019-07-12T09:37:28","slug":"exitosa-jornada-de-esterilizacion-de-perros-y-gatos-en-naucalpan","status":"publish","type":"post","link":"https:\/\/www.diarioimagen.net\/?p=435136","title":{"rendered":"Exitosa jornada de esterilizaci\u00f3n de perros y gatos, en Naucalpan"},"content":{"rendered":"<ul>\n<li><strong><em>En el Centro de Control, Protecci\u00f3n y Bienestar Animal<\/em><\/strong><\/li>\n<\/ul>\n<p>&nbsp;<\/p>\n<div id=\"attachment_435217\" style=\"width: 470px\" class=\"wp-caption aligncenter\"><a href=\"https:\/\/www.diarioimagen.net\/?attachment_id=435217\" rel=\"attachment wp-att-435217\"><img loading=\"lazy\" decoding=\"async\" aria-describedby=\"caption-attachment-435217\" class=\"wp-image-435217 size-large\" src=\"https:\/\/www.diarioimagen.net\/wp-content\/uploads\/2019\/07\/naucalpan-460x259.jpg\" alt=\"\" width=\"460\" height=\"259\" srcset=\"https:\/\/www.diarioimagen.net\/wp-content\/uploads\/2019\/07\/naucalpan-460x259.jpg 460w, https:\/\/www.diarioimagen.net\/wp-content\/uploads\/2019\/07\/naucalpan-240x135.jpg 240w, https:\/\/www.diarioimagen.net\/wp-content\/uploads\/2019\/07\/naucalpan-235x132.jpg 235w, https:\/\/www.diarioimagen.net\/wp-content\/uploads\/2019\/07\/naucalpan-202x114.jpg 202w, https:\/\/www.diarioimagen.net\/wp-content\/uploads\/2019\/07\/naucalpan-350x196.jpg 350w, https:\/\/www.diarioimagen.net\/wp-content\/uploads\/2019\/07\/naucalpan-220x123.jpg 220w, https:\/\/www.diarioimagen.net\/wp-content\/uploads\/2019\/07\/naucalpan-237x132.jpg 237w, https:\/\/www.diarioimagen.net\/wp-content\/uploads\/2019\/07\/naucalpan.jpg 480w\" sizes=\"auto, (max-width: 460px) 100vw, 460px\" \/><\/a><p id=\"caption-attachment-435217\" class=\"wp-caption-text\">El Centro de Control Protecci\u00f3n y Bienestar Animal ofrece servicios de consultas, esterilizaciones y vacunaci\u00f3n gratuita.<\/p><\/div>\n<p>&nbsp;<\/p>\n<p><strong>Naucalpan, Estado de M\u00e9xico<\/strong>.- El gobierno de Naucalpan, a trav\u00e9s del Instituto de Atenci\u00f3n a la Salud (IMAS), llev\u00f3 a cabo una jornada de esterilizaci\u00f3n de perros y gatos.<\/p>\n<p>Las acciones se realizaron en las instalaciones del Centro de Control, Protecci\u00f3n y Bienestar Animal ubicado en la colonia El Molinito, donde un equipo de siete veterinarios realiz\u00f3 m\u00e1s de 60 esterilizaciones.<\/p>\n<p>El Jefe de Control Animal, Everardo Rojas Legorreta, inform\u00f3 que esta es la primera campa\u00f1a que se realiza en las instalaciones del Centro de Control Canino, ya que su din\u00e1mica de trabajo es itinerante.<\/p>\n<p>\u201cCada tercer d\u00eda se est\u00e1 saliendo a las comunidades a esterilizar de 15 a 20 animales al d\u00eda. La demanda es alta y contamos con una lista de espera, en lo que va del a\u00f1o se han realizado m\u00e1s de 2 mil cirug\u00edas\u201d, inform\u00f3.<\/p>\n<p>Explic\u00f3 que el Centro de Control Canino ofrece servicios de consultas, esterilizaciones y vacunaci\u00f3n gratuita.<\/p>\n<p>Rojas Legorreta exhort\u00f3 a los ciudadanos a ser responsables con sus mascotas para evitar la proliferaci\u00f3n de animales en la calle. Adelant\u00f3 que pr\u00f3ximamente comenzar\u00e1n a dar cursos para combatir el fecalismo en comunidades y escuelas, pues se trata de un problema de salud p\u00fablica.<\/p>\n<p>Durante la jornada, los naucalpenses recibieron servicios m\u00e9dico-asistenciales totalmente gratuitos como corte de cabello, examen de la vista, toma de glucosa, peso, talla y presi\u00f3n arterial. La unidad m\u00f3vil del IMAS brind\u00f3 consultas m\u00e9dicas y servicio dental.<\/p>\n<p>Michelle Naranjo, vecina de Loma Colorada, agradeci\u00f3 al Ayuntamiento las facilidades brindadas para esta campa\u00f1a.<\/p>\n<p>\u201cNosotros s\u00ed nos preocupamos por que nuestras mascotas no se reproduzcan masivamente, as\u00ed que se me hace muy buena esta iniciativa del Gobierno, sobre todo porque es gratuita\u201d, se\u00f1al\u00f3.<\/p>\n","protected":false},"excerpt":{"rendered":"<p>El gobierno de Naucalpan, a trav\u00e9s del Instituto de Atenci\u00f3n a la Salud (IMAS), llev\u00f3 a cabo una jornada de esterilizaci\u00f3n de perros y gatos.<\/p>\n","protected":false},"author":3,"featured_media":435217,"comment_status":"open","ping_status":"open","sticky":false,"template":"","format":"standard","meta":{"_monsterinsights_skip_tracking":false,"_monsterinsights_sitenote_active":false,"_monsterinsights_sitenote_note":"","_monsterinsights_sitenote_category":0,"footnotes":""},"categories":[5],"tags":[43675,66327,50405,970,86760],"class_list":["post-435136","post","type-post","status-publish","format-standard","has-post-thumbnail","hentry","category-estado-de-mexico","tag-estado-de-mexico","tag-gatos","tag-jornada","tag-naucalpan","tag-perrors"],"_links":{"self":[{"href":"https:\/\/www.diarioimagen.net\/index.php?rest_route=\/wp\/v2\/posts\/435136","targetHints":{"allow":["GET"]}}],"collection":[{"href":"https:\/\/www.diarioimagen.net\/index.php?rest_route=\/wp\/v2\/posts"}],"about":[{"href":"https:\/\/www.diarioimagen.net\/index.php?rest_route=\/wp\/v2\/types\/post"}],"author":[{"embeddable":true,"href":"https:\/\/www.diarioimagen.net\/index.php?rest_route=\/wp\/v2\/users\/3"}],"replies":[{"embeddable":true,"href":"https:\/\/www.diarioimagen.net\/index.php?rest_route=%2Fwp%2Fv2%2Fcomments&post=435136"}],"version-history":[{"count":0,"href":"https:\/\/www.diarioimagen.net\/index.php?rest_route=\/wp\/v2\/posts\/435136\/revisions"}],"wp:featuredmedia":[{"embeddable":true,"href":"https:\/\/www.diarioimagen.net\/index.php?rest_route=\/wp\/v2\/media\/435217"}],"wp:attachment":[{"href":"https:\/\/www.diarioimagen.net\/index.php?rest_route=%2Fwp%2Fv2%2Fmedia&parent=435136"}],"wp:term":[{"taxonomy":"category","embeddable":true,"href":"https:\/\/www.diarioimagen.net\/index.php?rest_route=%2Fwp%2Fv2%2Fcategories&post=435136"},{"taxonomy":"post_tag","embeddable":true,"href":"https:\/\/www.diarioimagen.net\/index.php?rest_route=%2Fwp%2Fv2%2Ftags&post=435136"}],"curies":[{"name":"wp","href":"https:\/\/api.w.org\/{rel}","templated":true}]}}