{"id":435153,"date":"2019-07-12T00:00:08","date_gmt":"2019-07-12T05:00:08","guid":{"rendered":"https:\/\/www.diarioimagen.net\/?p=435153"},"modified":"2019-07-12T01:38:16","modified_gmt":"2019-07-12T06:38:16","slug":"promocion-turistica-pero-a-la-manera-de-la-4t","status":"publish","type":"post","link":"https:\/\/www.diarioimagen.net\/?p=435153","title":{"rendered":"Promoci\u00f3n tur\u00edstica, pero a la manera de la 4T"},"content":{"rendered":"<h2>Derecho de r\u00e9plica<\/h2>\n<p>&nbsp;<\/p>\n<ul>\n<li><strong><em>El secretario de Relaciones Exteriores, Marcelo Ebrard, y el titular de Sectur, Miguel Torruco Marqu\u00e9s, anunciaron la instalaci\u00f3n del Consejo de Diplomacia Tur\u00edstica<\/em><\/strong><\/li>\n<\/ul>\n<p>&nbsp;<\/p>\n<p>Fue a fines del a\u00f1o pasado, cuando el secretario federal de Turismo, Miguel Torruco, anunci\u00f3: \u201cdesaparece el Consejo de Promoci\u00f3n Tur\u00edstica por instrucci\u00f3n del Presidente, todas las oficinas en el extranjero, inclusive las de ProM\u00e9xico, desaparecen; el Estado va a ser m\u00e1s delgado, lo vamos a adelgazar para que esos recursos se canalicen a las prioridades nacionales\u201d, en la que incluso asegur\u00f3 que la puesta en marcha del Tren Maya ser\u00eda <em>per se,<\/em> la f\u00f3rmula para atraer turismo.<\/p>\n<p>Luego de la desaparici\u00f3n del Consejo de Promoci\u00f3n Tur\u00edstica, los sectores empresarial y tur\u00edstico iniciaron los reclamos por la falta de promoci\u00f3n, m\u00e1s a\u00fan cuando la publicidad negativa sobre el sargazo y la violencia sobrepasa a la difusi\u00f3n de la belleza y servicios que el estado ofrece.<\/p>\n<p>El secretario de Relaciones Exteriores, Marcelo Ebrard Casaub\u00f3n (antes conocido como el <em>carnal Marcelo<\/em>) y quien encabeza la Secretar\u00eda de Turismo federal y Miguel Torruco Marqu\u00e9s, anunciaron la instalaci\u00f3n del Consejo de Diplomacia Tur\u00edstica, en la Sala Jos\u00e9 Mar\u00eda Morelos y Pav\u00f3n de la canciller\u00eda.<\/p>\n<p>El nuevo \u00f3rgano estar\u00e1 coordinado por las secretar\u00edas de Turismo y Relaciones Exteriores, y con el cual se pretende hacer uso de la infraestructura del gobierno en el extranjero para la promoci\u00f3n (o sea \u00bfc\u00f3mo?, no nos vayan a salir conque pondr\u00e1n carteles en las embajadas, porque son capaces).<\/p>\n<p style=\"text-align: center;\"><strong>C\u00f3mo funcionar\u00e1<\/strong><\/p>\n<p>El director del programa de Diplomacia Tur\u00edstica, el arquitecto Ignacio Cabrera Fern\u00e1ndez, detall\u00f3: \u201ca la Secretar\u00eda de Turismo, dentro de sus atribuciones, le compete promover la competitividad de las actividades tur\u00edsticas; a la de Relaciones Exteriores se le confiere promover las acciones de nuestro pa\u00eds en el exterior y conducir la tarea de atracci\u00f3n de inversiones, as\u00ed como la promoci\u00f3n cultural, econ\u00f3mica y tur\u00edstica; en este escenario es de inter\u00e9s de Sectur y SRE implementar diversas acciones de colaboraci\u00f3n y capacitaci\u00f3n para el Servicio Exterior Mexicano en materia de turismo\u201d.<\/p>\n<p>\u201cAmbas dependencias, en estrecha coordinaci\u00f3n con el Instituto de Competitividad Tur\u00edstica y el Instituto Mat\u00edas Romero, dise\u00f1aron un curso especializado para la capacitaci\u00f3n del personal en las 80 embajadas, 67 consulados y 7 misiones diplom\u00e1ticas, que permitir\u00e1n dar continuidad a la internacionalizaci\u00f3n de nuestro pa\u00eds en materia tur\u00edstica, fortalecer su imagen en el extranjero a trav\u00e9s de la Diplomacia Tur\u00edstica\u201d.<\/p>\n<p style=\"text-align: center;\"><strong>Combatir la mala imagen<\/strong><\/p>\n<p>Ebrard Casaub\u00f3n indic\u00f3 que una de las metas de la SRE es mantener en alto la imagen de M\u00e9xico, lo que coincide con los fines de la industria hotelera. Lament\u00f3 que series televisivas y pel\u00edculas que glorifican al narcotr\u00e1fico han generado una mala imagen del pa\u00eds, por lo que se\u00f1al\u00f3 que se trabajar\u00e1 en estrategias de generaci\u00f3n de contenidos.<\/p>\n<p>Por su parte, Torruco Marqu\u00e9s indic\u00f3 que M\u00e9xico contin\u00faa siendo potencia tur\u00edstica, pues de enero a mayo arribaron 18.2 millones de visitantes internacionales, 5.9% m\u00e1s que en 2018, logrando adem\u00e1s un 15% m\u00e1s de derrama econ\u00f3mica.<\/p>\n<p style=\"text-align: center;\"><strong>Los primeros integrantes <\/strong><\/p>\n<p>Dentro de los integrantes del consejo hay hoteleros, una sola aerol\u00ednea, que es Aerom\u00e9xico. Entre los miembros del Consejo estar\u00e1n Jos\u00e9 Chapur, presidente del Grupo Palace Resorts; Miguel Alem\u00e1n Magnani, presidente del Grupo Alem\u00e1n (Galem); Daniel Ch\u00e1vez, presidente del Grupo Vidanta, as\u00ed como Pablo Azc\u00e1rraga, presidente del Consejo de Administraci\u00f3n de Grupo Posadas.<\/p>\n<p>El grupo de primeros consejeros lo componen: Cristina Alcayaga, del Grupo Sunset World; Marcos Fastlich, de Grupo K; Eduardo Paniagua Morales, presidente de la Asociaci\u00f3n Mexicana de Agencias de Viajes; Dar\u00edo Flota Ocampo, director del Consejo de Promoci\u00f3n Tur\u00edstica de Quintana Roo; Giancarlo Mulinelli, vicepresidente de ventas globales de Aerom\u00e9xico; Arnaldo Pinazzi, presidente del Consejo Nacional de Exportadores de Servicios Tur\u00edsticos; Rodrigo Esponda, director del Fideicomiso de Promoci\u00f3n Tur\u00edstica de Los Cabos; Juan Vela Ruiz, vicepresidente del Grupo Velas; Jaime Salazar Figueroa, del Consejo Mexicano de Turismo de Reuniones; Jaime Bulnes, de Grupo Solmar; Jorge Enrique Manos Esparragoza, presidente de la Uni\u00f3n de Secretarios de Turismo de M\u00e9xico; Jean Paul Pelletier, de Empresarios Progresistas; Armando Boj\u00f3rquez, de Viajes Boj\u00f3rquez, y Juli\u00e1n Arroyo, de Asociaci\u00f3n Mexicana de Agentes de Viajes.<\/p>\n<p style=\"text-align: center;\"><strong>Consejo de Diplomacia Tur\u00edstica, a detalle<\/strong><\/p>\n<p>El organismo que buscar\u00e1 la promoci\u00f3n tur\u00edstica de M\u00e9xico en el extranjero, ser\u00e1 un \u201c\u00f3rgano colegiado que constituir\u00e1 una instancia de opiniones y consulta para la planeaci\u00f3n, dise\u00f1o e implementaci\u00f3n de estrategias para la promoci\u00f3n de M\u00e9xico a nivel internacional.<\/p>\n<p>Esta iniciativa estar\u00e1 a cargo de la Secretar\u00eda de Relaciones Exteriores y la Secretar\u00eda de Turismo. Colaboran 80 embajadas y 67 consulados, los cuales ya est\u00e1n recibiendo una capacitaci\u00f3n para la promoci\u00f3n de la marca M\u00e9xico en el mundo. Ignacio Cabrera, director general del Programa de Diplomacia Tur\u00edstica, estar\u00e1 a cargo de coordinar el consejo. Tambi\u00e9n se involucran inversionistas del sector privado, como agencias de viajes, hoteleros, l\u00edneas a\u00e9reas, etc., quienes tendr\u00e1n una participaci\u00f3n en las decisiones que tome este organismo.<\/p>\n<p>El grupo deber\u00e1 reunirse en un t\u00e9rmino no mayor a 60 d\u00edas h\u00e1biles (a partir de ayer 11 de julio) con la finalidad de definir un presidente, consejeros, vocales, asesores y un secretario t\u00e9cnico.<\/p>\n<p>Definir las actividades y plan de trabajo, as\u00ed como los presupuestos de las acciones espec\u00edficas de naturaleza tur\u00edstica y promocional que ser\u00e1n desarrolladas. &#8211; Generar estrategias y aprobar los cambios de programaci\u00f3n, seguimiento y evaluaci\u00f3n de los resultados en su implementaci\u00f3n con medidas e indicadores que permitan determinar la eficacia del cumplimiento de los objetivos promocionales que, adem\u00e1s, permitan una clara planeaci\u00f3n y dise\u00f1o en la imagen M\u00e9xico y sus destinos en los mercados internacionales. &#8211; Fortalecer la imagen de M\u00e9xico como destino tur\u00edstico, promoviendo la calidad, diversidad y autenticidad de sus atractivos.<\/p>\n<p>Participar de manera conjunta en la impartici\u00f3n de programas de capacitaci\u00f3n en promoci\u00f3n tur\u00edstica para el cuerpo diplom\u00e1tico en el exterior. &#8211; Realizar reuniones de trabajo trimestrales para informar sobre el seguimiento de las actividades en proceso. &#8211; Realizar cualquier otra actividad que en el marco de sus facultades identifiquen como necesarias para el cumplimiento del objeto de este consejo.<\/p>\n<p style=\"text-align: center;\"><strong>Inicio de saliva<\/strong><\/p>\n<p>El secretario de Relaciones Exteriores, Marcelo Ebrard, inform\u00f3 que la inversi\u00f3n para este organismo se llevar\u00e1 a cabo \u201cde los ahorros que tengamos, con los recursos que tengamos, vamos a tener que definir c\u00f3mo vamos a proyectar la imagen de M\u00e9xico, porque hoy en d\u00eda en las embajadas nos hacen falta muchos materiales; hoy en d\u00eda nos hacen falta muchas cosas que podemos trabajar con ustedes, de imagen, de prestigio, de proyecci\u00f3n de M\u00e9xico. Vamos a hacerlo con lo que tenemos\u201d.<\/p>\n","protected":false},"excerpt":{"rendered":"<p><span style=\"color: #005497;\"><strong>Derecho de r\u00e9plica<\/strong><\/span><\/p>\n","protected":false},"author":3,"featured_media":0,"comment_status":"open","ping_status":"open","sticky":false,"template":"","format":"standard","meta":{"_monsterinsights_skip_tracking":false,"_monsterinsights_sitenote_active":false,"_monsterinsights_sitenote_note":"","_monsterinsights_sitenote_category":0,"footnotes":""},"categories":[62907],"tags":[47840,43674],"class_list":["post-435153","post","type-post","status-publish","format-standard","hentry","category-derecho-de-replica","tag-derecho-de-replica","tag-opinion"],"_links":{"self":[{"href":"https:\/\/www.diarioimagen.net\/index.php?rest_route=\/wp\/v2\/posts\/435153","targetHints":{"allow":["GET"]}}],"collection":[{"href":"https:\/\/www.diarioimagen.net\/index.php?rest_route=\/wp\/v2\/posts"}],"about":[{"href":"https:\/\/www.diarioimagen.net\/index.php?rest_route=\/wp\/v2\/types\/post"}],"author":[{"embeddable":true,"href":"https:\/\/www.diarioimagen.net\/index.php?rest_route=\/wp\/v2\/users\/3"}],"replies":[{"embeddable":true,"href":"https:\/\/www.diarioimagen.net\/index.php?rest_route=%2Fwp%2Fv2%2Fcomments&post=435153"}],"version-history":[{"count":0,"href":"https:\/\/www.diarioimagen.net\/index.php?rest_route=\/wp\/v2\/posts\/435153\/revisions"}],"wp:attachment":[{"href":"https:\/\/www.diarioimagen.net\/index.php?rest_route=%2Fwp%2Fv2%2Fmedia&parent=435153"}],"wp:term":[{"taxonomy":"category","embeddable":true,"href":"https:\/\/www.diarioimagen.net\/index.php?rest_route=%2Fwp%2Fv2%2Fcategories&post=435153"},{"taxonomy":"post_tag","embeddable":true,"href":"https:\/\/www.diarioimagen.net\/index.php?rest_route=%2Fwp%2Fv2%2Ftags&post=435153"}],"curies":[{"name":"wp","href":"https:\/\/api.w.org\/{rel}","templated":true}]}}