{"id":435155,"date":"2019-07-12T00:01:58","date_gmt":"2019-07-12T05:01:58","guid":{"rendered":"https:\/\/www.diarioimagen.net\/?p=435155"},"modified":"2019-07-12T01:42:14","modified_gmt":"2019-07-12T06:42:14","slug":"a-seguridad-privada-profugos-de-la-guardia-nacional","status":"publish","type":"post","link":"https:\/\/www.diarioimagen.net\/?p=435155","title":{"rendered":"A seguridad privada, pr\u00f3fugos de la Guardia Nacional"},"content":{"rendered":"<h2>\u201cHora 14\u201d<\/h2>\n<h5>Mauricio Conde Olivares<\/h5>\n<p>&nbsp;<\/p>\n<p>Activistas de Marea Verde y de REDefine Quintana Roo dieron a conocer una serie de pendientes legislativos urgentes con respecto al tema del aborto, ya que en la localidad a pesar de que el aborto es legal, el acceso al servicio es pr\u00e1cticamente nulo, lo cual impide que las mujeres puedan decidir de manera libre e informada sobre sus cuerpos, esto en el marco de la presentaci\u00f3n del 3er Encuentro Regional Hablemos de Aborto que se llevar\u00e1 a cabo del 12 al 14 de julio en Chetumal.<\/p>\n<p>\u201cEn el Encuentro Regional Hablemos de Aborto se analizar\u00e1 el contexto pol\u00edtico y social de la regi\u00f3n con respecto al aborto donde participar\u00e1n alrededor de 50 activistas, periodistas, abogadas y m\u00e9dicas de los estados de Quintana Roo, Tabasco, Chiapas, Yucat\u00e1n, Campeche y Veracruz, ya que se considera que el estado tiene la responsabilidad de incorporar la Interrupci\u00f3n Legal del Embarazo como materia de Salubridad General que corresponde al Gobierno del estado (Art. 5\u00b0), as\u00ed como un servicio b\u00e1sico de salud (Art. 29), para que se provea de manera gratuita por las instituciones estatales de salud en los supuestos permitidos por la legislaci\u00f3n penal aplicable a las mujeres que lo soliciten\u201d, coment\u00f3 Yesenia Flota, Vocera Regional de REDefine Quitana Roo.<\/p>\n<p>\u201cQuintana Roo reconoce la interrupci\u00f3n legal del embarazo, en los casos en los que la mujer corra peligro de muerte, cuando el aborto es imprudencial (espont\u00e1neo), si hay alteraciones gen\u00e9ticas o cong\u00e9nitas graves en el producto y en los casos en que el embarazo sea consecuencia de una violaci\u00f3n, bajo la Norma Oficial Mexicana 046\u201d, puntualiz\u00f3 Sandra Guadalupe Cortes Gonz\u00e1lez, Vocera de Marea Verde Quintana Roo;.<\/p>\n<p>Sin embargo \u201cel gobierno local no lo tiene incluido en el plan de salud sexual y reproductiva a pesar de que se estima que en el 2017 hubo un promedio de 8 violaciones sexuales en el estado por d\u00eda la posibilidad de que muchas hayan derivado en embarazos no deseados es altamente probable y al no existir cifras de mujeres que hayan accedido a abortos legales y seguros por la causal de violaci\u00f3n, podemos especular que este derecho no se garantiza en el estado\u201d, enfatiz\u00f3.<\/p>\n<p>En septiembre del a\u00f1o pasado se present\u00f3 una iniciativa para la despenalizaci\u00f3n del aborto en Quintana Roo, y en marzo se ingres\u00f3 una iniciativa ciudadana por parte de Marea Verde Quintana Roo luego de ser considerado uno de los estados con m\u00e1s mujeres en prisi\u00f3n por el delito de la interrupci\u00f3n del embarazo.<\/p>\n<p>Adem\u00e1s, seg\u00fan el Instituto Guttmacher, las condiciones de inseguridad en las que se practican los abortos est\u00e1n directamente vinculadas con las restricciones legales, es decir, a mayor prohibici\u00f3n, peores condiciones para la realizaci\u00f3n del procedimiento.<\/p>\n<p>De acuerdo con datos del Observatorio de Muerte Materna en M\u00e9xico, el aborto inseguro contin\u00faa siendo la cuarta causa de muerte materna, representando el 8.6% del total de muertes maternas en 2016.<\/p>\n<p>De acuerdo a datos proporcionados por Jimena Soria, Integrante de Grupo de Informaci\u00f3n en Reproducci\u00f3n Elegida (GIRE), de abril del 2007 a junio 2019 la Secretar\u00eda de Salud de la Ciudad de M\u00e9xico estima que se han llevado a cabo 64 mil 540 procedimientos de interrupci\u00f3n de embarazos en personas provenientes del resto del pa\u00eds debido a que en el resto del pa\u00eds las mujeres que desean interrumpir embarazos son criminalizadas y se ven forzadas a trasladarse a la CDMX y en caso de no contar con los recursos, se exponen a hacerlo en condiciones que pueden ser inseguras poniendo en riesgo su vida y su salud.<\/p>\n<p>Por otra parte, empresas integrantes de la Asociaci\u00f3n Mexicana de Empresas de Seguridad Privada (AMESP), ven como una oportunidad la crisis que vive la Polic\u00eda Federal, en particular los elementos que no quieran ingresar a la Guardia Nacional, para que puedan cubrir espacios que hoy requiere la seguridad privada.<\/p>\n<p>Esta asociaci\u00f3n que agrupa a las empresas de seguridad privada m\u00e1s grandes e importantes que act\u00faan en territorio nacional, destac\u00f3 que cuenta con espacios de trabajo para personas honestas, con experiencia y capacidad en diversas \u00e1reas que integran la seguridad privada como son: seguridad intramuros en inmuebles e instalaciones estrat\u00e9gicas, servicios de escoltas, monitoreo, manejo de alarmas y c\u00e1maras de videovigilancia, traslado de valores, rastreo y protecci\u00f3n en el autotransporte, entre otras.<\/p>\n<p>Adem\u00e1s, ve como importante oportunidad que elementos de la Polic\u00eda Federal, que han sido formados en los principios de legalidad, objetividad, eficiencia, honradez, respeto a las garant\u00edas individuales y a los derechos humanos, seg\u00fan lo marca la constituci\u00f3n, puedan integrarse a la seguridad privada.<\/p>\n<p>Reconoce que muchos de los elementos de la Polic\u00eda Federal, han cursado diferentes \u00e1reas de capacitaci\u00f3n, por lo cual tienen una formaci\u00f3n para hacer trabajos de inteligencia y contra inteligencia, planeaci\u00f3n, control de disturbios, manejo de armas, que pueden fortalecer con su conocimiento y capacidad al sector de la seguridad privada.<\/p>\n<p>Muchos de ellos se han capacitado en pa\u00edses reconocidos como potencias en seguridad, como Israel.<\/p>\n<p>Joel Ju\u00e1rez Blanco, presidente de la AMESP, organismo que acaba de cumplir el s\u00e9ptimo aniversario de su creaci\u00f3n, dijo que en sus filas se encuentran las principales empresas de traslados de valores, que, en su conjunto, manejan el 95 por ciento del efectivo que circula en el pa\u00eds, las cuales requieren de personal debidamente capacitado como lo son la mayor\u00eda de los elementos que hoy conforman la polic\u00eda federal.<\/p>\n<p>Las empresas de la AMESP se encuentran en casi todo el pa\u00eds, y siete de ellas son filiales de empresas internacionales de gran prestigio.<\/p>\n<p>Ju\u00e1rez Blanco, dijo que ser\u00eda una l\u00e1stima que despu\u00e9s de varios a\u00f1os de experiencia y capacidad, se perdiera a estos elementos de la actual Polic\u00eda Federal. M\u00e1s grave ser\u00eda, subray\u00f3, que algunos de estos elementos sean captados por c\u00e1rteles y organizaciones delincuenciales.<\/p>\n<p>Sin embargo, apunt\u00f3 que, para poderlos contratar, todos los aspirantes ser\u00e1n objeto de una rigurosa selecci\u00f3n y sometidos a ex\u00e1menes minuciosos que prueben su capacidad moral, f\u00edsica y profesional, dependiendo de las plazas de trabajo a las que quieran ingresar<\/p>\n<p>El presidente de la AMESP record\u00f3 que actualmente esta organizaci\u00f3n empresarial es una de las principales promotoras de la regularizaci\u00f3n de todas las empresas del sector, de la creaci\u00f3n de la C\u00e1mara Nacional de la Industria de la Seguridad Privada y la aprobaci\u00f3n de la nueva Ley de Seguridad Privada, que es actualmente analizada en el Congreso de la Uni\u00f3n.<\/p>\n<p>AMESP forma parte de ASUME (Agrupaciones de Seguridad Unidas por un M\u00e9xico Estable), organismo representante de todo el sector de la Seguridad Privada, que, a su vez, forma parte de la Coparmex y del Consejo Coordinador Empresarial; empero, lo anterior ser\u00e1 motivo de posterior an\u00e1lisis en otra entrega de <strong><em>Hora 14<\/em><\/strong>.<\/p>\n<p><em><a href=\"mailto:%20mauricio_conde@msn.com\" target=\"_blank\" rel=\"noopener noreferrer\">mauricioconde59@outlook.com<\/a><\/em><br \/>\n<em><a href=\"https:\/\/twitter.com\/mauconde007\" target=\"_blank\" rel=\"noopener noreferrer\">@mauconde007<\/a> <\/em><br \/>\n<em><a href=\"https:\/\/mauriciocondeblog.wordpress.com\" target=\"_blank\" rel=\"noopener noreferrer\">https:\/\/mauriciocondeblog.wordpress.com<\/a><\/em><\/p>\n","protected":false},"excerpt":{"rendered":"<p><span style=\"color: #005497;\"><strong>Mauricio Conde Olivares<\/strong><\/span><\/p>\n","protected":false},"author":3,"featured_media":0,"comment_status":"open","ping_status":"open","sticky":false,"template":"","format":"standard","meta":{"_monsterinsights_skip_tracking":false,"_monsterinsights_sitenote_active":false,"_monsterinsights_sitenote_note":"","_monsterinsights_sitenote_category":0,"footnotes":""},"categories":[35889],"tags":[43712,43674,44860],"class_list":["post-435155","post","type-post","status-publish","format-standard","hentry","category-mauricio-conde-olivares","tag-mauricio-conde-olivares","tag-opinion","tag-hora-14"],"_links":{"self":[{"href":"https:\/\/www.diarioimagen.net\/index.php?rest_route=\/wp\/v2\/posts\/435155","targetHints":{"allow":["GET"]}}],"collection":[{"href":"https:\/\/www.diarioimagen.net\/index.php?rest_route=\/wp\/v2\/posts"}],"about":[{"href":"https:\/\/www.diarioimagen.net\/index.php?rest_route=\/wp\/v2\/types\/post"}],"author":[{"embeddable":true,"href":"https:\/\/www.diarioimagen.net\/index.php?rest_route=\/wp\/v2\/users\/3"}],"replies":[{"embeddable":true,"href":"https:\/\/www.diarioimagen.net\/index.php?rest_route=%2Fwp%2Fv2%2Fcomments&post=435155"}],"version-history":[{"count":0,"href":"https:\/\/www.diarioimagen.net\/index.php?rest_route=\/wp\/v2\/posts\/435155\/revisions"}],"wp:attachment":[{"href":"https:\/\/www.diarioimagen.net\/index.php?rest_route=%2Fwp%2Fv2%2Fmedia&parent=435155"}],"wp:term":[{"taxonomy":"category","embeddable":true,"href":"https:\/\/www.diarioimagen.net\/index.php?rest_route=%2Fwp%2Fv2%2Fcategories&post=435155"},{"taxonomy":"post_tag","embeddable":true,"href":"https:\/\/www.diarioimagen.net\/index.php?rest_route=%2Fwp%2Fv2%2Ftags&post=435155"}],"curies":[{"name":"wp","href":"https:\/\/api.w.org\/{rel}","templated":true}]}}