{"id":435186,"date":"2019-07-12T00:12:19","date_gmt":"2019-07-12T05:12:19","guid":{"rendered":"https:\/\/www.diarioimagen.net\/?p=435186"},"modified":"2019-07-12T04:50:12","modified_gmt":"2019-07-12T09:50:12","slug":"urzua-ultimo-titular-de-hacienda-modelo-itam","status":"publish","type":"post","link":"https:\/\/www.diarioimagen.net\/?p=435186","title":{"rendered":"Urz\u00faa, \u00bf\u00faltimo titular de Hacienda modelo Itam?"},"content":{"rendered":"<h2>Tras la puerta del poder<\/h2>\n<h5>Roberto Vizca\u00edno<\/h5>\n<p>&nbsp;<\/p>\n<div id=\"attachment_435231\" style=\"width: 470px\" class=\"wp-caption aligncenter\"><a href=\"https:\/\/www.diarioimagen.net\/?attachment_id=435231\" rel=\"attachment wp-att-435231\"><img loading=\"lazy\" decoding=\"async\" aria-describedby=\"caption-attachment-435231\" class=\"size-large wp-image-435231\" src=\"https:\/\/www.diarioimagen.net\/wp-content\/uploads\/2019\/07\/lamentaciones-LUIS-XAVIER-460x357.jpg\" alt=\"\" width=\"460\" height=\"357\" srcset=\"https:\/\/www.diarioimagen.net\/wp-content\/uploads\/2019\/07\/lamentaciones-LUIS-XAVIER-460x357.jpg 460w, https:\/\/www.diarioimagen.net\/wp-content\/uploads\/2019\/07\/lamentaciones-LUIS-XAVIER-240x186.jpg 240w, https:\/\/www.diarioimagen.net\/wp-content\/uploads\/2019\/07\/lamentaciones-LUIS-XAVIER-768x596.jpg 768w, https:\/\/www.diarioimagen.net\/wp-content\/uploads\/2019\/07\/lamentaciones-LUIS-XAVIER.jpg 1200w\" sizes=\"auto, (max-width: 460px) 100vw, 460px\" \/><\/a><p id=\"caption-attachment-435231\" class=\"wp-caption-text\">Lamentaciones&#8230; | Luis Xavier<\/p><\/div>\n<p>&nbsp;<\/p>\n<p>Cuando <strong>Andr\u00e9s Manuel L\u00f3pez Obrador<\/strong> dijo en una ma\u00f1anera que <strong>Carlos Urz\u00faa<\/strong> le hab\u00eda presentado un Plan de Desarrollo que pudo haber sido firmado por <strong>Jos\u00e9 Antonio Meade <\/strong>o<strong> Agust\u00edn Carstens,<\/strong> dej\u00f3 en claro que su ex secretario de Hacienda nunca lo entendi\u00f3 en lo del cambio de r\u00e9gimen.<\/p>\n<p>Y es que <strong>AMLO<\/strong>, entre las grandes transformaciones que ha hecho, tantas que ya se puede hablar de un redise\u00f1o del Estado Mexicano, est\u00e1 la de Hacienda.<\/p>\n<p><strong>Urz\u00faa <\/strong>ya no pudo hacer lo que s\u00ed hicieron sus antecesores del per\u00edodo neoliberal: ser quien defin\u00eda el destino de recursos a estados y municipios, a programas de gobierno &#8211;fuesen de crecimiento al desarrollo o sociales&#8211;, a pago de deuda, a ahorro, a la creaci\u00f3n de fondos y fideicomisos o a la compra de todo lo que necesita el gobierno.<\/p>\n<p><strong>L\u00f3pez Obrador <\/strong>le coloc\u00f3 en la Oficial\u00eda Mayor a <strong>Raquel Buenrostro <\/strong>como encargada de todas las adquisiciones y \u00e9l mismo, L\u00f3pez Obrador, se constituy\u00f3 en el cajero que reparte por todo el pa\u00eds becas, pensiones, bonos en dinero contante, directo, a estudiantes, a viejitos, a campesinos, a gobernadores y alcaldes, a obras y programas.<\/p>\n<p>Bajo estas nuevas condiciones <strong>Urz\u00faa<\/strong> no era m\u00e1s que un <strong>\u00abflorero\u00bb<\/strong> m\u00e1s en la administraci\u00f3n p\u00fablica.<\/p>\n<p>Y es que, con los cambios introducidos de hecho por <strong>AMLO<\/strong> en Hacienda, se acab\u00f3 lo que <strong>Porfirio Mu\u00f1oz Ledo <\/strong>calific\u00f3 el mi\u00e9rcoles en el seno de la Comisi\u00f3n Permanente como \u00ab<strong>la Hacienda Imperial\u00bb <\/strong>del largo r\u00e9gimen pri\u00edsta, que no neoliberal,<\/p>\n<p>\u00abEs algo muy importante, la concentraci\u00f3n de facultades en Hacienda ha sido cada vez mayor\u00bb, dijo <strong>Mu\u00f1oz Ledo<\/strong> sobre lo que ocurre en la Hacienda de AMLO.<\/p>\n<p>Hoy, con <strong>L\u00f3pez Obrador,<\/strong> ha dejado de existir la Hacienda concebida y operada por el licenciado <strong>Antonio Ortiz Mena<\/strong> para lograr un desarrollo estabilizador y que en los \u00faltimos decenios fue dominada por egresados del Itam.<\/p>\n<p>Los itamitas nunca concibieron un esquema par de <em>concentraci\u00f3n de funciones para dise\u00f1ar y operar las compras consolidadas del gobierno federal desde la Oficial\u00eda Mayor de la Secretar\u00eda de Hacienda.<\/em><\/p>\n<p>La casta hacendaria obedeci\u00f3 a patrones internacionales del FMI que se convirti\u00f3 en un club, del cual <strong>Urz\u00faa<\/strong> no se quer\u00eda salir, coment\u00f3 Mu\u00f1oz Ledo.<\/p>\n<p>Era el <strong>\u00abhacendismo imperial\u00bb,<\/strong> dijo Mu\u00f1oz Ledo al se\u00f1alar que hoy se requiere de una remodelaci\u00f3n de Hacienda desde el Congreso de la Uni\u00f3n para evitar la concentraci\u00f3n de sus facultades.<\/p>\n<p style=\"text-align: center;\"><strong>Extinci\u00f3n de dominio, a punto de aprobarse<\/strong><\/p>\n<p><strong>Porfirio Mu\u00f1oz Ledo,<\/strong> presidente de los diputados federales, acus\u00f3 recibo de la minuta aprobada por el Senado sobre la Ley Nacional de Extinci\u00f3n de Dominio, que permitir\u00e1 al Estado confiscar de ipso facto bienes y cuentas bancarias, y todo lo referente a beneficios, productos, rendimientos, frutos y accesorios alcanzados por la v\u00eda del secuestro; la delincuencia organizada; delitos por robo y comercializaci\u00f3n de hidrocarburos, petrol\u00edferos y petroqu\u00edmicos; contra la salud; trata de personas; por hechos de corrupci\u00f3n; encubrimiento; los perpetrados por servidores p\u00fablicos; robo de veh\u00edculos; recursos de procedencia il\u00edcita, y extorsi\u00f3n.<\/p>\n<p>Esta minuta ser\u00e1 debatida y posiblemente modificada, o no, la pr\u00f3xima semana durante el Tercer Periodo Extraordinario de Sesiones en San L\u00e1zaro.<\/p>\n<p>La extinci\u00f3n de dominio la realizar\u00e1 la Fiscal\u00eda General de la Naci\u00f3n, dirigida hoy por <strong>Alejandro Gertz Manero<\/strong> como principal Agente del Ministerio P\u00fablico, luego de un proceso jurisdiccional civil, de car\u00e1cter patrimonial y con prevalencia a la oralidad.<\/p>\n<p>Eso dice la minuta a debate en San L\u00e1zaro.<\/p>\n<p>Como ninguna Ley se puede aplicar en forma retroactiva, esta no afectar\u00e1 ni al ex gobernador <strong>Javier Duarte <\/strong>-quien cada que puede se ufana de estar a punto de quedar ya, pronto, libre-, o a <strong>Emilio Lozoya<\/strong> -si logran capturarlo-, ni al poderoso e influyente abogado <strong>Juan Collado<\/strong> hoy en prisi\u00f3n, entre otros.<\/p>\n<p style=\"text-align: center;\"><strong>Y los ganadores del caos son&#8230; <\/strong><\/p>\n<p>Obtener inesperadamente cientos, quiz\u00e1 miles de agentes policiacos de investigaci\u00f3n altamente capacitados sin haber movido un dedo, o haber hecho inversi\u00f3n alguna, seguramente redituar\u00e1 grandes beneficios a las principales empresas (y sus clientes) que integran la Asociaci\u00f3n Mexicana de Empresas de Seguridad Privada, la AMESP, que ya lanz\u00f3 una atractiva oferta de empleo a los Polic\u00edas Federales que no quieren ir a la Guardia Nacional.<\/p>\n<p>Para nadie es un secreto que, ante el crecimiento de la inseguridad y la violencia en M\u00e9xico, las empresas y grupos m\u00e1s calificados del mundo han venido a prestar sus servicios de seguridad a los m\u00e1s sobresalientes y poderoso grupos empresariales, sus patrones y familias.<\/p>\n<p>La AMESP agrupa a las empresas de seguridad privada m\u00e1s grandes e importantes del pa\u00eds que ahora abren sus puertas a los agentes de la Polic\u00eda Federal que ser\u00e1n indemnizados.<\/p>\n<p>Les ofrecen ir a prestar servicios de seguridad intramuros en inmuebles e instalaciones estrat\u00e9gicas, servicios de escoltas, monitoreo, manejo de alarmas y c\u00e1maras de videovigilancia, traslado de valores, rastreo y protecci\u00f3n en el autotransporte, entre otras.<\/p>\n<p>Formados en los principios de legalidad, objetividad, eficiencia, honradez, respeto a las garant\u00edas individuales y a los derechos humanos; muchos de ellos capacitados en inteligencia y contra inteligencia, planeaci\u00f3n, control de disturbios, manejo de armas o que han tomado cursos en potencias en seguridad, como Israel, ahora ir\u00e1n a integrarse a la seguridad privada, indic\u00f3 la AMESP.<\/p>\n<p>Su presidente, <strong>Joel Ju\u00e1rez Blanco<\/strong>, indic\u00f3 que tan s\u00f3lo sus empresas de traslados de valores operan el 95 por ciento del efectivo que circula en el pa\u00eds, cuyo manejo requiere de personal debidamente capacitado como son los de la polic\u00eda federal. \u00c9stas operan en todo el pa\u00eds, y siete de son filiales de empresas internacionales de gran prestigio.<\/p>\n<p><strong>Ju\u00e1rez Blanco,<\/strong> dijo que ser\u00eda una gran irresponsable que el pa\u00eds perdiera a estos elementos de la Polic\u00eda Federal, y mucho m\u00e1s grave que pudieran ir a formar parte de c\u00e1rteles y organizaciones delincuenciales. Sin embargo su contrataci\u00f3n no ser\u00e1 autom\u00e1tica y pasar\u00e1 por una rigurosa selecci\u00f3n, se\u00f1al\u00f3.<\/p>\n<p style=\"text-align: center;\"><strong>Libro premonitorio<\/strong><\/p>\n<p><strong>Ricardo Monreal<\/strong>, presidente de la Junta de Coordinaci\u00f3n Pol\u00edtica y coordinador de la mayor\u00eda de Morena en el Senado, present\u00f3 anoche el m\u00e1s reciente de sus libros en el que aborda la \u00abreforma al sistema financiero mexicano. Una visi\u00f3n de futuro\u00bb.<\/p>\n<p>Ah\u00ed <strong>Monreal <\/strong>considera que \u00abel sistema financiero debe ofrecer dos productos b\u00e1sicos que incluyan todo lo que el cliente necesita con las siguientes caracter\u00edsticas:<\/p>\n<ul>\n<li>Cuenta de n\u00f3mina o ahorro sin limitaciones, sin saldos m\u00ednimos y sin comisiones, con la banca electr\u00f3nica, SPEI y dos disposiciones en efectivo al mes en cualquier cajero autom\u00e1tico sin costo y<\/li>\n<li>Tarjetas de cr\u00e9dito con condiciones accesibles para la base de la pir\u00e1mide que permitan ampliar el acceso al cr\u00e9dito\u00bb.<\/li>\n<\/ul>\n<p>Y sin duda, \u00absuspender el c\u00f3mputo de intereses moratorios dentro de los primeros cinco d\u00edas h\u00e1biles posteriores al vencimiento del plazo l\u00edmite de pago establecido entre el usuario y la instituci\u00f3n financiera\u00bb.<\/p>\n<p>\u00abTanto el Banco de M\u00e9xico como la CNBV deber\u00edan establecer esquemas tarifarios que permitan reducir anualmente el cobro de comisiones por retiro y consulta de saldo a los usuarios en operaciones interbancarias\u00bb, precis\u00f3.<\/p>\n<p>Y realizar diez acciones precisas: digitalizaci\u00f3n de los pagos; sistema de identificaci\u00f3n nacional; acceso abierto a las plataformas del sistema financiero; transparencia y protecci\u00f3n; educaci\u00f3n financiera; regulaci\u00f3n sobre quiebras e insolvencia; simplificaci\u00f3n del marco regulatorio; ampliaci\u00f3n del ecosistema financiero; interoperabilidad del sistema, y habilitar el Banco de Bienestar.<\/p>\n<p>En s\u00edntesis, dice:<\/p>\n<p>\u00abUna nueva reforma financiera debe comenzar por hacer accesibles los servicios y productos financieros a una mayor cantidad de personas, lo cual no suceder\u00e1 si se mantienen los costos de acceso actuales, especialmente los concernientes al cr\u00e9dito y las comisiones bancarias\u00bb.<\/p>\n<p><em><a href=\"mailto:rvizcainoa@gmail.com\" target=\"_blank\" rel=\"noopener noreferrer\">rvizcainoa@gmail.com<\/a><br \/>\n<u><a href=\"http:\/\/endirecto.mx\" target=\"_blank\" rel=\"noopener noreferrer\">www.endirecto.mx<\/a><br \/>\n<a href=\"https:\/\/twitter.com\/_rvizcaino\" target=\"_blank\" rel=\"noopener noreferrer\">@_RVizcaino<\/a><br \/>\n<a href=\"https:\/\/www.facebook.com\/rvizcainoa\" target=\"_blank\" rel=\"noopener noreferrer\">facebook.com\/rvizcainoa<\/a><\/u><\/em><\/p>\n","protected":false},"excerpt":{"rendered":"<p><span style=\"color: #005497;\"><strong>Roberto Vizca\u00edno<\/strong><\/span><br \/>\n<br \/>\nCuando <strong>Andr\u00e9s Manuel L\u00f3pez Obrador<\/strong> dijo en una ma\u00f1anera que <strong>Carlos Urz\u00faa<\/strong> le hab\u00eda presentado un Plan de Desarrollo que pudo haber sido firmado por <strong>Jos\u00e9 Antonio Meade <\/strong>o<strong> Agust\u00edn Carstens,<\/strong> dej\u00f3 en claro que su ex secretario de Hacienda nunca lo entendi\u00f3 en lo del cambio de r\u00e9gimen.<\/p>\n","protected":false},"author":3,"featured_media":435231,"comment_status":"open","ping_status":"open","sticky":false,"template":"","format":"standard","meta":{"_monsterinsights_skip_tracking":false,"_monsterinsights_sitenote_active":false,"_monsterinsights_sitenote_note":"","_monsterinsights_sitenote_category":0,"footnotes":""},"categories":[136],"tags":[43674,93,94],"class_list":["post-435186","post","type-post","status-publish","format-standard","has-post-thumbnail","hentry","category-roberto-vizcaino-opinion","tag-opinion","tag-roberto-vizcaino","tag-tras-la-puerta-del-poder"],"_links":{"self":[{"href":"https:\/\/www.diarioimagen.net\/index.php?rest_route=\/wp\/v2\/posts\/435186","targetHints":{"allow":["GET"]}}],"collection":[{"href":"https:\/\/www.diarioimagen.net\/index.php?rest_route=\/wp\/v2\/posts"}],"about":[{"href":"https:\/\/www.diarioimagen.net\/index.php?rest_route=\/wp\/v2\/types\/post"}],"author":[{"embeddable":true,"href":"https:\/\/www.diarioimagen.net\/index.php?rest_route=\/wp\/v2\/users\/3"}],"replies":[{"embeddable":true,"href":"https:\/\/www.diarioimagen.net\/index.php?rest_route=%2Fwp%2Fv2%2Fcomments&post=435186"}],"version-history":[{"count":0,"href":"https:\/\/www.diarioimagen.net\/index.php?rest_route=\/wp\/v2\/posts\/435186\/revisions"}],"wp:featuredmedia":[{"embeddable":true,"href":"https:\/\/www.diarioimagen.net\/index.php?rest_route=\/wp\/v2\/media\/435231"}],"wp:attachment":[{"href":"https:\/\/www.diarioimagen.net\/index.php?rest_route=%2Fwp%2Fv2%2Fmedia&parent=435186"}],"wp:term":[{"taxonomy":"category","embeddable":true,"href":"https:\/\/www.diarioimagen.net\/index.php?rest_route=%2Fwp%2Fv2%2Fcategories&post=435186"},{"taxonomy":"post_tag","embeddable":true,"href":"https:\/\/www.diarioimagen.net\/index.php?rest_route=%2Fwp%2Fv2%2Ftags&post=435186"}],"curies":[{"name":"wp","href":"https:\/\/api.w.org\/{rel}","templated":true}]}}