{"id":435282,"date":"2019-07-13T00:05:57","date_gmt":"2019-07-13T05:05:57","guid":{"rendered":"https:\/\/www.diarioimagen.net\/?p=435282"},"modified":"2019-07-13T05:03:11","modified_gmt":"2019-07-13T10:03:11","slug":"ignacio-cabrera-fernandez-encabeza-el-consejo-de-diplomacia-turistica-en-mexico-instalado-por-la-sectur-y-la-sre","status":"publish","type":"post","link":"https:\/\/www.diarioimagen.net\/?p=435282","title":{"rendered":"Ignacio Cabrera Fern\u00e1ndez encabeza el Consejo de Diplomacia Tur\u00edstica en M\u00e9xico instalado por la Sectur y la SRE"},"content":{"rendered":"<h2>De cinco estrellas<\/h2>\n<h5>Victoria Gonz\u00e1lez Prado<\/h5>\n<p>&nbsp;<\/p>\n<ul>\n<li><strong>&#8216;Volaris dio \u201ccampanazo\u201d por nueva colocaci\u00f3n de certificados burs\u00e1tiles fiduciarios por 500 millones de pesos en la BMV<\/strong><\/li>\n<li><strong>Una vez m\u00e1s <i>Club Premier<\/i> sorprende a sus socios y firma alianza con <i>Principal Financial Group M\u00e9xico<\/i><\/strong><\/li>\n<li><strong>Interjet transport\u00f3 en junio un mill\u00f3n 309 mil 147 pasajeros. Recibi\u00f3 dos nuevos aviones <\/strong><br \/>\n<strong>y estren\u00f3 dos rutas: M\u00e9xico-Medell\u00edn y Canc\u00fan-Medell\u00edn<\/strong><\/li>\n<\/ul>\n<p>&nbsp;<\/p>\n<div id=\"attachment_435283\" style=\"width: 470px\" class=\"wp-caption aligncenter\"><a href=\"https:\/\/www.diarioimagen.net\/?attachment_id=435283\" rel=\"attachment wp-att-435283\"><img loading=\"lazy\" decoding=\"async\" aria-describedby=\"caption-attachment-435283\" class=\"size-large wp-image-435283\" src=\"https:\/\/www.diarioimagen.net\/wp-content\/uploads\/2019\/07\/turismo-7-460x298.jpg\" alt=\"\" width=\"460\" height=\"298\" srcset=\"https:\/\/www.diarioimagen.net\/wp-content\/uploads\/2019\/07\/turismo-7-460x298.jpg 460w, https:\/\/www.diarioimagen.net\/wp-content\/uploads\/2019\/07\/turismo-7-240x156.jpg 240w, https:\/\/www.diarioimagen.net\/wp-content\/uploads\/2019\/07\/turismo-7.jpg 700w\" sizes=\"auto, (max-width: 460px) 100vw, 460px\" \/><\/a><p id=\"caption-attachment-435283\" class=\"wp-caption-text\">Miguel Torruco, Marcelo Ebrard e Ignacio Cabrera.<\/p><\/div>\n<p>&nbsp;<\/p>\n<p><b>Ignacio Cabrera Fern\u00e1ndez<\/b>, es el director general del Programa de Promoci\u00f3n Tur\u00edstica de la Secretaria de Relaciones Exteriores, anuncio que se dio a conocer ayer viernes con la presencia de los secretarios de Relaciones Exteriores (SRE), <b>Marcelo Ebrard<\/b> y de Turismo, <b>Miguel Torruco<\/b>.<span class=\"Apple-converted-space\">\u00a0<\/span><\/p>\n<p>A pesar de que todav\u00eda no se cuenta con presupuesto, ni estructura o plan espec\u00edfico para 2020 para el Consejo de Diplomacia Tur\u00edstica en M\u00e9xico, <b>Ebrard <\/b>indic\u00f3 que continuar\u00e1n las reuniones con el sector empresarial para definir las l\u00edneas de acci\u00f3n; sin embargo, en tres meses estar\u00e1n esperando contar con ello.<span class=\"Apple-converted-space\">\u00a0<\/span><\/p>\n<p>Asegur\u00f3 que tras la aprobaci\u00f3n del programa de trabajo y la instalaci\u00f3n del consejo, lo importante es ofrecer resultados a todos los estados de la Rep\u00fablica en los pa\u00edses del mundo. <span class=\"Apple-converted-space\">\u00a0<\/span><\/p>\n<p>\u201cUna vez que empiecen las propuestas para el presupuesto del pr\u00f3ximo a\u00f1o se cabildear\u00e1 con el Congreso para obtener mayores recursos. La iniciativa privada (IP), tambi\u00e9n participar\u00e1 con presupuesto para el Consejo\u201d, asegur\u00f3 el canciller. <span class=\"Apple-converted-space\">\u00a0<\/span><\/p>\n<p>Por su parte,<b> Ignacio Cabrera<\/b> sostuvo que el organismo contar\u00e1 con 28 empresarios que asesorar\u00e1n las acciones del \u00f3rgano entre ellos: <b>Pablo Azc\u00e1rraga<\/b>, presidente del CNET; <b>Miguel Alem\u00e1n Magnani<\/b>, presidente de Interjet; <b>Braulio Arsuaga<\/b>, presidente de Grupo Presidente; <b>Daniel Ch\u00e1vez Moran<\/b>, presidente de Grupo Vidanta, entre otros expertos del sector.<\/p>\n<p>\u00c9ste se apoyar\u00e1 del Servicio Exterior Mexicano, a trav\u00e9s de las representaciones del pa\u00eds en el mundo y el cual est\u00e1 conformado por 80 embajadas, 67 consulados y siete misiones diplom\u00e1ticas ante organismos internacionales.<\/p>\n<p><b>Miguel Torruco<\/b>, afirm\u00f3 que en los dos sexenios anteriores se gastaron cerca de 35 mil millones de pesos en el Consejo de Promoci\u00f3n Tur\u00edstica de M\u00e9xico; lo cual no se vio reflejado, pues M\u00e9xico se ubica, actualmente en la posici\u00f3n 16 en la captaci\u00f3n de divisas y en el n\u00famero 40 en gasto per c\u00e1pita.<\/p>\n<p>Asegur\u00f3 que entre enero y mayo de este a\u00f1o arribaron al pa\u00eds 18.2 millones de turistas internacionales, lo que represent\u00f3 aumento de 5.9 por ciento respecto al mismo periodo del 2018, generando derrama econ\u00f3mica de 10,110 millones de d\u00f3lares.<\/p>\n<p>De igual forma, el titular de la Sectur apunt\u00f3: \u201dla promoci\u00f3n tur\u00edstica de M\u00e9xico en el mundo es esencial porque no se puede vender lo que no se muestra y para ello se profesionalizar\u00e1 al cuerpo diplom\u00e1tico en materia de promoci\u00f3n y difusi\u00f3n. El objetivo es promover al destino M\u00e9xico en el mercado internacional lo que permitir\u00e1 reafirmar al pa\u00eds entre las principales potencias tur\u00edsticas del mundo\u201d. <span class=\"Apple-converted-space\">\u00a0<\/span><\/p>\n<p>Respecto al presupuesto, se\u00f1al\u00f3 que como lo mencion\u00f3 el canciller <b>Ebrard<\/b>, cabildear\u00e1n con la Secretar\u00eda de Hacienda y Cr\u00e9dito P\u00fablico (SHCP), as\u00ed como con la C\u00e1mara de Diputados y el Senado, para que se otorguen mayores recursos al programa, ante el retiro de los Recursos de No Residente (DNR), con el que se fondeaba el extinto Consejo de Promoci\u00f3n Tur\u00edstica de M\u00e9xico (CPTM).<span class=\"Apple-converted-space\">\u00a0<\/span><\/p>\n<p>M\u00e9xico espera cerrar 2019 con 43,3 millones de turistas internacionales, incremento del 4,7 por ciento con respecto a los datos de 2018, con derrama econ\u00f3mica de 23.600 millones de d\u00f3lares, 10,6<span class=\"Apple-converted-space\">\u00a0 <\/span>por ciento m\u00e1s que en 2018.<\/p>\n<p>\u2730\u2730\u2730\u2730\u2730 Volaris, en compa\u00f1\u00eda de inversionistas y Embajadores, dio \u201ccampanazo\u201d por la nueva colocaci\u00f3n de certificados burs\u00e1tiles fiduciarios por 500 millones de pesos en la Bolsa Mexicana de Valores (BMV).<\/p>\n<p><b>Enrique Beltranena<\/b>, presidente ejecutivo y director general de la aerol\u00ednea dijo: \u201cgracias a la confianza de nuestros inversionistas, podremos seguir financiando la llegada de nuevos aviones de \u00faltima tecnolog\u00eda, y con ellos estaremos cerca de m\u00e1s gente que viaja por primera vez, que quiere reunirse con sus familiares al otro lado de la frontera o busca descubrir lugares \u00fanicos a trav\u00e9s de la amplia oferta de rutas que hoy tenemos\u201d, coment\u00f3<span class=\"Apple-converted-space\">\u00a0<\/span><\/p>\n<p>La compa\u00f1\u00eda cuenta con 196 rutas dom\u00e9sticas e internacionales, a trav\u00e9s de las cuales ha transportado a 113.5 millones de pasajeros desde su nacimiento en 2006. \u201cSin duda el trabajo de nuestros Embajadores ha sido fundamental para construir y contar nuevos cap\u00edtulos en la historia de la familia Volaris\u201d, concluy\u00f3 <b>Beltranena<\/b>.<\/p>\n<p>Volaris es la \u00fanica aerol\u00ednea mexicana que cotiza tanto en la Bolsa Mexicana de Valores (BMV) en M\u00e9xico y la <i>New York Stock Exchange<\/i> (NYSE) en Estados Unidos.<\/p>\n<p>\u2730\u2730\u2730\u2730\u2730 Una vez m\u00e1s <i>Club Premier<\/i><b> <\/b>sorprende a sus socios<b> <\/b>con importante alianza<b>, <\/b>en esta ocasi\u00f3n con <i>Principal Financial Group M\u00e9xico<\/i>. En conferencia de prensa <b>Juan Pastrana<\/b>, CEO del programa de recompensas y <b>Jos\u00e9 Antonio Llaneza<\/b>, <i>Country Head<\/i> del grupo financiero anunciaron<\/p>\n<p>De esta forma m\u00e1s de 6 millones de socios del programa <i>Club Premier<\/i> podr\u00e1n acumular Puntos Premier ahorrando a trav\u00e9s de su afore o invirtiendo en fondo de inversi\u00f3n, gracias a su alianza con la gestora de activos <i>Principal.<\/i><\/p>\n<p>\u201cEn esta ocasi\u00f3n, los socios con Afore o Fondo de Inversi\u00f3n con <i>Principal <\/i>podr\u00e1n construir su futuro y disfrutar el presente con experiencias \u00fanicas y la uni\u00f3n con <i>Principal <\/i>cumple con su objetivo m\u00e1s relevante, que es recompensar la lealtad de los socios por sus compras diarias a trav\u00e9s de alianzas diversificadas y de alto valor\u201d, agreg\u00f3.<span class=\"Apple-converted-space\">\u00a0<\/span><\/p>\n<p>Por su parte,<b> Jos\u00e9 Antonio Llaneza<\/b> coment\u00f3: \u201cactualmente somos la \u00fanica empresa de la industria que est\u00e1 innovando para premiar a los clientes con Puntos Premier.\u201d<\/p>\n<p>\u201cEsta nueva Alianza es atractiva porque representa la oportunidad para nuestros clientes de tener beneficios tangibles inmediatos, as\u00ed como beneficios futuros realizando ahorro con aportaciones voluntarias o incrementando su inversi\u00f3n\u201d.<\/p>\n<p>\u201cLos clientes podr\u00e1n registrarse y acumular mensualmente Puntos Premier de acuerdo al saldo que tengan en su cuenta individual de Afore y\/o en sus contratos de Fondos de Inversi\u00f3n. Adem\u00e1s, por lanzamiento, recibir\u00e1n Puntos Premier extra si hacen su registro antes del 17 de septiembre de 2019\u201d. <span class=\"Apple-converted-space\">\u00a0<\/span><\/p>\n<p>Al mismo tiempo <b>Llaneza<\/b> explic\u00f3: \u201ca la fecha en M\u00e9xico tenemos alrededor de 3 millones de clientes, pues es el segundo pa\u00eds donde tenemos m\u00e1s clientes despu\u00e9s de China. Ellos, dependiendo del saldo promedio que manejen en su cuenta individual en su Afore o el promedio mensual en los fondos de inversi\u00f3n, podr\u00e1n acumular puntos y disponer de ellos en m\u00e1s de 100 empresas afiliadas (tienda en l\u00ednea, estancias en hoteles, vuelos y m\u00e1s).<\/p>\n<p>\u2730\u2730\u2730\u2730\u2730 Un mill\u00f3n 309 mil 147 pasajeros transport\u00f3 Interjet durante junio pasado en sus rutas dom\u00e9sticas e internacionales, lo que signific\u00f3 incremento de 15 por ciento en comparaci\u00f3n con en el mismo mes del a\u00f1o anterior.<span class=\"Apple-converted-space\">\u00a0<\/span><\/p>\n<p>El mercado internacional registr\u00f3 crecimiento del 29 por ciento, al haber atendido a 390 mil 616 viajeros. En las rutas nacionales traslad\u00f3 a 918 mil 531 personas, 10 por ciento m\u00e1s que en junio del 2018<\/p>\n<p>Los destinos dom\u00e9sticos, durante el sexto mes del presente a\u00f1o la l\u00ednea a\u00e9rea report\u00f3 factor de ocupaci\u00f3n del 88.6 por ciento y 89 por ciento en los internacionales, con lo que logr\u00f3 aumentos de 7 y 9 puntos porcentuales, respectivamente, comparado con igual mes del a\u00f1o pasado<\/p>\n<p>As\u00ed,<span class=\"Apple-converted-space\">\u00a0 <\/span>Interjet alcanz\u00f3 factor de ocupaci\u00f3n total, al promediar ambos mercados, del 89 por ciento para expansi\u00f3n cercana a los 8 puntos porcentuales<\/p>\n<p>Mientras que la demanda total medida en pasajeros-kil\u00f3metro disponibles (RPKs), aument\u00f3 19 por ciento respecto a junio de 2018, la oferta en asientos-kil\u00f3metro disponibles (ASKs) lo hizo en 9 por ciento<\/p>\n<p>Por otra parte con el objetivo de continuar con su estrategia de expansi\u00f3n y modernizaci\u00f3n, y seguir incrementando su n\u00famero de pasajeros transportados, la aerol\u00ednea recibi\u00f3 dos aviones <i>Airbus A320<\/i> de la m\u00e1s alta tecnolog\u00eda.<\/p>\n<p>El incremento de la flota representa uno de los grandes pilares en su consolidaci\u00f3n de crecimiento por lo que inici\u00f3 recientemente operaciones en las rutas: M\u00e9xico-Medell\u00edn y Canc\u00fan-Medell\u00edn.<\/p>\n<p>Los <i>Airbus <\/i>son equipos que brindan confort y seguridad en beneficio de los viajeros, adem\u00e1s de que ofrecen bajos niveles de emisiones de ruido y gases contaminantes que incluso superan los est\u00e1ndares de las normas internacionales.<\/p>\n<p><span class=\"Apple-converted-space\"><em><a href=\"mailto:victoriagprado@gmail.com\" target=\"_blank\" rel=\"noopener noreferrer\">victoriagprado@gmail.com<\/a><\/em><br \/>\n<em>Twitter: <a href=\"https:\/\/twitter.com\/victoriagprado\" target=\"_blank\" rel=\"noopener noreferrer\">@victoriagprado<\/a><\/em><\/span><\/p>\n","protected":false},"excerpt":{"rendered":"<p>Ignacio Cabrera Fern\u00e1ndez, es el director general del Programa de Promoci\u00f3n Tur\u00edstica de la Secretaria de Relaciones Exteriores, anuncio que se dio a conocer ayer viernes con la presencia de los secretarios de Relaciones Exteriores (SRE), Marcelo Ebrard y de Turismo, Miguel Torruco.\u00a0<\/p>\n","protected":false},"author":1,"featured_media":435283,"comment_status":"open","ping_status":"open","sticky":false,"template":"","format":"standard","meta":{"_monsterinsights_skip_tracking":false,"_monsterinsights_sitenote_active":false,"_monsterinsights_sitenote_note":"","_monsterinsights_sitenote_category":0,"footnotes":""},"categories":[11],"tags":[107,43681,106],"class_list":["post-435282","post","type-post","status-publish","format-standard","has-post-thumbnail","hentry","category-turismo","tag-de-cinco-estrellas","tag-turismo","tag-victoria-gonzalez-prado"],"_links":{"self":[{"href":"https:\/\/www.diarioimagen.net\/index.php?rest_route=\/wp\/v2\/posts\/435282","targetHints":{"allow":["GET"]}}],"collection":[{"href":"https:\/\/www.diarioimagen.net\/index.php?rest_route=\/wp\/v2\/posts"}],"about":[{"href":"https:\/\/www.diarioimagen.net\/index.php?rest_route=\/wp\/v2\/types\/post"}],"author":[{"embeddable":true,"href":"https:\/\/www.diarioimagen.net\/index.php?rest_route=\/wp\/v2\/users\/1"}],"replies":[{"embeddable":true,"href":"https:\/\/www.diarioimagen.net\/index.php?rest_route=%2Fwp%2Fv2%2Fcomments&post=435282"}],"version-history":[{"count":0,"href":"https:\/\/www.diarioimagen.net\/index.php?rest_route=\/wp\/v2\/posts\/435282\/revisions"}],"wp:featuredmedia":[{"embeddable":true,"href":"https:\/\/www.diarioimagen.net\/index.php?rest_route=\/wp\/v2\/media\/435283"}],"wp:attachment":[{"href":"https:\/\/www.diarioimagen.net\/index.php?rest_route=%2Fwp%2Fv2%2Fmedia&parent=435282"}],"wp:term":[{"taxonomy":"category","embeddable":true,"href":"https:\/\/www.diarioimagen.net\/index.php?rest_route=%2Fwp%2Fv2%2Fcategories&post=435282"},{"taxonomy":"post_tag","embeddable":true,"href":"https:\/\/www.diarioimagen.net\/index.php?rest_route=%2Fwp%2Fv2%2Ftags&post=435282"}],"curies":[{"name":"wp","href":"https:\/\/api.w.org\/{rel}","templated":true}]}}