{"id":435319,"date":"2019-07-15T00:08:30","date_gmt":"2019-07-15T05:08:30","guid":{"rendered":"https:\/\/www.diarioimagen.net\/?p=435319"},"modified":"2019-07-15T03:38:38","modified_gmt":"2019-07-15T08:38:38","slug":"mas-seguridad-en-nicolas-romero-con-450-elementos-de-la-guardia-nacional","status":"publish","type":"post","link":"https:\/\/www.diarioimagen.net\/?p=435319","title":{"rendered":"M\u00e1s seguridad en Nicol\u00e1s Romero con 450 elementos de la Guardia Nacional"},"content":{"rendered":"<ul>\n<li><strong><em>Se incorporar\u00e1n en el transcurso de la semana<\/em><\/strong><\/li>\n<\/ul>\n<p>&nbsp;<\/p>\n<div id=\"attachment_435362\" style=\"width: 470px\" class=\"wp-caption aligncenter\"><a href=\"https:\/\/www.diarioimagen.net\/?attachment_id=435362\" rel=\"attachment wp-att-435362\"><img loading=\"lazy\" decoding=\"async\" aria-describedby=\"caption-attachment-435362\" class=\"wp-image-435362 size-large\" src=\"https:\/\/www.diarioimagen.net\/wp-content\/uploads\/2019\/07\/NICOLAS-15-460x259.jpg\" alt=\"\" width=\"460\" height=\"259\" srcset=\"https:\/\/www.diarioimagen.net\/wp-content\/uploads\/2019\/07\/NICOLAS-15-460x259.jpg 460w, https:\/\/www.diarioimagen.net\/wp-content\/uploads\/2019\/07\/NICOLAS-15-240x135.jpg 240w, https:\/\/www.diarioimagen.net\/wp-content\/uploads\/2019\/07\/NICOLAS-15-235x132.jpg 235w, https:\/\/www.diarioimagen.net\/wp-content\/uploads\/2019\/07\/NICOLAS-15-202x114.jpg 202w, https:\/\/www.diarioimagen.net\/wp-content\/uploads\/2019\/07\/NICOLAS-15-350x196.jpg 350w, https:\/\/www.diarioimagen.net\/wp-content\/uploads\/2019\/07\/NICOLAS-15-220x123.jpg 220w, https:\/\/www.diarioimagen.net\/wp-content\/uploads\/2019\/07\/NICOLAS-15-237x132.jpg 237w, https:\/\/www.diarioimagen.net\/wp-content\/uploads\/2019\/07\/NICOLAS-15.jpg 480w\" sizes=\"auto, (max-width: 460px) 100vw, 460px\" \/><\/a><p id=\"caption-attachment-435362\" class=\"wp-caption-text\">M\u00e1s de 400 efectivos de la Guardia Nacional llegar\u00e1n a Nicol\u00e1s Romero, se inform\u00f3 en la sesi\u00f3n del Consejo Municipal de Seguridad P\u00fablica.<\/p><\/div>\n<p>&nbsp;<\/p>\n<p><strong>Nicol\u00e1s Romero, Estado de M\u00e9xico<\/strong>.- Para reforzar la fuerza p\u00fablica municipal, la vigilancia y operatividad en el territorio, 450 elementos de la Guardia Nacional llegar\u00e1n a Nicol\u00e1s Romero, se inform\u00f3 en la Tercera Sesi\u00f3n del Consejo Municipal de Seguridad P\u00fablica.<\/p>\n<p>Se tiene contemplado que los efectivos empiecen a incorporarse en el transcurso de la semana y ser\u00e1 de manera paulatina.<\/p>\n<p>De acuerdo con el Presidente Municipal, Armando Navarrete, y con est\u00e1ndares internacionales, en Nicol\u00e1s Romero se necesitan por lo menos mil 200 polic\u00edas, por el n\u00famero de habitantes que hay en el territorio municipal, cifra que asciende a 410 mil personas.<\/p>\n<p>Para cuidar la integridad de la poblaci\u00f3n y como parte de las 5 acciones de la estrategia de seguridad que se aplica en el municipio, desde el primer d\u00eda de su mandato se tienen operaciones coordinadas con los distintos niveles de gobierno.<\/p>\n<p>\u201cPara eso son las mesas que se tienen todos los d\u00edas a las 8 de la ma\u00f1ana y, de manera adicional, est\u00e1 lo de la Guardia Nacional, estamos a semanas, a d\u00edas de que esto pueda darse en nuestro municipio.<\/p>\n<p>\u201cLo que tenemos, por lo pronto, es el respaldo del Ej\u00e9rcito, que ha sido contundente, y de la Polic\u00eda Militar. Tambi\u00e9n debo reconocer que hay una excelente disposici\u00f3n de la Fiscal\u00eda, ha habido muy buena coordinaci\u00f3n, es lo que ha fluido muy bien\u201c, refiri\u00f3 Navarrete en la reuni\u00f3n sostenida en el Palacio Municipal.<\/p>\n<p>Tambi\u00e9n destac\u00f3 que la ciudadan\u00eda debe tener claro que la seguridad es un tema que compete al Estado, es decir, a los tres niveles de gobierno, no s\u00f3lo al municipal.<\/p>\n<p>\u201cY, cuando hablamos del Estado, hablamos de los tres niveles de gobierno y hablamos de los tres poderes, porque tambi\u00e9n hemos tenido casos donde la Polic\u00eda hace su trabajo, la Fiscal\u00eda hace su trabajo y, de pronto, por un vac\u00edo legal, los delincuentes terminan saliendo libres\u201c, detall\u00f3 el Mun\u00edcipe.<\/p>\n<p>Reiter\u00f3 que el gobierno que encabeza comparte la estrategia del Presidente Andr\u00e9s Manuel L\u00f3pez Obrador y su visi\u00f3n de que la paz social es resultado de la justicia social.<\/p>\n","protected":false},"excerpt":{"rendered":"<p>Para reforzar la fuerza p\u00fablica municipal, la vigilancia y operatividad en el territorio, 450 elementos de la Guardia Nacional llegar\u00e1n a Nicol\u00e1s Romero, se inform\u00f3 en la Tercera Sesi\u00f3n del Consejo Municipal de Seguridad P\u00fablica.<\/p>\n","protected":false},"author":3,"featured_media":435362,"comment_status":"open","ping_status":"open","sticky":false,"template":"","format":"standard","meta":{"_monsterinsights_skip_tracking":false,"_monsterinsights_sitenote_active":false,"_monsterinsights_sitenote_note":"","_monsterinsights_sitenote_category":0,"footnotes":""},"categories":[5],"tags":[43675,4160,752],"class_list":["post-435319","post","type-post","status-publish","format-standard","has-post-thumbnail","hentry","category-estado-de-mexico","tag-estado-de-mexico","tag-guardia-nacional","tag-nicolas-romero"],"_links":{"self":[{"href":"https:\/\/www.diarioimagen.net\/index.php?rest_route=\/wp\/v2\/posts\/435319","targetHints":{"allow":["GET"]}}],"collection":[{"href":"https:\/\/www.diarioimagen.net\/index.php?rest_route=\/wp\/v2\/posts"}],"about":[{"href":"https:\/\/www.diarioimagen.net\/index.php?rest_route=\/wp\/v2\/types\/post"}],"author":[{"embeddable":true,"href":"https:\/\/www.diarioimagen.net\/index.php?rest_route=\/wp\/v2\/users\/3"}],"replies":[{"embeddable":true,"href":"https:\/\/www.diarioimagen.net\/index.php?rest_route=%2Fwp%2Fv2%2Fcomments&post=435319"}],"version-history":[{"count":0,"href":"https:\/\/www.diarioimagen.net\/index.php?rest_route=\/wp\/v2\/posts\/435319\/revisions"}],"wp:featuredmedia":[{"embeddable":true,"href":"https:\/\/www.diarioimagen.net\/index.php?rest_route=\/wp\/v2\/media\/435362"}],"wp:attachment":[{"href":"https:\/\/www.diarioimagen.net\/index.php?rest_route=%2Fwp%2Fv2%2Fmedia&parent=435319"}],"wp:term":[{"taxonomy":"category","embeddable":true,"href":"https:\/\/www.diarioimagen.net\/index.php?rest_route=%2Fwp%2Fv2%2Fcategories&post=435319"},{"taxonomy":"post_tag","embeddable":true,"href":"https:\/\/www.diarioimagen.net\/index.php?rest_route=%2Fwp%2Fv2%2Ftags&post=435319"}],"curies":[{"name":"wp","href":"https:\/\/api.w.org\/{rel}","templated":true}]}}