{"id":435321,"date":"2019-07-15T00:07:01","date_gmt":"2019-07-15T05:07:01","guid":{"rendered":"https:\/\/www.diarioimagen.net\/?p=435321"},"modified":"2019-07-15T03:39:45","modified_gmt":"2019-07-15T08:39:45","slug":"toluca-a-la-vanguardia-en-el-servicio-municipal-de-empleo","status":"publish","type":"post","link":"https:\/\/www.diarioimagen.net\/?p=435321","title":{"rendered":"Toluca, a la vanguardia en el Servicio Municipal de Empleo"},"content":{"rendered":"<p><a href=\"https:\/\/www.diarioimagen.net\/?attachment_id=435365\" rel=\"attachment wp-att-435365\"><img loading=\"lazy\" decoding=\"async\" class=\"aligncenter size-large wp-image-435365\" src=\"https:\/\/www.diarioimagen.net\/wp-content\/uploads\/2019\/07\/toluca-460x259.jpg\" alt=\"\" width=\"460\" height=\"259\" srcset=\"https:\/\/www.diarioimagen.net\/wp-content\/uploads\/2019\/07\/toluca-460x259.jpg 460w, https:\/\/www.diarioimagen.net\/wp-content\/uploads\/2019\/07\/toluca-240x135.jpg 240w, https:\/\/www.diarioimagen.net\/wp-content\/uploads\/2019\/07\/toluca-235x132.jpg 235w, https:\/\/www.diarioimagen.net\/wp-content\/uploads\/2019\/07\/toluca-202x114.jpg 202w, https:\/\/www.diarioimagen.net\/wp-content\/uploads\/2019\/07\/toluca-350x196.jpg 350w, https:\/\/www.diarioimagen.net\/wp-content\/uploads\/2019\/07\/toluca-220x123.jpg 220w, https:\/\/www.diarioimagen.net\/wp-content\/uploads\/2019\/07\/toluca-237x132.jpg 237w, https:\/\/www.diarioimagen.net\/wp-content\/uploads\/2019\/07\/toluca.jpg 480w\" sizes=\"auto, (max-width: 460px) 100vw, 460px\" \/><\/a><\/p>\n<p>&nbsp;<\/p>\n<p><strong>Toluca, Estado de M\u00e9xico.- <\/strong>Toluca se ha convertido en punta de lanza en materia del Servicio Municipal de Empleo, derivado de las estrategias transversales que ha aplicado la presente administraci\u00f3n para vincular a los buscadores de trabajo con las vacantes existentes.<\/p>\n<p>La revista Empleo y Capacitaci\u00f3n, publicada por el Gobierno del Estado de M\u00e9xico, a trav\u00e9s de la Secretar\u00eda del Trabajo, posiciona a Toluca como el municipio n\u00famero uno en cuanto a personas vinculadas a un trabajo formal durante el trimestre enero-marzo de 2019, por encima de sus similares con vocaci\u00f3n empresarial e industrial como Naucalpan, Cuautitl\u00e1n Izcalli, Nicol\u00e1s Romero, Tlalnepantla y Nezahualc\u00f3yotl.<\/p>\n","protected":false},"excerpt":{"rendered":"<p>Toluca se ha convertido en punta de lanza en materia del Servicio Municipal de Empleo, derivado de las estrategias transversales que ha aplicado la presente administraci\u00f3n para vincular a los buscadores de trabajo con las vacantes existentes.<\/p>\n","protected":false},"author":3,"featured_media":435365,"comment_status":"open","ping_status":"open","sticky":false,"template":"","format":"standard","meta":{"_monsterinsights_skip_tracking":false,"_monsterinsights_sitenote_active":false,"_monsterinsights_sitenote_note":"","_monsterinsights_sitenote_category":0,"footnotes":""},"categories":[5],"tags":[43675,86766,452],"class_list":["post-435321","post","type-post","status-publish","format-standard","has-post-thumbnail","hentry","category-estado-de-mexico","tag-estado-de-mexico","tag-servicio-municipal-de-empleo","tag-toluca"],"_links":{"self":[{"href":"https:\/\/www.diarioimagen.net\/index.php?rest_route=\/wp\/v2\/posts\/435321","targetHints":{"allow":["GET"]}}],"collection":[{"href":"https:\/\/www.diarioimagen.net\/index.php?rest_route=\/wp\/v2\/posts"}],"about":[{"href":"https:\/\/www.diarioimagen.net\/index.php?rest_route=\/wp\/v2\/types\/post"}],"author":[{"embeddable":true,"href":"https:\/\/www.diarioimagen.net\/index.php?rest_route=\/wp\/v2\/users\/3"}],"replies":[{"embeddable":true,"href":"https:\/\/www.diarioimagen.net\/index.php?rest_route=%2Fwp%2Fv2%2Fcomments&post=435321"}],"version-history":[{"count":0,"href":"https:\/\/www.diarioimagen.net\/index.php?rest_route=\/wp\/v2\/posts\/435321\/revisions"}],"wp:featuredmedia":[{"embeddable":true,"href":"https:\/\/www.diarioimagen.net\/index.php?rest_route=\/wp\/v2\/media\/435365"}],"wp:attachment":[{"href":"https:\/\/www.diarioimagen.net\/index.php?rest_route=%2Fwp%2Fv2%2Fmedia&parent=435321"}],"wp:term":[{"taxonomy":"category","embeddable":true,"href":"https:\/\/www.diarioimagen.net\/index.php?rest_route=%2Fwp%2Fv2%2Fcategories&post=435321"},{"taxonomy":"post_tag","embeddable":true,"href":"https:\/\/www.diarioimagen.net\/index.php?rest_route=%2Fwp%2Fv2%2Ftags&post=435321"}],"curies":[{"name":"wp","href":"https:\/\/api.w.org\/{rel}","templated":true}]}}