{"id":435325,"date":"2019-07-15T00:05:28","date_gmt":"2019-07-15T05:05:28","guid":{"rendered":"https:\/\/www.diarioimagen.net\/?p=435325"},"modified":"2019-07-15T03:45:18","modified_gmt":"2019-07-15T08:45:18","slug":"beneficia-a-miles-de-naucalpenses-reactivacion-del-par-vial-san-mateo-afirma-david-parra","status":"publish","type":"post","link":"https:\/\/www.diarioimagen.net\/?p=435325","title":{"rendered":"Beneficia a miles de naucalpenses reactivaci\u00f3n del Par Vial San Mateo, afirma David Parra"},"content":{"rendered":"<ul>\n<li><strong><em>Desahogar\u00e1 el tr\u00e1nsito de la zona<\/em><\/strong><\/li>\n<\/ul>\n<p>&nbsp;<\/p>\n<div id=\"attachment_435371\" style=\"width: 470px\" class=\"wp-caption aligncenter\"><a href=\"https:\/\/www.diarioimagen.net\/?attachment_id=435371\" rel=\"attachment wp-att-435371\"><img loading=\"lazy\" decoding=\"async\" aria-describedby=\"caption-attachment-435371\" class=\"size-large wp-image-435371\" src=\"https:\/\/www.diarioimagen.net\/wp-content\/uploads\/2019\/07\/NAUCALPAN-15-460x259.jpg\" alt=\"\" width=\"460\" height=\"259\" srcset=\"https:\/\/www.diarioimagen.net\/wp-content\/uploads\/2019\/07\/NAUCALPAN-15-460x259.jpg 460w, https:\/\/www.diarioimagen.net\/wp-content\/uploads\/2019\/07\/NAUCALPAN-15-240x135.jpg 240w, https:\/\/www.diarioimagen.net\/wp-content\/uploads\/2019\/07\/NAUCALPAN-15-235x132.jpg 235w, https:\/\/www.diarioimagen.net\/wp-content\/uploads\/2019\/07\/NAUCALPAN-15-202x114.jpg 202w, https:\/\/www.diarioimagen.net\/wp-content\/uploads\/2019\/07\/NAUCALPAN-15-350x196.jpg 350w, https:\/\/www.diarioimagen.net\/wp-content\/uploads\/2019\/07\/NAUCALPAN-15-220x123.jpg 220w, https:\/\/www.diarioimagen.net\/wp-content\/uploads\/2019\/07\/NAUCALPAN-15-237x132.jpg 237w, https:\/\/www.diarioimagen.net\/wp-content\/uploads\/2019\/07\/NAUCALPAN-15.jpg 480w\" sizes=\"auto, (max-width: 460px) 100vw, 460px\" \/><\/a><p id=\"caption-attachment-435371\" class=\"wp-caption-text\">La construcci\u00f3n del Par Vial San Mateo para beneficio directo de m\u00e1s de 250 mil naucalpenses, destac\u00f3 David Parra.<\/p><\/div>\n<p>&nbsp;<\/p>\n<p><strong>Naucalpan, Estado de M\u00e9xico<\/strong>.- Despu\u00e9s\u00a0 de varias d\u00e9cadas de falsas promesas de partidos pol\u00edticos, se concret\u00f3 la construcci\u00f3n del Par Vial San Mateo para beneficio directo de m\u00e1s de 250 mil naucalpenses y dicha vialidad permitir\u00e1 desahogar el tr\u00e1nsito de la zona y reducir los tiempos de traslado que ocasionan un caos en esa zona.<\/p>\n<p>Asegur\u00f3 en entrevista el l\u00edder social, David Parra S\u00e1nchez, luego de destacar que tal y como lo prometi\u00f3 el gobernador Alfredo del Mazo\u00a0 \u201cel objetivo de los Gobiernos Estatal y Municipal, son el garantizar una mejor calidad de vida para los habitantes de Naucalpan y mediante la realizaci\u00f3n de diversas obras de beneficio social se encaminan a lograrlo, lo que demuestra que hay una plena coordinaci\u00f3n entre los gobiernos en beneficio de los naucalpenses, que por muchos a\u00f1os anhelaron su realizaci\u00f3n e inclusive ya muchos de ellos fallecieron. \u201d, asegur\u00f3.<\/p>\n<p>Sobre la reactivaci\u00f3n del Par Vial, el empresario Julio Ruiz;\u00a0 los l\u00edderes sociales, Enrique Meza, Arturo Velasco y Miguel Navarro, entre otros, destacaron qu\u00e9 \u201cefectivamente, aprovechando de la necesidad que por m\u00e1s de 25 a\u00f1os hab\u00edan solicitado los vecinos de San Mateo, hoy algunos partidos pol\u00edticos, aseguran ser los responsables directos de la promoci\u00f3n de dicha obra, cosa que resulta falsa, pues \u201cla Construcci\u00f3n del Par Vial de San Mateo es una lucha social y no partidista\u201d, coincidieron.<\/p>\n<p>Por otra parte, Parra S\u00e1nchez, resalt\u00f3 que \u201cla construcci\u00f3n beneficiar\u00e1 a miles de automovilistas que diariamente usan el Camino Real a San Mateo para llegar a sus hogares o a sus centros laborales, adem\u00e1s de que el mandatario mexiquense, cumple as\u00ed con un compromiso de elevar la calidad de vida de los naucalpenses, dotando de una alternativa vial a los habitantes de esta regi\u00f3n\u201d, dijo.<\/p>\n<p>Reconoci\u00f3 que \u201ccon esta acci\u00f3n, se beneficiar\u00e1, a los habitantes de aproximadamente 19 colonias de la zona, la cual registra un severo problema de tr\u00e1fico, principalmente a las horas pico, ya que la \u00fanica vialidad para acceder a este lugar es el Camino Real a San Mateo y por la cantidad de coches, que circulan por ella, actualmente es insuficiente\u201d, apunt\u00f3.<\/p>\n<p>El tambi\u00e9n asesor del SUTEyM\u00a0 reconoci\u00f3 que con este tipo de acciones de los gobiernos estatal y municipal, se muestra claramente que se est\u00e1 trabajando para y por los naucalpenses, pues para la realizaci\u00f3n de esta obra el Cabildo, autoriz\u00f3 la ampliaci\u00f3n del techo financiero por 20 millones de pesos con cargo a recursos municipales propios del Ejercicio Fiscal 2009, que se vienen a sumar a los 40 ya aprobados en 2007, para llegar a un total de 60 millones, destac\u00f3.<\/p>\n<p>El monto total de la construcci\u00f3n del Par Vial San Mateo-Rinc\u00f3n Verde ser\u00e1 de 100 millones de pesos de los cuales 60 millones son recursos municipales, 20 millones con cargo a remanentes provenientes del Ramo 33 y 20 millones con cargo a recursos provenientes del Programa de Apoyo al Gasto de Inversi\u00f3n de los Municipios (PAGIM).<\/p>\n","protected":false},"excerpt":{"rendered":"<p>Despu\u00e9s\u00a0 de varias d\u00e9cadas de falsas promesas de partidos pol\u00edticos, se concret\u00f3 la construcci\u00f3n del Par Vial San Mateo para beneficio directo de m\u00e1s de 250 mil naucalpenses y dicha vialidad permitir\u00e1 desahogar el tr\u00e1nsito de la zona y reducir los tiempos de traslado que ocasionan un caos en esa zona.<\/p>\n","protected":false},"author":3,"featured_media":435371,"comment_status":"open","ping_status":"open","sticky":false,"template":"","format":"standard","meta":{"_monsterinsights_skip_tracking":false,"_monsterinsights_sitenote_active":false,"_monsterinsights_sitenote_note":"","_monsterinsights_sitenote_category":0,"footnotes":""},"categories":[5],"tags":[43675,970,86768],"class_list":["post-435325","post","type-post","status-publish","format-standard","has-post-thumbnail","hentry","category-estado-de-mexico","tag-estado-de-mexico","tag-naucalpan","tag-par-vial-san-mateo"],"_links":{"self":[{"href":"https:\/\/www.diarioimagen.net\/index.php?rest_route=\/wp\/v2\/posts\/435325","targetHints":{"allow":["GET"]}}],"collection":[{"href":"https:\/\/www.diarioimagen.net\/index.php?rest_route=\/wp\/v2\/posts"}],"about":[{"href":"https:\/\/www.diarioimagen.net\/index.php?rest_route=\/wp\/v2\/types\/post"}],"author":[{"embeddable":true,"href":"https:\/\/www.diarioimagen.net\/index.php?rest_route=\/wp\/v2\/users\/3"}],"replies":[{"embeddable":true,"href":"https:\/\/www.diarioimagen.net\/index.php?rest_route=%2Fwp%2Fv2%2Fcomments&post=435325"}],"version-history":[{"count":0,"href":"https:\/\/www.diarioimagen.net\/index.php?rest_route=\/wp\/v2\/posts\/435325\/revisions"}],"wp:featuredmedia":[{"embeddable":true,"href":"https:\/\/www.diarioimagen.net\/index.php?rest_route=\/wp\/v2\/media\/435371"}],"wp:attachment":[{"href":"https:\/\/www.diarioimagen.net\/index.php?rest_route=%2Fwp%2Fv2%2Fmedia&parent=435325"}],"wp:term":[{"taxonomy":"category","embeddable":true,"href":"https:\/\/www.diarioimagen.net\/index.php?rest_route=%2Fwp%2Fv2%2Fcategories&post=435325"},{"taxonomy":"post_tag","embeddable":true,"href":"https:\/\/www.diarioimagen.net\/index.php?rest_route=%2Fwp%2Fv2%2Ftags&post=435325"}],"curies":[{"name":"wp","href":"https:\/\/api.w.org\/{rel}","templated":true}]}}