{"id":435457,"date":"2019-07-16T00:20:26","date_gmt":"2019-07-16T05:20:26","guid":{"rendered":"https:\/\/www.diarioimagen.net\/?p=435457"},"modified":"2019-07-17T03:09:20","modified_gmt":"2019-07-17T08:09:20","slug":"esperan-aqui-respuesta-mas-de-20-mil-indocumentados","status":"publish","type":"post","link":"https:\/\/www.diarioimagen.net\/?p=435457","title":{"rendered":"Esperan aqu\u00ed respuesta m\u00e1s de 20 mil indocumentados"},"content":{"rendered":"<p><a href=\"https:\/\/www.diarioimagen.net\/wp-content\/uploads\/2019\/07\/ASILO16.jpg\"><img loading=\"lazy\" decoding=\"async\" class=\"aligncenter size-large wp-image-435508\" src=\"https:\/\/www.diarioimagen.net\/wp-content\/uploads\/2019\/07\/ASILO16-460x259.jpg\" alt=\"\" width=\"460\" height=\"259\" srcset=\"https:\/\/www.diarioimagen.net\/wp-content\/uploads\/2019\/07\/ASILO16-460x259.jpg 460w, https:\/\/www.diarioimagen.net\/wp-content\/uploads\/2019\/07\/ASILO16-240x135.jpg 240w, https:\/\/www.diarioimagen.net\/wp-content\/uploads\/2019\/07\/ASILO16-235x132.jpg 235w, https:\/\/www.diarioimagen.net\/wp-content\/uploads\/2019\/07\/ASILO16-202x114.jpg 202w, https:\/\/www.diarioimagen.net\/wp-content\/uploads\/2019\/07\/ASILO16-350x196.jpg 350w, https:\/\/www.diarioimagen.net\/wp-content\/uploads\/2019\/07\/ASILO16-220x123.jpg 220w, https:\/\/www.diarioimagen.net\/wp-content\/uploads\/2019\/07\/ASILO16-237x132.jpg 237w, https:\/\/www.diarioimagen.net\/wp-content\/uploads\/2019\/07\/ASILO16.jpg 480w\" sizes=\"auto, (max-width: 460px) 100vw, 460px\" \/><\/a><\/p>\n<p>&nbsp;<\/p>\n<p>M\u00e1s de 20 mil migrantes se encuentran en territorio mexicano en espera de que Estados Unidos resuelva sus solicitudes de asilo y a quienes el gobierno federal no puede expulsar, de ah\u00ed que ya existe una estrategia federal de atenci\u00f3n.<\/p>\n<p>Durante una reuni\u00f3n de trabajo con las comisiones unidas de Asuntos Migratorios, Asuntos Frontera Norte y Asuntos Frontera Sur, el subsecretario para Am\u00e9rica Latina y el Caribe de la Secretar\u00eda de Relaciones Exteriores, Maximiliano Reyes. Detall\u00f3 que se trata de migrantes de 11 nacionalidades, que en su mayor\u00eda est\u00e1 en Baja California.<\/p>\n<p>\u00abActualmente hay en M\u00e9xico 20 mil 839 personas de 11 nacionalidades que est\u00e1n esperando respuesta a su solicitud de asilo de Estados Unidos, el n\u00famero diario de personas que la obtiene o que regresa a esperarla var\u00eda y tambi\u00e9n var\u00eda el puerto fronterizo, la mayor\u00eda, el 50 por ciento, se encuentra en Baja California\u00bb.<\/p>\n<p>Advirti\u00f3 que son personas que no quieren abandonar el pa\u00eds y a quienes el gobierno federal no puede expulsar, de ah\u00ed que ya existe una estrategia federal de atenci\u00f3n.<\/p>\n<p>\u00abSon personas que no quieren retornar a su pa\u00eds de origen, evidentemente que si no quieren retornar, M\u00e9xico no las puede obligar a que retornen, porque est\u00e1n esperando su respuesta de tr\u00e1mite con Estados Unidos y, adem\u00e1s, esa es una diferencia con el tercer pa\u00eds seguro: M\u00e9xico no tiene la obligaci\u00f3n de retornarlos, no podemos retornarlos y, obviamente, no vamos a retornarlos\u00bb, asegur\u00f3.<\/p>\n<p>El funcionario dijo que, para atender a esta poblaci\u00f3n, el presidente Andr\u00e9s Manuel L\u00f3pez Obrador responsabiliz\u00f3 al subsecretario de Empleo de la Secretar\u00eda del Trabajo y Previsi\u00f3n Social, Horacio Duarte.<\/p>\n<p>Reyes dijo que la estrategia del Gobierno federal para este sector est\u00e1 enfocada en tres puntos: evitar que los migrantes sean objetivos del crimen organizado, garantizarles condiciones de alojamiento dignos y promover que accedan a fuentes de empleo mientras permanezcan en el pa\u00eds.<\/p>\n<p>\u00abPara la atenci\u00f3n de los mismos es que el presidente responsabiliz\u00f3 al subsecretario Horacio Durarte, primero, con el prop\u00f3sito de que mientras se encuentren en M\u00e9xico est\u00e9n seguros y no caigan en manos de la delincuencia organizada, no queremos que se repitan situaciones lamentables del pasado\u00bb, se\u00f1al\u00f3.<\/p>\n<p>Reyes reiter\u00f3 que mil 807 mexicanos est\u00e1n en espera de ser deportados de Estados Unidos a M\u00e9xico en los pr\u00f3ximos d\u00edas, como resultado de las medidas migratorias anunciadas recientemente por el presidente Donald Trump.<\/p>\n","protected":false},"excerpt":{"rendered":"<p>M\u00e1s de 20 mil migrantes se encuentran en territorio mexicano en espera de que Estados Unidos resuelva sus solicitudes de asilo y a quienes el gobierno federal no puede expulsar, de ah\u00ed que ya existe una estrategia federal de atenci\u00f3n.<\/p>\n","protected":false},"author":3,"featured_media":435508,"comment_status":"open","ping_status":"open","sticky":false,"template":"","format":"standard","meta":{"_monsterinsights_skip_tracking":false,"_monsterinsights_sitenote_active":false,"_monsterinsights_sitenote_note":"","_monsterinsights_sitenote_category":0,"footnotes":""},"categories":[25512],"tags":[10304,46924],"class_list":["post-435457","post","type-post","status-publish","format-standard","has-post-thumbnail","hentry","category-nacional-nacional","tag-indocumentados","tag-respuesta"],"_links":{"self":[{"href":"https:\/\/www.diarioimagen.net\/index.php?rest_route=\/wp\/v2\/posts\/435457","targetHints":{"allow":["GET"]}}],"collection":[{"href":"https:\/\/www.diarioimagen.net\/index.php?rest_route=\/wp\/v2\/posts"}],"about":[{"href":"https:\/\/www.diarioimagen.net\/index.php?rest_route=\/wp\/v2\/types\/post"}],"author":[{"embeddable":true,"href":"https:\/\/www.diarioimagen.net\/index.php?rest_route=\/wp\/v2\/users\/3"}],"replies":[{"embeddable":true,"href":"https:\/\/www.diarioimagen.net\/index.php?rest_route=%2Fwp%2Fv2%2Fcomments&post=435457"}],"version-history":[{"count":0,"href":"https:\/\/www.diarioimagen.net\/index.php?rest_route=\/wp\/v2\/posts\/435457\/revisions"}],"wp:featuredmedia":[{"embeddable":true,"href":"https:\/\/www.diarioimagen.net\/index.php?rest_route=\/wp\/v2\/media\/435508"}],"wp:attachment":[{"href":"https:\/\/www.diarioimagen.net\/index.php?rest_route=%2Fwp%2Fv2%2Fmedia&parent=435457"}],"wp:term":[{"taxonomy":"category","embeddable":true,"href":"https:\/\/www.diarioimagen.net\/index.php?rest_route=%2Fwp%2Fv2%2Fcategories&post=435457"},{"taxonomy":"post_tag","embeddable":true,"href":"https:\/\/www.diarioimagen.net\/index.php?rest_route=%2Fwp%2Fv2%2Ftags&post=435457"}],"curies":[{"name":"wp","href":"https:\/\/api.w.org\/{rel}","templated":true}]}}