{"id":435465,"date":"2019-07-16T00:09:44","date_gmt":"2019-07-16T05:09:44","guid":{"rendered":"https:\/\/www.diarioimagen.net\/?p=435465"},"modified":"2019-07-16T04:45:00","modified_gmt":"2019-07-16T09:45:00","slug":"impulsa-atizapan-de-zaragoza-deporte-con-torneos-capacitacion-y-certificacion","status":"publish","type":"post","link":"https:\/\/www.diarioimagen.net\/?p=435465","title":{"rendered":"Impulsa Atizap\u00e1n de Zaragoza deporte con torneos, capacitaci\u00f3n y certificaci\u00f3n"},"content":{"rendered":"<ul>\n<li><strong><em>Fue sede del Festival Estatal de Voleibol Infantil y Juvenil 2019<\/em><\/strong><\/li>\n<\/ul>\n<p><strong>\u00a0<\/strong><\/p>\n<div id=\"attachment_435551\" style=\"width: 470px\" class=\"wp-caption aligncenter\"><a href=\"https:\/\/www.diarioimagen.net\/wp-content\/uploads\/2019\/07\/ATIZAPAN-16.jpg\"><img loading=\"lazy\" decoding=\"async\" aria-describedby=\"caption-attachment-435551\" class=\"size-large wp-image-435551\" src=\"https:\/\/www.diarioimagen.net\/wp-content\/uploads\/2019\/07\/ATIZAPAN-16-460x259.jpg\" alt=\"\" width=\"460\" height=\"259\" srcset=\"https:\/\/www.diarioimagen.net\/wp-content\/uploads\/2019\/07\/ATIZAPAN-16-460x259.jpg 460w, https:\/\/www.diarioimagen.net\/wp-content\/uploads\/2019\/07\/ATIZAPAN-16-240x135.jpg 240w, https:\/\/www.diarioimagen.net\/wp-content\/uploads\/2019\/07\/ATIZAPAN-16-235x132.jpg 235w, https:\/\/www.diarioimagen.net\/wp-content\/uploads\/2019\/07\/ATIZAPAN-16-202x114.jpg 202w, https:\/\/www.diarioimagen.net\/wp-content\/uploads\/2019\/07\/ATIZAPAN-16-350x196.jpg 350w, https:\/\/www.diarioimagen.net\/wp-content\/uploads\/2019\/07\/ATIZAPAN-16-220x123.jpg 220w, https:\/\/www.diarioimagen.net\/wp-content\/uploads\/2019\/07\/ATIZAPAN-16-237x132.jpg 237w, https:\/\/www.diarioimagen.net\/wp-content\/uploads\/2019\/07\/ATIZAPAN-16.jpg 480w\" sizes=\"auto, (max-width: 460px) 100vw, 460px\" \/><\/a><p id=\"caption-attachment-435551\" class=\"wp-caption-text\">Atizap\u00e1n fue sede del Festival Estatal de Voleibol Infantil y Juvenil 2019 y del Curso de Sistema de Capacitaci\u00f3n y Certificaci\u00f3n para Entrenadores Deportivos.<\/p><\/div>\n<p>&nbsp;<\/p>\n<p><strong>Atizap\u00e1n, Estado de M\u00e9xico.-<\/strong> Como parte de una estrategia integral contra la delincuencia, para fortalecer el tejido social e impulsar el deporte entre sus habitantes, Atizap\u00e1n de Zaragoza fue sede del Festival Estatal de Voleibol Infantil y Juvenil 2019 y del Curso de Sistema de Capacitaci\u00f3n y Certificaci\u00f3n para Entrenadores Deportivos (SICCED).<\/p>\n<p>A trav\u00e9s de la gesti\u00f3n de la Subdirecci\u00f3n del Deporte, incorporada a la Direcci\u00f3n de Bienestar, el 13 y 14 de julio se realizaron ambos eventos en el deportivo Ana Gabriela Guevara.<\/p>\n<p>En coordinaci\u00f3n con la Asociaci\u00f3n Civil Mexiquense del Voleibol, la justa infantil y juvenil cont\u00f3 con la participaci\u00f3n de 40 equipos provenientes de 15 municipios mexiquenses que fueron divididos en cuatro categor\u00edas, rama varonil y femenil.<\/p>\n<p>Adem\u00e1s asistieron escuadras invitadas de la CDMX y Pachuca, Hidalgo. Cabe destacar que la competencia fue parte de la eliminatoria para competir en el Festival Nacional a celebrarse pr\u00f3ximamente en el estado de Aguascalientes. Asimismo el pasado s\u00e1bado y domingo, el deportivo Ana Gabriela Guevara fue centro de la Capacitaci\u00f3n SICCED Nivel Uno te\u00f3rico-pr\u00e1ctico de la Comisi\u00f3n Nacional de Cultura F\u00edsica y Deporte, al cual concurrieron 60 personas, entre entrenadores, deportistas y p\u00fablico en general.<\/p>\n<p>El curso, a cargo del Maestro en Deporte Aurelio Fernando Pineda Corona, tuvo el objetivo de mejorar y actualizar conocimientos, habilidades y actitudes que se requieren en los diferentes niveles y especialidades deportivas, as\u00ed como fortalecer el reconocimiento de la profesi\u00f3n del entrenador en el contexto social.<\/p>\n","protected":false},"excerpt":{"rendered":"<p>Como parte de una estrategia integral contra la delincuencia, para fortalecer el tejido social e impulsar el deporte entre sus habitantes, Atizap\u00e1n de Zaragoza fue sede del Festival Estatal de Voleibol Infantil y Juvenil 2019 y del Curso de Sistema de Capacitaci\u00f3n y Certificaci\u00f3n para Entrenadores Deportivos (SICCED).<\/p>\n","protected":false},"author":3,"featured_media":435551,"comment_status":"open","ping_status":"open","sticky":false,"template":"","format":"standard","meta":{"_monsterinsights_skip_tracking":false,"_monsterinsights_sitenote_active":false,"_monsterinsights_sitenote_note":"","_monsterinsights_sitenote_category":0,"footnotes":""},"categories":[5],"tags":[969,31174,43675,65025],"class_list":["post-435465","post","type-post","status-publish","format-standard","has-post-thumbnail","hentry","category-estado-de-mexico","tag-atizapan","tag-certificacion","tag-estado-de-mexico","tag-torneo"],"_links":{"self":[{"href":"https:\/\/www.diarioimagen.net\/index.php?rest_route=\/wp\/v2\/posts\/435465","targetHints":{"allow":["GET"]}}],"collection":[{"href":"https:\/\/www.diarioimagen.net\/index.php?rest_route=\/wp\/v2\/posts"}],"about":[{"href":"https:\/\/www.diarioimagen.net\/index.php?rest_route=\/wp\/v2\/types\/post"}],"author":[{"embeddable":true,"href":"https:\/\/www.diarioimagen.net\/index.php?rest_route=\/wp\/v2\/users\/3"}],"replies":[{"embeddable":true,"href":"https:\/\/www.diarioimagen.net\/index.php?rest_route=%2Fwp%2Fv2%2Fcomments&post=435465"}],"version-history":[{"count":0,"href":"https:\/\/www.diarioimagen.net\/index.php?rest_route=\/wp\/v2\/posts\/435465\/revisions"}],"wp:featuredmedia":[{"embeddable":true,"href":"https:\/\/www.diarioimagen.net\/index.php?rest_route=\/wp\/v2\/media\/435551"}],"wp:attachment":[{"href":"https:\/\/www.diarioimagen.net\/index.php?rest_route=%2Fwp%2Fv2%2Fmedia&parent=435465"}],"wp:term":[{"taxonomy":"category","embeddable":true,"href":"https:\/\/www.diarioimagen.net\/index.php?rest_route=%2Fwp%2Fv2%2Fcategories&post=435465"},{"taxonomy":"post_tag","embeddable":true,"href":"https:\/\/www.diarioimagen.net\/index.php?rest_route=%2Fwp%2Fv2%2Ftags&post=435465"}],"curies":[{"name":"wp","href":"https:\/\/api.w.org\/{rel}","templated":true}]}}