{"id":435470,"date":"2019-07-16T00:07:14","date_gmt":"2019-07-16T05:07:14","guid":{"rendered":"https:\/\/www.diarioimagen.net\/?p=435470"},"modified":"2019-07-16T04:49:59","modified_gmt":"2019-07-16T09:49:59","slug":"curso-de-verano-mis-vacaciones-en-la-biblioteca-en-huixquilucan","status":"publish","type":"post","link":"https:\/\/www.diarioimagen.net\/?p=435470","title":{"rendered":"Curso de verano \u201cMis vacaciones en la biblioteca\u201d, en Huixquilucan"},"content":{"rendered":"<p><a href=\"https:\/\/www.diarioimagen.net\/wp-content\/uploads\/2019\/07\/HUIXQUILUCAN-16.jpg\"><img loading=\"lazy\" decoding=\"async\" class=\"aligncenter size-large wp-image-435563\" src=\"https:\/\/www.diarioimagen.net\/wp-content\/uploads\/2019\/07\/HUIXQUILUCAN-16-460x307.jpg\" alt=\"\" width=\"460\" height=\"307\" srcset=\"https:\/\/www.diarioimagen.net\/wp-content\/uploads\/2019\/07\/HUIXQUILUCAN-16-460x307.jpg 460w, https:\/\/www.diarioimagen.net\/wp-content\/uploads\/2019\/07\/HUIXQUILUCAN-16-240x160.jpg 240w, https:\/\/www.diarioimagen.net\/wp-content\/uploads\/2019\/07\/HUIXQUILUCAN-16.jpg 700w\" sizes=\"auto, (max-width: 460px) 100vw, 460px\" \/><\/a><\/p>\n<p>&nbsp;<\/p>\n<p><strong>Huixquilucan, Estado de M\u00e9xico<\/strong><strong>.- <\/strong>El gobierno de Huixquilucan, a trav\u00e9s de la Direcci\u00f3n General de Desarrollo Social, invita a todos los menores de entre 7 y 13 a\u00f1os, a participar en el curso de verano \u201cMis vacaciones en la biblioteca 2019\u201d, que busca acercarlos a los libros y la lectura.<\/p>\n<p>Con actividades l\u00fadicas, arte e imaginaci\u00f3n, las 7 bibliotecas del municipio: Heberto Castillo ubicada en San Mart\u00edn; \u00c1ngel Mar\u00eda Garibay Quintana, del Jard\u00edn de la Cultura; Leona Vicario en San Fernando; Josefa Ortiz de Magdalena Chichicaspa; Carlos Fuentes, de Jes\u00fas del Monte; Adolfo L\u00f3pez Mateos de Palo Solo; y Frida Kahlo de Constituyentes de 1917, buscan ser la mejor alternativa para los menores. A partir de las 10:00 y hasta las 13:00 horas, los d\u00edas lunes, mi\u00e9rcoles y viernes, los peque\u00f1os podr\u00e1n explorar y desarrollar sus habilidades a trav\u00e9s de talleres como \u201cCu\u00e1ntos cuentos y desastres\u201d, \u201cEl \u00faltimo juglar\u201d y \u201cQuiroga y sus m\u00e1gicos relatos: construyendo valores\u201d, entre otros.<\/p>\n","protected":false},"excerpt":{"rendered":"<p>El gobierno de Huixquilucan, a trav\u00e9s de la Direcci\u00f3n General de Desarrollo Social, invita a todos los menores de entre 7 y 13 a\u00f1os, a participar en el curso de verano \u201cMis vacaciones en la biblioteca 2019\u201d, que busca acercarlos a los libros y la lectura.<\/p>\n","protected":false},"author":3,"featured_media":435563,"comment_status":"open","ping_status":"open","sticky":false,"template":"","format":"standard","meta":{"_monsterinsights_skip_tracking":false,"_monsterinsights_sitenote_active":false,"_monsterinsights_sitenote_note":"","_monsterinsights_sitenote_category":0,"footnotes":""},"categories":[5],"tags":[43675,1097],"class_list":["post-435470","post","type-post","status-publish","format-standard","has-post-thumbnail","hentry","category-estado-de-mexico","tag-estado-de-mexico","tag-huixquilucan"],"_links":{"self":[{"href":"https:\/\/www.diarioimagen.net\/index.php?rest_route=\/wp\/v2\/posts\/435470","targetHints":{"allow":["GET"]}}],"collection":[{"href":"https:\/\/www.diarioimagen.net\/index.php?rest_route=\/wp\/v2\/posts"}],"about":[{"href":"https:\/\/www.diarioimagen.net\/index.php?rest_route=\/wp\/v2\/types\/post"}],"author":[{"embeddable":true,"href":"https:\/\/www.diarioimagen.net\/index.php?rest_route=\/wp\/v2\/users\/3"}],"replies":[{"embeddable":true,"href":"https:\/\/www.diarioimagen.net\/index.php?rest_route=%2Fwp%2Fv2%2Fcomments&post=435470"}],"version-history":[{"count":0,"href":"https:\/\/www.diarioimagen.net\/index.php?rest_route=\/wp\/v2\/posts\/435470\/revisions"}],"wp:featuredmedia":[{"embeddable":true,"href":"https:\/\/www.diarioimagen.net\/index.php?rest_route=\/wp\/v2\/media\/435563"}],"wp:attachment":[{"href":"https:\/\/www.diarioimagen.net\/index.php?rest_route=%2Fwp%2Fv2%2Fmedia&parent=435470"}],"wp:term":[{"taxonomy":"category","embeddable":true,"href":"https:\/\/www.diarioimagen.net\/index.php?rest_route=%2Fwp%2Fv2%2Fcategories&post=435470"},{"taxonomy":"post_tag","embeddable":true,"href":"https:\/\/www.diarioimagen.net\/index.php?rest_route=%2Fwp%2Fv2%2Ftags&post=435470"}],"curies":[{"name":"wp","href":"https:\/\/api.w.org\/{rel}","templated":true}]}}