{"id":435472,"date":"2019-07-16T00:06:59","date_gmt":"2019-07-16T05:06:59","guid":{"rendered":"https:\/\/www.diarioimagen.net\/?p=435472"},"modified":"2019-07-16T04:47:47","modified_gmt":"2019-07-16T09:47:47","slug":"barrera-necesario-la-autosuficiencia-alimentaria-como-practica-de-soberania","status":"publish","type":"post","link":"https:\/\/www.diarioimagen.net\/?p=435472","title":{"rendered":"Barrera: necesario, la autosuficiencia alimentaria como pr\u00e1ctica de soberan\u00eda"},"content":{"rendered":"<ul>\n<li><strong><em>Rector de la UAEM toma protesta a asociaci\u00f3n de agr\u00f3nomos<\/em><\/strong><\/li>\n<\/ul>\n<p><strong>\u00a0<\/strong><\/p>\n<div id=\"attachment_435557\" style=\"width: 470px\" class=\"wp-caption aligncenter\"><a href=\"https:\/\/www.diarioimagen.net\/wp-content\/uploads\/2019\/07\/UAEM-16.jpg\"><img loading=\"lazy\" decoding=\"async\" aria-describedby=\"caption-attachment-435557\" class=\"size-large wp-image-435557\" src=\"https:\/\/www.diarioimagen.net\/wp-content\/uploads\/2019\/07\/UAEM-16-460x259.jpg\" alt=\"\" width=\"460\" height=\"259\" srcset=\"https:\/\/www.diarioimagen.net\/wp-content\/uploads\/2019\/07\/UAEM-16-460x259.jpg 460w, https:\/\/www.diarioimagen.net\/wp-content\/uploads\/2019\/07\/UAEM-16-240x135.jpg 240w, https:\/\/www.diarioimagen.net\/wp-content\/uploads\/2019\/07\/UAEM-16-235x132.jpg 235w, https:\/\/www.diarioimagen.net\/wp-content\/uploads\/2019\/07\/UAEM-16-202x114.jpg 202w, https:\/\/www.diarioimagen.net\/wp-content\/uploads\/2019\/07\/UAEM-16-350x196.jpg 350w, https:\/\/www.diarioimagen.net\/wp-content\/uploads\/2019\/07\/UAEM-16-220x123.jpg 220w, https:\/\/www.diarioimagen.net\/wp-content\/uploads\/2019\/07\/UAEM-16-237x132.jpg 237w, https:\/\/www.diarioimagen.net\/wp-content\/uploads\/2019\/07\/UAEM-16.jpg 480w\" sizes=\"auto, (max-width: 460px) 100vw, 460px\" \/><\/a><p id=\"caption-attachment-435557\" class=\"wp-caption-text\">El rector Alfredo Barrera Baca tom\u00f3 protesta a la mesa directiva, para el per\u00edodo 2019-2022, de la Asociaci\u00f3n de Ingenieros Egresados de la Facultad de Ciencias Agr\u00edcolas de la UAEM.<\/p><\/div>\n<p>&nbsp;<\/p>\n<p><strong>Toluca, Estado de M\u00e9xicoi.- <\/strong>Los ingenieros agr\u00f3nomos de la Universidad Aut\u00f3noma del Estado de M\u00e9xico conocen las necesidades reales que plantea su profesi\u00f3n y pueden constituirse en voz autorizada para el dise\u00f1o, implementaci\u00f3n y evaluaci\u00f3n de las pol\u00edticas p\u00fablicas en la materia, sostuvo el rector Alfredo Barrera Baca, al tomar protesta a la mesa directiva, para el periodo 2019-2022, de la Asociaci\u00f3n de Ingenieros Egresados de la Facultad de Ciencias Agr\u00edcolas de la UAEM. En el Centro Cultural Universitario \u201cCasa de las Diligencias\u201d de la Aut\u00f3noma mexiquense, ante el presidente entrante de dicha asociaci\u00f3n civil, Lorenzo Osorio Desales, y el director de la Facultad de Ciencias Agr\u00edcolas, Omar Franco Mora, Barrera Baca destac\u00f3 la necesidad de buscar la autosuficiencia alimentaria como pr\u00e1ctica de la soberan\u00eda y seguridad nacional.<\/p>\n<p>\u201cEl cambio clim\u00e1tico plantea tremendos desaf\u00edos a la producci\u00f3n y abasto de alimentos, que requieren un trabajo interdisciplinario para aprovechar de forma sustentable la tierra, y los ingenieros agr\u00edcolas de esta casa de estudios tienen mucho que decir y aportar\u201d. En presencia del presidente de la Federaci\u00f3n Agron\u00f3mica del Estado de M\u00e9xico, Abuzeid Lozano Casta\u00f1eda, y el presidente del Colegio de Ingenieros Agr\u00f3nomos, Jaime Segura Lazcano, Alfredo Barrera Baca reconoci\u00f3 que las asociaciones civiles son fundamentales para que la sociedad y el Estado puedan contar con informaci\u00f3n especializada del campo de estudio de sus profesionistas.<\/p>\n<p>En tanto, Lorenzo Osorio Desales subray\u00f3 que el mal manejo de los recursos naturales, el deterioro ambiental, el cambio clim\u00e1tico y otros aspectos, afectan la productividad, as\u00ed como la producci\u00f3n y calidad de cultivos; es ah\u00ed, dijo, donde los agr\u00f3nomos preparados y actualizados pueden actuar en beneficio de la seguridad alimentaria.<\/p>\n<p>A\u00f1adi\u00f3 que, de acuerdo con cifras oficiales, el sector agr\u00edcola es el m\u00e1s din\u00e1mico del pa\u00eds, pues representa aproximadamente 3 por ciento del Producto Interno Bruto, y este sector ocupa m\u00e1s de 145 millones de hect\u00e1reas como superficie agr\u00edcola, generando m\u00e1s de 200 productos.<\/p>\n<p>Luego de que el presidente saliente, Norberto S\u00e1nchez Mart\u00ednez, destacara el proceso de selecci\u00f3n de la nueva mesa directiva a trav\u00e9s de una comisi\u00f3n electoral y la colocaci\u00f3n de casillas, el director de la Facultad de Ciencias Agr\u00edcolas de la UAEM, Omar Franco Mora, sostuvo que los m\u00e1s de tres mil agr\u00f3nomos egresados de este espacio acad\u00e9mico est\u00e1n comprometidos con los campesinos y los peque\u00f1os productores, que son de los sectores m\u00e1s vulnerables de la sociedad.<\/p>\n","protected":false},"excerpt":{"rendered":"<p>Los ingenieros agr\u00f3nomos de la Universidad Aut\u00f3noma del Estado de M\u00e9xico conocen las necesidades reales que plantea su profesi\u00f3n y pueden constituirse en voz autorizada para el dise\u00f1o, implementaci\u00f3n y evaluaci\u00f3n de las pol\u00edticas p\u00fablicas en la materia, sostuvo el rector Alfredo Barrera Baca, al tomar protesta a la mesa directiva, para el periodo 2019-2022, de la Asociaci\u00f3n de Ingenieros Egresados de la Facultad de Ciencias Agr\u00edcolas de la UAEM.<\/p>\n","protected":false},"author":3,"featured_media":435557,"comment_status":"open","ping_status":"open","sticky":false,"template":"","format":"standard","meta":{"_monsterinsights_skip_tracking":false,"_monsterinsights_sitenote_active":false,"_monsterinsights_sitenote_note":"","_monsterinsights_sitenote_category":0,"footnotes":""},"categories":[5],"tags":[43675,29453,452],"class_list":["post-435472","post","type-post","status-publish","format-standard","has-post-thumbnail","hentry","category-estado-de-mexico","tag-estado-de-mexico","tag-soberania","tag-toluca"],"_links":{"self":[{"href":"https:\/\/www.diarioimagen.net\/index.php?rest_route=\/wp\/v2\/posts\/435472","targetHints":{"allow":["GET"]}}],"collection":[{"href":"https:\/\/www.diarioimagen.net\/index.php?rest_route=\/wp\/v2\/posts"}],"about":[{"href":"https:\/\/www.diarioimagen.net\/index.php?rest_route=\/wp\/v2\/types\/post"}],"author":[{"embeddable":true,"href":"https:\/\/www.diarioimagen.net\/index.php?rest_route=\/wp\/v2\/users\/3"}],"replies":[{"embeddable":true,"href":"https:\/\/www.diarioimagen.net\/index.php?rest_route=%2Fwp%2Fv2%2Fcomments&post=435472"}],"version-history":[{"count":0,"href":"https:\/\/www.diarioimagen.net\/index.php?rest_route=\/wp\/v2\/posts\/435472\/revisions"}],"wp:featuredmedia":[{"embeddable":true,"href":"https:\/\/www.diarioimagen.net\/index.php?rest_route=\/wp\/v2\/media\/435557"}],"wp:attachment":[{"href":"https:\/\/www.diarioimagen.net\/index.php?rest_route=%2Fwp%2Fv2%2Fmedia&parent=435472"}],"wp:term":[{"taxonomy":"category","embeddable":true,"href":"https:\/\/www.diarioimagen.net\/index.php?rest_route=%2Fwp%2Fv2%2Fcategories&post=435472"},{"taxonomy":"post_tag","embeddable":true,"href":"https:\/\/www.diarioimagen.net\/index.php?rest_route=%2Fwp%2Fv2%2Ftags&post=435472"}],"curies":[{"name":"wp","href":"https:\/\/api.w.org\/{rel}","templated":true}]}}