{"id":435516,"date":"2019-07-16T00:00:26","date_gmt":"2019-07-16T05:00:26","guid":{"rendered":"https:\/\/www.diarioimagen.net\/?p=435516"},"modified":"2019-07-16T03:48:06","modified_gmt":"2019-07-16T08:48:06","slug":"avanzan-contra-el-fuego-en-sian-kaan","status":"publish","type":"post","link":"https:\/\/www.diarioimagen.net\/?p=435516","title":{"rendered":"Avanzan contra el fuego en Sian Ka\u2019an"},"content":{"rendered":"<h2>Derecho de r\u00e9plica<\/h2>\n<p>&nbsp;<\/p>\n<ul>\n<li><strong><em>Labor de los tres niveles de gobierno, bajo la coordinaci\u00f3n de especialistas y combatientes<\/em><\/strong><\/li>\n<\/ul>\n<p>&nbsp;<\/p>\n<p>El incidente denominado \u201cIncendio Muyil\u201d que se presenta sobre sabana y selva baja, ubicado en la secci\u00f3n norte del Complejo Sian Ka\u2019an, pese a lo violento que se presenta por las altas temperaturas registradas en la regi\u00f3n, registr\u00f3 ayer por la tarde un avance del 45% de control, gracias a los tres niveles de gobierno, bajo la coordinaci\u00f3n de especialistas y combatientes.<\/p>\n<p>Sin embargo, su extinci\u00f3n es de solo el 15%. Mediante sobrevuelo, dispuesto por el gobernador Carlos Joaqu\u00edn, participaron Secretar\u00eda de Ecolog\u00eda y Medio Ambiente, Conafot y CONANP y se caracteriz\u00f3 el incendio, la secci\u00f3n norte-este, por la direcci\u00f3n del viento, se observa como la m\u00e1s activa. As\u00ed como la secci\u00f3n norte\u2013oeste, inform\u00f3 el Secretario de Ecolog\u00eda y Medio Ambiente, Alfredo Arellano.<\/p>\n<p>Los especialistas observaron que, en los bordes afecta vegetaci\u00f3n de selva baja lo que ha reducido la velocidad de propagaci\u00f3n, pero cuenta con m\u00faltiples puntos activos.<\/p>\n<p>Con apoyo de un helic\u00f3ptero por parte de la Sedena-Fuerza A\u00e9rea se aerotransporta personal y se efect\u00faan descargas de agua con el helibalde. Se encuentra habilitado un campamento en las instalaciones de la Conanp, ubicadas en Muyil.<\/p>\n<p>El domingo se estim\u00f3 que el incendio tiene una superficie de 2 mil 500 hect\u00e1reas. En el lugar se mantienen operando seis oficiales de la Secretar\u00eda de la Defensa Nacional \u2013 Fuerza A\u00e9rea Mexicana y 51 combatientes de la Conafor y la Conanp.<\/p>\n<p>Este lunes se traslad\u00f3 personal para la atenci\u00f3n del incendio. Contin\u00faan las descargas con el apoyo a\u00e9reo de la Sedena-Fuerza A\u00e9rea. Se realizan actividades de brecha y liquidaci\u00f3n directa. Se est\u00e1 habilitando una segunda helipista en la parte noreste del incidente para ingresar personal en la zona.<\/p>\n<p style=\"text-align: center;\"><strong>Se\u00f1ala de transa a Aguakan <\/strong><\/p>\n<p>La senadora por Quintana Roo del partido MORENA, Marybel Villegas Canch\u00e9, dio a conocer las acciones que est\u00e1 emprendiendo desde el Senado para garantizar la salida Aguakan del estado.<\/p>\n<p>\u201cEn el 2016, la empresa cometi\u00f3 un desfalco de 886 millones 857 mil pesos y en los \u00faltimos cinco a\u00f1os se detect\u00f3 un fraude de 4 mil 434 millones 287 mil 881 pesos, sin haber cumplido con lo estipulado en el contrato cuando se le ampli\u00f3 la concesi\u00f3n, pues s\u00f3lo se han dedicado a venderle aire a los quintanarroenses\u201d, enfatiz\u00f3.<\/p>\n<p>Villegas Canch\u00e9 asegur\u00f3: \u201cEs por ello que desde del Senado exhort\u00e9 respetuosamente a los gobiernos municipales y estatales para investigar a la empresa y revocar su contrato, as\u00ed como ped\u00ed a la Semarnat, Profepa, Conagua y Cofepris a investigar y solucionar los problemas relacionados con el sistema de tratamiento de aguas residuales\u201d.<\/p>\n<p>Dio a conocer que, en un lapso de 10 a 15 d\u00edas, presentar\u00e1 ante la Fiscal\u00eda General de la Rep\u00fablica una denuncia penal en contra de Conagua y CAPA por omisi\u00f3n ante las irregularidades que tiene la empresa Aguakan, caso en el que el titular de la \u00faltima dependencia, Gerardo Mora Vallejo, estar\u00eda incurriendo en responsabilidad por omisi\u00f3n.<\/p>\n<p style=\"text-align: center;\"><strong>Responsabilidad en todos niveles <\/strong><\/p>\n<p>Por otra parte, se\u00f1al\u00f3 que: \u201cAdem\u00e1s, de acuerdo con la Ley de Agua Potable y Alcantarillado del Estado, los presidentes municipales y el propio Gobierno del Estado pueden revocar esta concesi\u00f3n por el incumplimiento al contrato y afectaci\u00f3n a los quintanarroenses\u201d.<\/p>\n<p>Puntualiz\u00f3 que esta Ley, en su art\u00edculo en su Art\u00edculo 24 estipula que existir un Consejo Directivo presidido por el gobernador y formado por los presidentes municipales para vigilar a la empresa que ofrece el servicio, as\u00ed como el Art\u00edculo 29 les da atribuciones para ver y modificar las tarifas del servicio mediante estudios socioecon\u00f3micos.<\/p>\n<p>\u201cEl Art\u00edculo 22 fraccionamiento Tercera y Cuarta, adem\u00e1s de los Art\u00edculos 106 y 107 tambi\u00e9n nos dice que es obligaci\u00f3n del director de CAPA, Gerardo Mora, vigilar que se d\u00e9 cumplimiento al convenio, aunado que en los Art\u00edculos 120, 121 y 122, se da facultad a los Ayuntamientos para desistir del contrato ante el incumplimiento de las cl\u00e1usulas al convenio\u201d.<\/p>\n<p>Record\u00f3: \u201cEn su \u00faltima visita a nuestro rstado, el Presidente de la Rep\u00fablica pidi\u00f3 en\u00e9rgicamente al gobernador y a la alcaldesa Laura Beristain arreglar est\u00e1 problem\u00e1tica a la brevedad, de lo contrario, \u00e9l podr\u00eda tomar esta situaci\u00f3n en sus manos\u201d.<\/p>\n<p style=\"text-align: center;\"><strong>De reversa Ley de protecci\u00f3n animal<\/strong><\/p>\n<p><em>La Chimoltrufia<\/em> se queda corta al comparar a los diputados de la vergonzosa XV Legislatura, pues, de todas las leyes que han emitido, se han retractado en varias&#8230; no, menos&#8230; en todas, y como dicen una cosa dicen una cosa, dicen otra, porque hay cosas que ni que&#8230; aunque no tengan raz\u00f3n, jijijiji; lo cierto es que, los congresistas no tienen los suficientes tantos para mantenerse firmes cuando alg\u00fan grupo ve afectados sus intereses por alguna modificaci\u00f3n a la legislaci\u00f3n<\/p>\n<p>Es el caso de<strong> la Ley de Bienestar Animal<\/strong>, que sufrir\u00e1 una contrareforma para eliminar la prohibici\u00f3n a corridas de toros y peleas de gallos, impuesta por estos mismos diputados en junio pasado.<\/p>\n<p>La Ley de Bienestar Animal fue reformada en el periodo extraordinario anterior, con el voto favorable del Partido Verde, diputados independientes y otras fracciones, y el contrario de una parte de Acci\u00f3n Nacional, por lo que los panistas, encabezados por Eduardo Mart\u00ednez Arcila propondr\u00e1n otro periodo extraordinario para revocar lo legislado.<\/p>\n<p>Luego de perder el voto, y tras la protesta de grupos a favor de estas actividades, los frustrados diputados panuchos organizaron unos foros en la zona maya, con cuyo respaldo esperan revocar esta reforma en pr\u00f3ximas fechas.<\/p>\n","protected":false},"excerpt":{"rendered":"<p><span style=\"color: #005497;\"><strong>Derecho de r\u00e9plica<\/strong><\/span><\/p>\n","protected":false},"author":3,"featured_media":0,"comment_status":"open","ping_status":"open","sticky":false,"template":"","format":"standard","meta":{"_monsterinsights_skip_tracking":false,"_monsterinsights_sitenote_active":false,"_monsterinsights_sitenote_note":"","_monsterinsights_sitenote_category":0,"footnotes":""},"categories":[62907],"tags":[47840,43674],"class_list":["post-435516","post","type-post","status-publish","format-standard","hentry","category-derecho-de-replica","tag-derecho-de-replica","tag-opinion"],"_links":{"self":[{"href":"https:\/\/www.diarioimagen.net\/index.php?rest_route=\/wp\/v2\/posts\/435516","targetHints":{"allow":["GET"]}}],"collection":[{"href":"https:\/\/www.diarioimagen.net\/index.php?rest_route=\/wp\/v2\/posts"}],"about":[{"href":"https:\/\/www.diarioimagen.net\/index.php?rest_route=\/wp\/v2\/types\/post"}],"author":[{"embeddable":true,"href":"https:\/\/www.diarioimagen.net\/index.php?rest_route=\/wp\/v2\/users\/3"}],"replies":[{"embeddable":true,"href":"https:\/\/www.diarioimagen.net\/index.php?rest_route=%2Fwp%2Fv2%2Fcomments&post=435516"}],"version-history":[{"count":0,"href":"https:\/\/www.diarioimagen.net\/index.php?rest_route=\/wp\/v2\/posts\/435516\/revisions"}],"wp:attachment":[{"href":"https:\/\/www.diarioimagen.net\/index.php?rest_route=%2Fwp%2Fv2%2Fmedia&parent=435516"}],"wp:term":[{"taxonomy":"category","embeddable":true,"href":"https:\/\/www.diarioimagen.net\/index.php?rest_route=%2Fwp%2Fv2%2Fcategories&post=435516"},{"taxonomy":"post_tag","embeddable":true,"href":"https:\/\/www.diarioimagen.net\/index.php?rest_route=%2Fwp%2Fv2%2Ftags&post=435516"}],"curies":[{"name":"wp","href":"https:\/\/api.w.org\/{rel}","templated":true}]}}