{"id":435532,"date":"2019-07-16T00:05:33","date_gmt":"2019-07-16T05:05:33","guid":{"rendered":"https:\/\/www.diarioimagen.net\/?p=435532"},"modified":"2019-07-16T04:03:02","modified_gmt":"2019-07-16T09:03:02","slug":"coletazos-del-caso-bonilla","status":"publish","type":"post","link":"https:\/\/www.diarioimagen.net\/?p=435532","title":{"rendered":"Coletazos del caso Bonilla"},"content":{"rendered":"<h2>Centro..!<\/h2>\n<h5>Arturo R\u00edos Ruiz<\/h5>\n<p>&nbsp;<\/p>\n<ul>\n<li><strong><em>Encontronazos de morenos por el asunto Baja California<\/em><\/strong><\/li>\n<\/ul>\n<p>&nbsp;<\/p>\n<p>El ex priista Jaime Bonilla se sum\u00f3 a Morena en su persecuci\u00f3n de la gubernatura de Baja California; el Tribunal Federal Electoral orden\u00f3 que la elecci\u00f3n fuera por dos a\u00f1os para homologar a la entidad al calendario del pa\u00eds en asuntos de elecciones y \u00e9l maniobr\u00f3 antes y despu\u00e9s porque se extendiera a cinco a\u00f1os y lo logr\u00f3, ya como electo.<\/p>\n<p>Evidentemente surgi\u00f3 el esc\u00e1ndalo, ante la certeza que se infringi\u00f3 la ley, que se atropellaron los principios b\u00e1sicos como la moral, el respeto, la legalidad y el honor en otros; a Bonilla le vali\u00f3 sorbete lo anterior y lo dibuja en esa clase de mandatario en esa entidad del noreste. Falta comprobar la veracidad de que entreg\u00f3 millones de d\u00f3lares a legisladores. \u00a1Muy alarmante!<\/p>\n<p>El asunto es tan delicado, que hasta al presidente Andr\u00e9s Manuel L\u00f3pez Obrador salpica por haber compartido el palco con Bonilla en San Diego California antes del alboroto que ahora constatamos y se fue a la especulaci\u00f3n de un pacto solidario del hoy electo gobernador, para sentar precedente de reelecci\u00f3n en la actual Presidencia.<\/p>\n<p>Por la trascendencia del caso, ha llamado la atenci\u00f3n entre los mismos morenistas de alto nivel; la primera en manifestarse fue la dirigente del partido Yeidckol Polevnsky, quien se apresur\u00f3 a la frase \u00abEl pueblo lo pidi\u00f3\u00bb, reforzando el dicho de L\u00f3pez Obrador, que, \u00abEl pueblo sabio manda\u00bb. No se recuerda ninguna encuesta antes del albazo del Congreso bajacaliforniano.<\/p>\n<p>Ante el tuitazo y declaraci\u00f3n de Yeidckol, le salt\u00f3 Tatiana Clouthier, distinguida y bien posicionada en los \u00e1nimos del partido, hasta del Presidente; \u00abEn Baja California los electores votaron por un gobierno de dos a\u00f1os\u00bb.<\/p>\n<p>As\u00ed de escueto, pero contundente, desechando el d\u00e9bil argumento de la lideresa morena, que, con su respuesta, olvid\u00f3 que hay leyes que deben obedecerse.<\/p>\n<p>Menos amable y pol\u00edtico fue Alejandro Rojas D\u00edaz-Dur\u00e1n, acus\u00f3 a Yeidckol de haber promovido que el Congreso de Baja California extendiera de dos a cinco a\u00f1os el mandato del gobernador electo, Jaime Bonilla y advirti\u00f3 que debe haber una explicaci\u00f3n de los legisladores locales que lo avalaron.<\/p>\n<p>Porfirio Mu\u00f1oz Ledo, conocedor profundo de los temas partidarios, electorales y en general, ve la soluci\u00f3n en la desaparici\u00f3n del Congreso. Falta la opini\u00f3n del Tribunal Electoral del Poder Judicial de la Fderaci\u00f3n.<\/p>\n<p><em><a href=\"mailto:rrrart2000@hotmail.com\" target=\"_blank\" rel=\"noopener noreferrer\">rrrart2000@hotmail.com<\/a><\/em><\/p>\n","protected":false},"excerpt":{"rendered":"<p><span style=\"color: #005497;\"><strong>Arturo R\u00edos Ruiz<\/strong><\/span><\/p>\n","protected":false},"author":3,"featured_media":0,"comment_status":"open","ping_status":"open","sticky":false,"template":"","format":"standard","meta":{"_monsterinsights_skip_tracking":false,"_monsterinsights_sitenote_active":false,"_monsterinsights_sitenote_note":"","_monsterinsights_sitenote_category":0,"footnotes":""},"categories":[82265],"tags":[82266,10806,43674],"class_list":["post-435532","post","type-post","status-publish","format-standard","hentry","category-arturo-rios-ruiz","tag-arturo-rios-ruiz","tag-centro","tag-opinion"],"_links":{"self":[{"href":"https:\/\/www.diarioimagen.net\/index.php?rest_route=\/wp\/v2\/posts\/435532","targetHints":{"allow":["GET"]}}],"collection":[{"href":"https:\/\/www.diarioimagen.net\/index.php?rest_route=\/wp\/v2\/posts"}],"about":[{"href":"https:\/\/www.diarioimagen.net\/index.php?rest_route=\/wp\/v2\/types\/post"}],"author":[{"embeddable":true,"href":"https:\/\/www.diarioimagen.net\/index.php?rest_route=\/wp\/v2\/users\/3"}],"replies":[{"embeddable":true,"href":"https:\/\/www.diarioimagen.net\/index.php?rest_route=%2Fwp%2Fv2%2Fcomments&post=435532"}],"version-history":[{"count":0,"href":"https:\/\/www.diarioimagen.net\/index.php?rest_route=\/wp\/v2\/posts\/435532\/revisions"}],"wp:attachment":[{"href":"https:\/\/www.diarioimagen.net\/index.php?rest_route=%2Fwp%2Fv2%2Fmedia&parent=435532"}],"wp:term":[{"taxonomy":"category","embeddable":true,"href":"https:\/\/www.diarioimagen.net\/index.php?rest_route=%2Fwp%2Fv2%2Fcategories&post=435532"},{"taxonomy":"post_tag","embeddable":true,"href":"https:\/\/www.diarioimagen.net\/index.php?rest_route=%2Fwp%2Fv2%2Ftags&post=435532"}],"curies":[{"name":"wp","href":"https:\/\/api.w.org\/{rel}","templated":true}]}}