{"id":435597,"date":"2019-07-17T00:10:38","date_gmt":"2019-07-17T05:10:38","guid":{"rendered":"https:\/\/www.diarioimagen.net\/?p=435597"},"modified":"2019-07-17T06:14:57","modified_gmt":"2019-07-17T11:14:57","slug":"mexico-y-eu-daran-seguimiento-al-tema-de-migracion","status":"publish","type":"post","link":"https:\/\/www.diarioimagen.net\/?p=435597","title":{"rendered":"M\u00e9xico y EU dar\u00e1n seguimiento al tema de migraci\u00f3n"},"content":{"rendered":"<ul>\n<li><strong><em>Reuni\u00f3n de Ebrard y Pompeo, este domingo<\/em><\/strong><\/li>\n<\/ul>\n<p>&nbsp;<\/p>\n<p><a href=\"https:\/\/www.diarioimagen.net\/?attachment_id=435700\" rel=\"attachment wp-att-435700\"><img loading=\"lazy\" decoding=\"async\" class=\"aligncenter size-large wp-image-435700\" src=\"https:\/\/www.diarioimagen.net\/wp-content\/uploads\/2019\/07\/EBRARD17-buena-460x259.jpg\" alt=\"\" width=\"460\" height=\"259\" srcset=\"https:\/\/www.diarioimagen.net\/wp-content\/uploads\/2019\/07\/EBRARD17-buena-460x259.jpg 460w, https:\/\/www.diarioimagen.net\/wp-content\/uploads\/2019\/07\/EBRARD17-buena-240x135.jpg 240w, https:\/\/www.diarioimagen.net\/wp-content\/uploads\/2019\/07\/EBRARD17-buena-235x132.jpg 235w, https:\/\/www.diarioimagen.net\/wp-content\/uploads\/2019\/07\/EBRARD17-buena-202x114.jpg 202w, https:\/\/www.diarioimagen.net\/wp-content\/uploads\/2019\/07\/EBRARD17-buena-350x196.jpg 350w, https:\/\/www.diarioimagen.net\/wp-content\/uploads\/2019\/07\/EBRARD17-buena-220x123.jpg 220w, https:\/\/www.diarioimagen.net\/wp-content\/uploads\/2019\/07\/EBRARD17-buena-237x132.jpg 237w, https:\/\/www.diarioimagen.net\/wp-content\/uploads\/2019\/07\/EBRARD17-buena.jpg 480w\" sizes=\"auto, (max-width: 460px) 100vw, 460px\" \/><\/a><\/p>\n<p>&nbsp;<\/p>\n<p>El canciller Marcelo Ebrard Casaub\u00f3n dio a conocer que este domingo 21 de julio se reunir\u00e1 en la Ciudad de M\u00e9xico con el secretario de Estado norteamericano, Mike Pompeo, para dar seguimiento a temas como migraci\u00f3n y comercio.<\/p>\n<p>En su cuenta @m_ebrard de Twitter, el titular de la Secretar\u00eda de Relaciones Exteriores (SRE) indic\u00f3 que en el encuentro tambi\u00e9n abordar\u00e1n el Plan de Desarrollo Integral para Centroam\u00e9rica.<\/p>\n<p>El domingo tendr\u00e9 reuni\u00f3n con Mike Pompeo , Secretario de Estado de los Estados Unidos de Am\u00e9rica, aqu\u00ed en Ciudad de M\u00e9xico. Daremos seguimiento entre otros a temas de migraci\u00f3n, comercio y el Plan de Desarrollo Integral para Centroam\u00e9rica.<\/p>\n<p>La v\u00edspera, el funcionario federal expres\u00f3 el desacuerdo del gobierno mexicano con la nueva medida anunciada por Estados Unidos para limitar el otorgamiento de asilo y asegur\u00f3 que M\u00e9xico mantendr\u00e1 su pol\u00edtica en pro del refugio a quienes temen por su vida en sus pa\u00edses de origen.<\/p>\n<p>El canciller Marcelo Ebrard Casaub\u00f3n dio a conocer que este domingo 21 de julio se reunir\u00e1 en la Ciudad de M\u00e9xico con el secretario de Estado norteamericano, Mike Pompeo, para dar seguimiento a temas como migraci\u00f3n y comercio.<\/p>\n<p>En su cuenta @m_ebrard de Twitter, el titular de la Secretar\u00eda de Relaciones Exteriores (SRE) indic\u00f3 que en el encuentro tambi\u00e9n abordar\u00e1n el Plan de Desarrollo Integral para Centroam\u00e9rica.<\/p>\n<p>El domingo tendr\u00e9 reuni\u00f3n con Mike Pompeo , Secretario de Estado de los Estados Unidos de Am\u00e9rica, aqu\u00ed en Ciudad de M\u00e9xico. Daremos seguimiento entre otros a temas de migraci\u00f3n, comercio y el Plan de Desarrollo Integral para Centroam\u00e9rica.<\/p>\n<p>La v\u00edspera, el funcionario federal expres\u00f3 el desacuerdo del gobierno mexicano con la nueva medida anunciada por Estados Unidos para limitar el otorgamiento de asilo y asegur\u00f3 que M\u00e9xico mantendr\u00e1 su pol\u00edtica en pro del refugio a quienes temen por su vida en sus pa\u00edses de origen.<\/p>\n","protected":false},"excerpt":{"rendered":"<p>El canciller Marcelo Ebrard Casaub\u00f3n dio a conocer que este domingo 21 de julio se reunir\u00e1 en la Ciudad de M\u00e9xico con el secretario de Estado norteamericano, Mike Pompeo, para dar seguimiento a temas como migraci\u00f3n y comercio.<\/p>\n","protected":false},"author":3,"featured_media":435700,"comment_status":"open","ping_status":"open","sticky":false,"template":"","format":"standard","meta":{"_monsterinsights_skip_tracking":false,"_monsterinsights_sitenote_active":false,"_monsterinsights_sitenote_note":"","_monsterinsights_sitenote_category":0,"footnotes":""},"categories":[3],"tags":[177,44,4055,43673],"class_list":["post-435597","post","type-post","status-publish","format-standard","has-post-thumbnail","hentry","category-nacional","tag-estados-unidos","tag-mexico","tag-migracion","tag-nacional"],"_links":{"self":[{"href":"https:\/\/www.diarioimagen.net\/index.php?rest_route=\/wp\/v2\/posts\/435597","targetHints":{"allow":["GET"]}}],"collection":[{"href":"https:\/\/www.diarioimagen.net\/index.php?rest_route=\/wp\/v2\/posts"}],"about":[{"href":"https:\/\/www.diarioimagen.net\/index.php?rest_route=\/wp\/v2\/types\/post"}],"author":[{"embeddable":true,"href":"https:\/\/www.diarioimagen.net\/index.php?rest_route=\/wp\/v2\/users\/3"}],"replies":[{"embeddable":true,"href":"https:\/\/www.diarioimagen.net\/index.php?rest_route=%2Fwp%2Fv2%2Fcomments&post=435597"}],"version-history":[{"count":0,"href":"https:\/\/www.diarioimagen.net\/index.php?rest_route=\/wp\/v2\/posts\/435597\/revisions"}],"wp:featuredmedia":[{"embeddable":true,"href":"https:\/\/www.diarioimagen.net\/index.php?rest_route=\/wp\/v2\/media\/435700"}],"wp:attachment":[{"href":"https:\/\/www.diarioimagen.net\/index.php?rest_route=%2Fwp%2Fv2%2Fmedia&parent=435597"}],"wp:term":[{"taxonomy":"category","embeddable":true,"href":"https:\/\/www.diarioimagen.net\/index.php?rest_route=%2Fwp%2Fv2%2Fcategories&post=435597"},{"taxonomy":"post_tag","embeddable":true,"href":"https:\/\/www.diarioimagen.net\/index.php?rest_route=%2Fwp%2Fv2%2Ftags&post=435597"}],"curies":[{"name":"wp","href":"https:\/\/api.w.org\/{rel}","templated":true}]}}