{"id":435606,"date":"2019-07-17T00:09:05","date_gmt":"2019-07-17T05:09:05","guid":{"rendered":"https:\/\/www.diarioimagen.net\/?p=435606"},"modified":"2019-07-17T07:37:52","modified_gmt":"2019-07-17T12:37:52","slug":"realiza-huixquilucan-operativo-de-seguridad-vacaciones-2019","status":"publish","type":"post","link":"https:\/\/www.diarioimagen.net\/?p=435606","title":{"rendered":"Realiza Huixquilucan operativo de seguridad \u201cVacaciones 2019\u201d"},"content":{"rendered":"<ul>\n<li><strong><em>Garantizada, la seguridad<\/em><\/strong><\/li>\n<\/ul>\n<p>&nbsp;<\/p>\n<div id=\"attachment_435708\" style=\"width: 470px\" class=\"wp-caption aligncenter\"><a href=\"https:\/\/www.diarioimagen.net\/?attachment_id=435708\" rel=\"attachment wp-att-435708\"><img loading=\"lazy\" decoding=\"async\" aria-describedby=\"caption-attachment-435708\" class=\"size-large wp-image-435708\" src=\"https:\/\/www.diarioimagen.net\/wp-content\/uploads\/2019\/07\/HUIXQUILUCAN-17-460x259.jpg\" alt=\"\" width=\"460\" height=\"259\" srcset=\"https:\/\/www.diarioimagen.net\/wp-content\/uploads\/2019\/07\/HUIXQUILUCAN-17-460x259.jpg 460w, https:\/\/www.diarioimagen.net\/wp-content\/uploads\/2019\/07\/HUIXQUILUCAN-17-240x135.jpg 240w, https:\/\/www.diarioimagen.net\/wp-content\/uploads\/2019\/07\/HUIXQUILUCAN-17-235x132.jpg 235w, https:\/\/www.diarioimagen.net\/wp-content\/uploads\/2019\/07\/HUIXQUILUCAN-17-202x114.jpg 202w, https:\/\/www.diarioimagen.net\/wp-content\/uploads\/2019\/07\/HUIXQUILUCAN-17-350x196.jpg 350w, https:\/\/www.diarioimagen.net\/wp-content\/uploads\/2019\/07\/HUIXQUILUCAN-17-220x123.jpg 220w, https:\/\/www.diarioimagen.net\/wp-content\/uploads\/2019\/07\/HUIXQUILUCAN-17-237x132.jpg 237w, https:\/\/www.diarioimagen.net\/wp-content\/uploads\/2019\/07\/HUIXQUILUCAN-17.jpg 480w\" sizes=\"auto, (max-width: 460px) 100vw, 460px\" \/><\/a><p id=\"caption-attachment-435708\" class=\"wp-caption-text\">El gobierno que encabeza Enrique Vargas del Villar implement\u00f3 el operativo de seguridad Vacaciones 2019.<\/p><\/div>\n<p>&nbsp;<\/p>\n<p><strong>Huixquilucan, Estado de M\u00e9xico<\/strong>.- Para esta temporada vacacional, el gobierno municipal de Huixquilucan, encabezado por Enrique Vargas del Villar, implement\u00f3 el operativo de seguridad Vacaciones 2019, en el cual participar\u00e1 todo el personal operativo de la Direcci\u00f3n General de Seguridad P\u00fablica y Vialidad.<\/p>\n<p>Durante este receso escolar, el gobierno municipal busca garantizar la seguridad de las personas, as\u00ed como sus bienes, toda vez que durante los \u00faltimos tres a\u00f1os se ha logrado contener la delincuencia, principalmente el robo a casa habitaci\u00f3n.<\/p>\n<p>Para los vacacionistas que se ausentar\u00e1n por una larga temporada de sus domicilios, recomend\u00f3 encargar el inmueble con alg\u00fan vecino y dejarle la llave para que pueda prender y apagar luces, as\u00ed como recoger correspondencia.<\/p>\n<p>Asimismo, recomend\u00f3 cerrar las llaves de paso de agua y gas; desconectar aparatos electr\u00f3nicos; verificar que las puertas y ventanas est\u00e9n cerradas; evitar publicar en redes sociales ubicaci\u00f3n y fotos que indiquen la ausencia de las personas.<\/p>\n<p>Luis Antonio Alarc\u00f3n Mart\u00ednez, responsable de la seguridad p\u00fablica en el municipio, dijo que por instrucciones del presidente Enrique Vargas,\u00a0 el total de la fuerza policiaca estar\u00e1 vigilando las calles, centros comerciales y bancos, para que la ciudadan\u00eda realice con tranquilidad sus actividades durante estas vacaciones.<\/p>\n<p>Inform\u00f3 que se tendr\u00e1n filtros con presencia policial para que en caso de alguna eventualidad, se proceda al cierre de accesos y hacer revisiones.<\/p>\n<p>El titular de seguridad p\u00fablica municipal, record\u00f3 a la ciudadan\u00eda que en caso de alguna emergencia, se comuniquen al 911 o al n\u00famero 36051439 al 41, donde personal del Centro de Mando atender\u00e1 de manera inmediata la llamada y enviar\u00e1 la ayuda que se requiera.<\/p>\n","protected":false},"excerpt":{"rendered":"<p>Para esta temporada vacacional, el gobierno municipal de Huixquilucan, encabezado por Enrique Vargas del Villar, implement\u00f3 el operativo de seguridad Vacaciones 2019, en el cual participar\u00e1 todo el personal operativo de la Direcci\u00f3n General de Seguridad P\u00fablica y Vialidad.<\/p>\n","protected":false},"author":3,"featured_media":435708,"comment_status":"open","ping_status":"open","sticky":false,"template":"","format":"standard","meta":{"_monsterinsights_skip_tracking":false,"_monsterinsights_sitenote_active":false,"_monsterinsights_sitenote_note":"","_monsterinsights_sitenote_category":0,"footnotes":""},"categories":[5],"tags":[43675,1097,43677],"class_list":["post-435606","post","type-post","status-publish","format-standard","has-post-thumbnail","hentry","category-estado-de-mexico","tag-estado-de-mexico","tag-huixquilucan","tag-seguridad"],"_links":{"self":[{"href":"https:\/\/www.diarioimagen.net\/index.php?rest_route=\/wp\/v2\/posts\/435606","targetHints":{"allow":["GET"]}}],"collection":[{"href":"https:\/\/www.diarioimagen.net\/index.php?rest_route=\/wp\/v2\/posts"}],"about":[{"href":"https:\/\/www.diarioimagen.net\/index.php?rest_route=\/wp\/v2\/types\/post"}],"author":[{"embeddable":true,"href":"https:\/\/www.diarioimagen.net\/index.php?rest_route=\/wp\/v2\/users\/3"}],"replies":[{"embeddable":true,"href":"https:\/\/www.diarioimagen.net\/index.php?rest_route=%2Fwp%2Fv2%2Fcomments&post=435606"}],"version-history":[{"count":0,"href":"https:\/\/www.diarioimagen.net\/index.php?rest_route=\/wp\/v2\/posts\/435606\/revisions"}],"wp:featuredmedia":[{"embeddable":true,"href":"https:\/\/www.diarioimagen.net\/index.php?rest_route=\/wp\/v2\/media\/435708"}],"wp:attachment":[{"href":"https:\/\/www.diarioimagen.net\/index.php?rest_route=%2Fwp%2Fv2%2Fmedia&parent=435606"}],"wp:term":[{"taxonomy":"category","embeddable":true,"href":"https:\/\/www.diarioimagen.net\/index.php?rest_route=%2Fwp%2Fv2%2Fcategories&post=435606"},{"taxonomy":"post_tag","embeddable":true,"href":"https:\/\/www.diarioimagen.net\/index.php?rest_route=%2Fwp%2Fv2%2Ftags&post=435606"}],"curies":[{"name":"wp","href":"https:\/\/api.w.org\/{rel}","templated":true}]}}