{"id":435612,"date":"2019-07-17T00:01:54","date_gmt":"2019-07-17T05:01:54","guid":{"rendered":"https:\/\/www.diarioimagen.net\/?p=435612"},"modified":"2019-07-17T03:59:05","modified_gmt":"2019-07-17T08:59:05","slug":"del-21-al-23-de-agosto-proximos-los-cabos-sede-del-xxvi-congreso-nacional-de-la-industria-de-reuniones-que-representa-1-8-del-pib-nacional-y-6-8-del-pib-de-baja-california-sur","status":"publish","type":"post","link":"https:\/\/www.diarioimagen.net\/?p=435612","title":{"rendered":"Del 21 al 23 de agosto pr\u00f3ximos Los Cabos, sede del XXVI Congreso Nacional de la Industria de Reuniones que representa 1.8% del PIB nacional y 6.8% del PIB de Baja California Sur"},"content":{"rendered":"<h2>De cinco estrellas<\/h2>\n<h5>Victoria Gonz\u00e1lez Prado<\/h5>\n<p><strong>\u00a0<\/strong><\/p>\n<ul>\n<li><em><strong>Presenta <\/strong><\/em><strong>Expedia Group, Rev+<\/strong><em><strong>, software que agiliza la gesti\u00f3n de reservas hoteleras y paquetes tur\u00edsticos\u00a0 en su plataforma web<\/strong><\/em><\/li>\n<\/ul>\n<p>&nbsp;<\/p>\n<div id=\"attachment_435652\" style=\"width: 470px\" class=\"wp-caption aligncenter\"><a href=\"https:\/\/www.diarioimagen.net\/?attachment_id=435652\" rel=\"attachment wp-att-435652\"><img loading=\"lazy\" decoding=\"async\" aria-describedby=\"caption-attachment-435652\" class=\"size-large wp-image-435652\" src=\"https:\/\/www.diarioimagen.net\/wp-content\/uploads\/2019\/07\/turismo-9-460x313.jpg\" alt=\"\" width=\"460\" height=\"313\" srcset=\"https:\/\/www.diarioimagen.net\/wp-content\/uploads\/2019\/07\/turismo-9-460x313.jpg 460w, https:\/\/www.diarioimagen.net\/wp-content\/uploads\/2019\/07\/turismo-9-240x163.jpg 240w, https:\/\/www.diarioimagen.net\/wp-content\/uploads\/2019\/07\/turismo-9.jpg 700w\" sizes=\"auto, (max-width: 460px) 100vw, 460px\" \/><\/a><p id=\"caption-attachment-435652\" class=\"wp-caption-text\">Rodrigo Esponda, Luis Humberto Araiza, Jaime Salazar y Alfredo Guti\u00e9rrez Medina.<\/p><\/div>\n<p>&nbsp;<\/p>\n<p>Del 21 al 23 de agosto pr\u00f3ximos Los Cabos ser\u00e1 sede del XXVI Congreso Nacional de la Industria de Reuniones (CNIR), en el Centro Internacional de Convenciones (CIC), donde se prev\u00e9 la participaci\u00f3n de 600 participantes de todo el pa\u00eds, m\u00e1s autoridades e invitados especiales.<\/p>\n<p>El presidente del Consejo Mexicano de la Industria de Reuniones (Comir), <strong>Jaime Salazar Figueroa<\/strong>, se\u00f1al\u00f3: \u201cel objetivo de CNIR es contribuir en la profesionalizaci\u00f3n y competitividad de los distintos integrantes de la cadena de valor de la industria de reuniones en M\u00e9xico. Los asistentes al evento son, en su mayor\u00eda, propietarios, directores generales y directores de \u00e1rea (73.2 por ciento de los participantes) con poder de toma de decisiones\u201d.<\/p>\n<p>En la presentaci\u00f3n de la XXVI edici\u00f3n, <strong>Luis Humberto Araiza L\u00f3pez<\/strong>, secretario de Turismo, Econom\u00eda y Sustentabilidad (Setues) de Baja California Sur, se\u00f1al\u00f3: \u201ccelebramos que Los Cabos sea el destino elegido sede de esta edici\u00f3n del Congreso Nacional de la Industria de Reuniones, ya que representa una contribuci\u00f3n importante para el impulso y consolidaci\u00f3n de esa industria en nuestro pa\u00eds, que actualmente representa el 1.8 por ciento del PIB nacional, con una positiva proyecci\u00f3n de crecimiento que nos permite resaltar los atributos tur\u00edsticos del estado en una comunidad clave para la entidad\u201d.<\/p>\n<p>Cabe destacar que el Centro Internacional de Convenciones (CIC) de Los Cabos es uno de los recintos m\u00e1s modernos de la Rep\u00fablica Mexicana, con infraestructura para atender congresos, exposiciones o convenciones y capacidad para m\u00e1s de 8 mil personas. Es considerado sustentable al contar con la pared verde m\u00e1s grande de Am\u00e9rica Latina, conformada por 29 mil pies cuadrados de flora nativa, uso de m\u00e1s de mil paneles solares y terraza de vista panor\u00e1mica al Mar de Cort\u00e9s.<\/p>\n<p>El programa acad\u00e9mico del CNIR iniciar\u00e1 con inducci\u00f3n a la industria de reuniones, con la finalidad de que estudiantes y prestadores de servicios del destino est\u00e9n al tanto de las tendencias y competitividad en el sector. Habr\u00e1 cinco conferencias magistrales: \u201cDiversidad de g\u00e9nero e inclusi\u00f3n en los negocios\u201d, \u201cTendencias internacionales en la industria de reuniones: experiencias vivenciales\u201d, ambas por <strong>Derric K. Johnson<\/strong>, <em>Council of Insurance Agents &amp; Brokers USA;<\/em>\u00a0 \u201cC\u00f3mo crear un destino fant\u00e1stico en un desierto\u201d por <strong>Chris Meyer <\/strong>de <em>Las Vegas Convention and Visitors Authority<\/em>\u2013LVCVA; \u201cEntorno socio econ\u00f3mico y pol\u00edtico de M\u00e9xico\u201d por <strong>Roy Campos<\/strong> de Consulta\u00a0 <em>Mitofsky,<\/em> y \u201cLos millenials y su interacci\u00f3n con otras generaciones\u201d por <strong>Jorge Rosas<\/strong> de Disney\u2013ESPN.<\/p>\n<p>Se organizar\u00e1n 24 ponencias en formato totalmente diferente a los que se hab\u00eda visto en anteriores ediciones. Por primera vez, se celebrar\u00e1 la carrera CNIR, en el Malec\u00f3n San Jos\u00e9 de la zona hotelera y un programa de golf entre amigos.<\/p>\n<p>\u201cFiturca tiene como objetivo principal destacar el fortalecimiento del segmento de turismo de reuniones que se ha convertido en motor de crecimiento econ\u00f3mico en Los Cabos. Este segmento contribuye anualmente con m\u00e1s del 6.8 por ciento del PIB de Baja California Sur, genera m\u00e1s de 7 mil millones de pesos en ingresos y miles de empleos.<\/p>\n<p>A\u00f1o con a\u00f1o, se llevan a cabo m\u00e1s de 6 mil 500 reuniones con asistencia de 300 mil participantes, que se traduce en 14 por ciento del total de los visitantes al destino\u201d, asegur\u00f3 <strong>Rodrigo Esponda<\/strong>, director general del Fideicomiso de Turismo de Los Cabos.<\/p>\n<p>\u2730\u2730\u2730\u2730\u2730 <em>Rev+<\/em> es el nuevo <em>software<\/em> que agilizar\u00e1 la gesti\u00f3n de reservas hoteleras y paquetes tur\u00edsticos de <em>Expedia Group<\/em> en su plataforma web con lo que ser\u00e1 m\u00e1s f\u00e1cil realizar reservaciones y manejo prospectivo de cifras en tiempo real del comportamiento de la demanda de hospedajes de los potenciales turistas. Con ello, las diferentes marcas hoteleras podr\u00e1n incrementar utilidades y cuentas hasta 20 por ciento adem\u00e1s de ser herramienta robusta\u201d, as\u00ed lo dio a conocer <strong>Jorge Castillo<\/strong>, director de Administraci\u00f3n\u00a0 de <em>Expedia Group. <\/em><\/p>\n<p>\u201cSe trata de herramienta \u00fanica que ayuda a los socios hoteleros a mejorar sus ingresos. Apoya para dise\u00f1ar ofertas estrat\u00e9gicas y establece tarifas de acuerdo con su categor\u00eda competitiva, dando m\u00e1s oportunidades para mejorar su ocupaci\u00f3n\u201d, agreg\u00f3.<\/p>\n<p>El directivo destac\u00f3 que la plataforma gestiona diversos escenarios, en tiempo real, de la demanda y manejo de promociones-precios de las marcas hoteleras que compiten dentro de la gesti\u00f3n de <em>Expedia Rev+<\/em>, lo que refleja la evoluci\u00f3n de la plataforma a favor de sus clientes.<\/p>\n<p>\u201cLas caracter\u00edsticas de <em>Rev+<\/em> son: c\u00e1lculo de tarifas competitivas por tipo de habitaci\u00f3n, alertas y notificaciones personalizadas, establecimiento de precios competitivos, tabla de precios personalizable, entre otras. Adem\u00e1s, gestiona posibles escenarios en los que permite a los hoteleros realizar ajustes en sus promociones en curvas de ofertas y ocupaci\u00f3n con mejor precio y con clientes-viajeros definidos\u201d, dijo.<\/p>\n<p>El ejecutivo se\u00f1al\u00f3 que la plataforma cuenta con portafolio de m\u00e1s de un mill\u00f3n de hoteles, 1.8 millones de propiedades de alquiler vacacional, m\u00e1s de 500 aerol\u00edneas, 175 arrendadoras de autos y m\u00e1s de 35 mil actividades, \u201clo que genera alto tr\u00e1fico de usuarios que los hoteleros de <em>Expedia Group<\/em> pueden aprovechar para impulsar sus negocios mediante promociones, aceleradores de posicionamiento, <em>TravelAds<\/em>, y ahora <em>Rev+\u201d.<\/em> Adem\u00e1s, reiter\u00f3 que las herramientas son gratuitas para todos los socios que se integren a la plataforma de <em>Expedia Group.<\/em><\/p>\n<p>Es necesario, indic\u00f3 <strong>Jorge Castillo<\/strong>, \u201cofrecer al mercado tur\u00edstico del pa\u00eds una plataforma integral que mejore la experiencia de gesti\u00f3n de viajes tanto para el usuario o turista como para el socio que tiene alojada su oferta en alguna de las unidades de negocio del grupo. Es gratuito y puede dar ganancias en el mediano plazo con su eficiente manejo\u201d.<\/p>\n<p>Los viajeros cada vez son m\u00e1s espec\u00edficos en lo que requieren y la \u00fanica forma como lo va a encontrar en los buscadores, es cuando el socio hotelero proporcione toda la informaci\u00f3n que distingue a su hotel del resto, por lo que destac\u00f3: el 92 por ciento de los viajeros optan por reservar destinos cuando tienen informaci\u00f3n definida del precio-hotel y d\u00edas de reservaci\u00f3n.<\/p>\n<p>\u201cEl 75 por ciento del tr\u00e1fico de b\u00fasqueda se concentra en los primeros 15 resultados que arroja una b\u00fasqueda; y la interacci\u00f3n entre hotelero y hu\u00e9sped genera 40 por ciento de posibilidad de retorno\u201d, indic\u00f3.<\/p>\n<p>Por su parte, <strong>Francisco Barriga<\/strong>, director de <em>eCommerce<\/em> de Grupo Presidente,\u00a0 dijo que para el grupo hotelero mexicano ha resultado \u00fatil la funci\u00f3n <em>Rev+.<\/em> \u201clo usamos los siete d\u00edas de la semana los 365 d\u00edas del a\u00f1o, lo que nos genera certidumbre en el manejo de nuestras ocupaciones tanto en temporadas altas y bajas, nos brinda reportes detallados sobre perspectivas de reservas, tarifas, comparaci\u00f3n con hoteleros del mismo segmento, y a d\u00f3nde se van los hu\u00e9spedes que optan por la competencia\u201d, concluy\u00f3.<\/p>\n<p><span class=\"Apple-converted-space\"><em><a href=\"mailto:victoriagprado@gmail.com\" target=\"_blank\" rel=\"noopener noreferrer\">victoriagprado@gmail.com<\/a><\/em><br \/>\n<em>Twitter: <a href=\"https:\/\/twitter.com\/victoriagprado\" target=\"_blank\" rel=\"noopener noreferrer\">@victoriagprado<\/a><\/em><\/span><\/p>\n","protected":false},"excerpt":{"rendered":"<p>Del 21 al 23 de agosto pr\u00f3ximos Los Cabos ser\u00e1 sede del XXVI Congreso Nacional de la Industria de Reuniones (CNIR), en el Centro Internacional de Convenciones (CIC), donde se prev\u00e9 la participaci\u00f3n de 600 participantes de todo el pa\u00eds, m\u00e1s autoridades e invitados especiales.<\/p>\n","protected":false},"author":3,"featured_media":435652,"comment_status":"open","ping_status":"open","sticky":false,"template":"","format":"standard","meta":{"_monsterinsights_skip_tracking":false,"_monsterinsights_sitenote_active":false,"_monsterinsights_sitenote_note":"","_monsterinsights_sitenote_category":0,"footnotes":""},"categories":[11],"tags":[107,43674,43681,106],"class_list":["post-435612","post","type-post","status-publish","format-standard","has-post-thumbnail","hentry","category-turismo","tag-de-cinco-estrellas","tag-opinion","tag-turismo","tag-victoria-gonzalez-prado"],"_links":{"self":[{"href":"https:\/\/www.diarioimagen.net\/index.php?rest_route=\/wp\/v2\/posts\/435612","targetHints":{"allow":["GET"]}}],"collection":[{"href":"https:\/\/www.diarioimagen.net\/index.php?rest_route=\/wp\/v2\/posts"}],"about":[{"href":"https:\/\/www.diarioimagen.net\/index.php?rest_route=\/wp\/v2\/types\/post"}],"author":[{"embeddable":true,"href":"https:\/\/www.diarioimagen.net\/index.php?rest_route=\/wp\/v2\/users\/3"}],"replies":[{"embeddable":true,"href":"https:\/\/www.diarioimagen.net\/index.php?rest_route=%2Fwp%2Fv2%2Fcomments&post=435612"}],"version-history":[{"count":0,"href":"https:\/\/www.diarioimagen.net\/index.php?rest_route=\/wp\/v2\/posts\/435612\/revisions"}],"wp:featuredmedia":[{"embeddable":true,"href":"https:\/\/www.diarioimagen.net\/index.php?rest_route=\/wp\/v2\/media\/435652"}],"wp:attachment":[{"href":"https:\/\/www.diarioimagen.net\/index.php?rest_route=%2Fwp%2Fv2%2Fmedia&parent=435612"}],"wp:term":[{"taxonomy":"category","embeddable":true,"href":"https:\/\/www.diarioimagen.net\/index.php?rest_route=%2Fwp%2Fv2%2Fcategories&post=435612"},{"taxonomy":"post_tag","embeddable":true,"href":"https:\/\/www.diarioimagen.net\/index.php?rest_route=%2Fwp%2Fv2%2Ftags&post=435612"}],"curies":[{"name":"wp","href":"https:\/\/api.w.org\/{rel}","templated":true}]}}