{"id":435672,"date":"2019-07-17T00:02:08","date_gmt":"2019-07-17T05:02:08","guid":{"rendered":"https:\/\/www.diarioimagen.net\/?p=435672"},"modified":"2019-07-17T05:12:45","modified_gmt":"2019-07-17T10:12:45","slug":"cruda-advertencia","status":"publish","type":"post","link":"https:\/\/www.diarioimagen.net\/?p=435672","title":{"rendered":"Cruda advertencia"},"content":{"rendered":"<h2>De pe a pa<\/h2>\n<h5>Alberto Vieyra G.<\/h5>\n<p>&nbsp;<\/p>\n<p>\u00bfSe imagina usted al planeta tierra convertido en un gigantesco desierto? \u00bfSabr\u00e1 el capitalismo y los due\u00f1os de los m\u00e1s de mil 100 millones de automotores que hay en el mundo, incluyendo 19 mil aviones comerciales, que, si no cambiamos nuestros cochinos h\u00e1bitos, la humanidad se acabar\u00e1 en solo 30 a\u00f1os? Se ha puesto a pensar \u00bfC\u00f3mo ser\u00e1 la cat\u00e1strofe que viene? \u00bfEstar\u00e1 preparada la humanidad para su extinci\u00f3n? \u00bfPermitir\u00e1 el dios Jehov\u00e1 que el hombre acabe destruyendo al planeta? \u00bfEl apocalipsis que viene ser\u00e1 la desaparici\u00f3n de este planeta, nuestra casa com\u00fan?&#8230;<\/p>\n<p>De acuerdo con la Biblia, la tierra jam\u00e1s desaparecer\u00e1, jam\u00e1s ser\u00e1 destruida por el hombre. Pero el cataclismo vendr\u00e1 por la inconciencia del hombre que se est\u00e1 autodestruyendo a s\u00ed mismo y depredando los pocos recursos naturales que nos quedan.<\/p>\n<p>Un escalofriante informe de m\u00e1s de 700 p\u00e1ginas dado a conocer por la ONU, la semana pasada revela una cruda y macabra advertencia: \u201c\u00a1Si no cambiamos, el mundo se acaba en 30 a\u00f1os!\u201d.<\/p>\n<p>Dicho informe nos recuerda que, si el agua del \u00c1rtico se calienta entre 2 y 5 grados m\u00e1s, m\u00e1s de 4 mil millones de personas habremos de vivir en gigantescos desiertos que no producir\u00e1n ni cacahuates, adem\u00e1s de que la humanidad ser\u00e1 presa de los virus y la resistencia a los antibi\u00f3ticos podr\u00eda ser la causa principal de muerte, para 2050.<\/p>\n<p>Este \u00e1tomo de la comunicaci\u00f3n no pretende alarmar a nadie, pero s\u00ed creo que como ambientalista, ante la cruda advertencia de la ONU, es necesario que lo pensemos no una, sino muchas veces en seguir contaminando al planeta tirando pl\u00e1sticos, llantas, pilas alcalinas que llegan a contaminar hasta por 400 a\u00f1os, aunque tambi\u00e9n tenemos que ser muy severos contra las empresas socialmente irresponsables, como la Minera M\u00e9xico, del se\u00f1or Larrea, que acaba de cometer otro ecocidio en el Mar de Cortes derramando miles de litros de \u00e1cido sulf\u00farico, capaz de aniquilar a cualquier ser vivo, y sin que haya gobiernos que les paren el alto y es que hay que decirlo: Gobierno y capitalismo conforman un diab\u00f3lico binomio que nos llevar\u00e1n al desastre que viene.<\/p>\n<p>Hoy vemos con tristeza como decenas de especies marinas est\u00e1n comiendo pl\u00e1stico y nosotros comiendo pescado con altas dosis de contaminantes. Los oc\u00e9anos est\u00e1n convertidos en gigantescos basureros. Los parques, ciudades, pueblos y carreteras est\u00e1n convertidos tambi\u00e9n en monumentales basureros.<\/p>\n<p>Pero \u00bfQui\u00e9nes m\u00e1s contaminan a nuestra casa com\u00fan, adem\u00e1s de los cochinos partidos pol\u00edticos? Sin lugar a dudas las personas que solamente les abren la puerta a sus mascotas para que salgan a defecar en la v\u00eda p\u00fablica, las empresas, los tianguistas, los inconscientes borrachos que tiran los envases de vino a los mares, los ni\u00f1os y los mayores que tiran basura por todos lados, los conchudos gobiernos que no limpian y no destapan drenajes que provocan inundaciones, y en fin que pr\u00e1cticamente todos los seres sobre todo los inconscientes contaminamos a nuestro planeta.<\/p>\n<p>El informe de la ONU, tambi\u00e9n nos advierte que pronto en 30 a\u00f1os, unas 500 ciudades en el mundo se convertir\u00e1n por el deterioro del cambio clim\u00e1tico en aut\u00e9nticas antesalas del infierno con temperaturas de hasta m\u00e1s de 50 grados. \u00a1Ser\u00e1n aut\u00e9nticos botes de tamales!<\/p>\n<p>Ahora ya lo sabemos, cada vez que destruyamos contaminando a nuestra casa com\u00fan, no olvidemos que podr\u00edamos estar a solo 30 a\u00f1os de vivir la gran cat\u00e1strofe humana que viene.<\/p>\n<p><em><a href=\"mailto:info@agenciamn.com\" target=\"_blank\" rel=\"noopener noreferrer\">info@agenciamn.com<\/a><\/em><\/p>\n","protected":false},"excerpt":{"rendered":"<p><span style=\"color: #005497;\"><strong>Alberto Vieyra G.<\/strong><\/span><\/p>\n","protected":false},"author":3,"featured_media":0,"comment_status":"open","ping_status":"open","sticky":false,"template":"","format":"standard","meta":{"_monsterinsights_skip_tracking":false,"_monsterinsights_sitenote_active":false,"_monsterinsights_sitenote_note":"","_monsterinsights_sitenote_category":0,"footnotes":""},"categories":[4596],"tags":[43697,4597,43674],"class_list":["post-435672","post","type-post","status-publish","format-standard","hentry","category-alberto-vieyra-g","tag-alberto-vieyra-g","tag-de-pe-a-pa","tag-opinion"],"_links":{"self":[{"href":"https:\/\/www.diarioimagen.net\/index.php?rest_route=\/wp\/v2\/posts\/435672","targetHints":{"allow":["GET"]}}],"collection":[{"href":"https:\/\/www.diarioimagen.net\/index.php?rest_route=\/wp\/v2\/posts"}],"about":[{"href":"https:\/\/www.diarioimagen.net\/index.php?rest_route=\/wp\/v2\/types\/post"}],"author":[{"embeddable":true,"href":"https:\/\/www.diarioimagen.net\/index.php?rest_route=\/wp\/v2\/users\/3"}],"replies":[{"embeddable":true,"href":"https:\/\/www.diarioimagen.net\/index.php?rest_route=%2Fwp%2Fv2%2Fcomments&post=435672"}],"version-history":[{"count":0,"href":"https:\/\/www.diarioimagen.net\/index.php?rest_route=\/wp\/v2\/posts\/435672\/revisions"}],"wp:attachment":[{"href":"https:\/\/www.diarioimagen.net\/index.php?rest_route=%2Fwp%2Fv2%2Fmedia&parent=435672"}],"wp:term":[{"taxonomy":"category","embeddable":true,"href":"https:\/\/www.diarioimagen.net\/index.php?rest_route=%2Fwp%2Fv2%2Fcategories&post=435672"},{"taxonomy":"post_tag","embeddable":true,"href":"https:\/\/www.diarioimagen.net\/index.php?rest_route=%2Fwp%2Fv2%2Ftags&post=435672"}],"curies":[{"name":"wp","href":"https:\/\/api.w.org\/{rel}","templated":true}]}}