{"id":435886,"date":"2019-07-19T00:08:13","date_gmt":"2019-07-19T05:08:13","guid":{"rendered":"https:\/\/www.diarioimagen.net\/?p=435886"},"modified":"2019-07-19T07:11:20","modified_gmt":"2019-07-19T12:11:20","slug":"lleva-dif-naucalpan-servicios-asistenciales-a-tepatlaxco","status":"publish","type":"post","link":"https:\/\/www.diarioimagen.net\/?p=435886","title":{"rendered":"Lleva DIF Naucalpan servicios asistenciales a Tepatlaxco"},"content":{"rendered":"<p><a href=\"https:\/\/www.diarioimagen.net\/?attachment_id=435963\" rel=\"attachment wp-att-435963\"><img loading=\"lazy\" decoding=\"async\" class=\"aligncenter size-large wp-image-435963\" src=\"https:\/\/www.diarioimagen.net\/wp-content\/uploads\/2019\/07\/NAUCALPAN-19-460x259.jpg\" alt=\"\" width=\"460\" height=\"259\" srcset=\"https:\/\/www.diarioimagen.net\/wp-content\/uploads\/2019\/07\/NAUCALPAN-19-460x259.jpg 460w, https:\/\/www.diarioimagen.net\/wp-content\/uploads\/2019\/07\/NAUCALPAN-19-240x135.jpg 240w, https:\/\/www.diarioimagen.net\/wp-content\/uploads\/2019\/07\/NAUCALPAN-19-235x132.jpg 235w, https:\/\/www.diarioimagen.net\/wp-content\/uploads\/2019\/07\/NAUCALPAN-19-202x114.jpg 202w, https:\/\/www.diarioimagen.net\/wp-content\/uploads\/2019\/07\/NAUCALPAN-19-350x196.jpg 350w, https:\/\/www.diarioimagen.net\/wp-content\/uploads\/2019\/07\/NAUCALPAN-19-220x123.jpg 220w, https:\/\/www.diarioimagen.net\/wp-content\/uploads\/2019\/07\/NAUCALPAN-19-237x132.jpg 237w, https:\/\/www.diarioimagen.net\/wp-content\/uploads\/2019\/07\/NAUCALPAN-19.jpg 480w\" sizes=\"auto, (max-width: 460px) 100vw, 460px\" \/><\/a><\/p>\n<p>&nbsp;<\/p>\n<p><strong>Naucalpan, Estado de M\u00e9xico.- <\/strong>El Sistema Municipal para el Desarrollo Integral de Familia (DIF) realiz\u00f3 la Jornada de Servicios Gratuitos en la comunidad de Santiago Tepatlaxco, donde los asistentes tuvieron acceso a asesor\u00edas jur\u00eddicas, programas de bienestar social, servicios de atenci\u00f3n a la discapacidad, as\u00ed como de nutrici\u00f3n, arreglo de u\u00f1as y corte de cabello, entre otros.<\/p>\n<p>Lilia Dur\u00e1n Reveles, Presidenta del DIF Naucalpan, se\u00f1al\u00f3 que es una gran oportunidad de acercar todos los servicios que brinda la instituci\u00f3n que preside hasta las comunidades m\u00e1s alejadas de la cabecera municipal, adem\u00e1s de que todos estos servicios son totalmente gratuitos.<\/p>\n<p>&nbsp;<\/p>\n","protected":false},"excerpt":{"rendered":"<p>El Sistema Municipal para el Desarrollo Integral de Familia (DIF) realiz\u00f3 la Jornada de Servicios Gratuitos en la comunidad de Santiago Tepatlaxco, donde los asistentes tuvieron acceso a asesor\u00edas jur\u00eddicas, programas de bienestar social, servicios de atenci\u00f3n a la discapacidad, as\u00ed como de nutrici\u00f3n, arreglo de u\u00f1as y corte de cabello, entre otros.<\/p>\n","protected":false},"author":3,"featured_media":435963,"comment_status":"open","ping_status":"open","sticky":false,"template":"","format":"standard","meta":{"_monsterinsights_skip_tracking":false,"_monsterinsights_sitenote_active":false,"_monsterinsights_sitenote_note":"","_monsterinsights_sitenote_category":0,"footnotes":""},"categories":[5],"tags":[43675,86800,970,86801],"class_list":["post-435886","post","type-post","status-publish","format-standard","has-post-thumbnail","hentry","category-estado-de-mexico","tag-estado-de-mexico","tag-lilia-duran-reveles","tag-naucalpan","tag-presidenta-del-dif-naucalpan"],"_links":{"self":[{"href":"https:\/\/www.diarioimagen.net\/index.php?rest_route=\/wp\/v2\/posts\/435886","targetHints":{"allow":["GET"]}}],"collection":[{"href":"https:\/\/www.diarioimagen.net\/index.php?rest_route=\/wp\/v2\/posts"}],"about":[{"href":"https:\/\/www.diarioimagen.net\/index.php?rest_route=\/wp\/v2\/types\/post"}],"author":[{"embeddable":true,"href":"https:\/\/www.diarioimagen.net\/index.php?rest_route=\/wp\/v2\/users\/3"}],"replies":[{"embeddable":true,"href":"https:\/\/www.diarioimagen.net\/index.php?rest_route=%2Fwp%2Fv2%2Fcomments&post=435886"}],"version-history":[{"count":0,"href":"https:\/\/www.diarioimagen.net\/index.php?rest_route=\/wp\/v2\/posts\/435886\/revisions"}],"wp:featuredmedia":[{"embeddable":true,"href":"https:\/\/www.diarioimagen.net\/index.php?rest_route=\/wp\/v2\/media\/435963"}],"wp:attachment":[{"href":"https:\/\/www.diarioimagen.net\/index.php?rest_route=%2Fwp%2Fv2%2Fmedia&parent=435886"}],"wp:term":[{"taxonomy":"category","embeddable":true,"href":"https:\/\/www.diarioimagen.net\/index.php?rest_route=%2Fwp%2Fv2%2Fcategories&post=435886"},{"taxonomy":"post_tag","embeddable":true,"href":"https:\/\/www.diarioimagen.net\/index.php?rest_route=%2Fwp%2Fv2%2Ftags&post=435886"}],"curies":[{"name":"wp","href":"https:\/\/api.w.org\/{rel}","templated":true}]}}