{"id":435888,"date":"2019-07-19T00:07:44","date_gmt":"2019-07-19T05:07:44","guid":{"rendered":"https:\/\/www.diarioimagen.net\/?p=435888"},"modified":"2019-07-19T07:13:59","modified_gmt":"2019-07-19T12:13:59","slug":"incrementa-su-trabajo-la-unidad-de-transparencia-de-cuautitlan","status":"publish","type":"post","link":"https:\/\/www.diarioimagen.net\/?p=435888","title":{"rendered":"Incrementa su trabajo la Unidad de Transparencia de Cuautitl\u00e1n"},"content":{"rendered":"<ul>\n<li><strong><em>Durante los primeros seis meses de este a\u00f1o<\/em><\/strong><\/li>\n<\/ul>\n<p>&nbsp;<\/p>\n<div id=\"attachment_435966\" style=\"width: 470px\" class=\"wp-caption aligncenter\"><a href=\"https:\/\/www.diarioimagen.net\/?attachment_id=435966\" rel=\"attachment wp-att-435966\"><img loading=\"lazy\" decoding=\"async\" aria-describedby=\"caption-attachment-435966\" class=\"size-large wp-image-435966\" src=\"https:\/\/www.diarioimagen.net\/wp-content\/uploads\/2019\/07\/CUAUTITLAN-19OK-460x259.jpg\" alt=\"\" width=\"460\" height=\"259\" srcset=\"https:\/\/www.diarioimagen.net\/wp-content\/uploads\/2019\/07\/CUAUTITLAN-19OK-460x259.jpg 460w, https:\/\/www.diarioimagen.net\/wp-content\/uploads\/2019\/07\/CUAUTITLAN-19OK-240x135.jpg 240w, https:\/\/www.diarioimagen.net\/wp-content\/uploads\/2019\/07\/CUAUTITLAN-19OK-235x132.jpg 235w, https:\/\/www.diarioimagen.net\/wp-content\/uploads\/2019\/07\/CUAUTITLAN-19OK-202x114.jpg 202w, https:\/\/www.diarioimagen.net\/wp-content\/uploads\/2019\/07\/CUAUTITLAN-19OK-350x196.jpg 350w, https:\/\/www.diarioimagen.net\/wp-content\/uploads\/2019\/07\/CUAUTITLAN-19OK-220x123.jpg 220w, https:\/\/www.diarioimagen.net\/wp-content\/uploads\/2019\/07\/CUAUTITLAN-19OK-237x132.jpg 237w, https:\/\/www.diarioimagen.net\/wp-content\/uploads\/2019\/07\/CUAUTITLAN-19OK.jpg 480w\" sizes=\"auto, (max-width: 460px) 100vw, 460px\" \/><\/a><p id=\"caption-attachment-435966\" class=\"wp-caption-text\">La Unidad de Transparencia y Acceso a la Informaci\u00f3n ha recibido durante los primeros seis meses del a\u00f1o, 141 solicitudes de ciudadanos.<\/p><\/div>\n<p>&nbsp;<\/p>\n<p><strong>Cuautitl\u00e1n, Estado de M\u00e9xico<\/strong>.- El gobierno municipal a trav\u00e9s de la Unidad de Transparencia y Acceso a la Informaci\u00f3n ha recibido durante los primeros seis meses de este a\u00f1o, 141 solicitudes de ciudadanos que desean obtener conocimientos sobre diversos temas\u00a0 de la administraci\u00f3n p\u00fablica municipal, as\u00ed lo dio a conocer la titular de la unidad de transparencia, al se\u00f1alar que esta cifra se increment\u00f3 en relaci\u00f3n a las 132 solicitudes registradas el a\u00f1o pasado.<\/p>\n<p>Estas acciones realizadas forman parte de la responsabilidad de esta unidad, la cual da atenci\u00f3n a cada una de las peticiones de informaci\u00f3n y que sirve como enlace entre los sujetos obligados y el ciudadano solicitante, asever\u00f3 la funcionaria.<\/p>\n<p>Del total de las solicitudes recibidas este a\u00f1o, 120 han sido contestadas en tiempo y forma, y se espera que el resto se formalicen en pr\u00f3ximos d\u00edas; cabe se\u00f1alar que en su mayor\u00eda las solicitudes se realizaron a trav\u00e9s del SAIMEX (Sistema de Acceso a la Informaci\u00f3n Mexiquense) medio electr\u00f3nico a trav\u00e9s del cual se formulan las solicitudes de informaci\u00f3n p\u00fablica y con la Plataforma Nacional, 4 a trav\u00e9s de la oficial\u00eda de Partes y una de forma verbal.<\/p>\n<p>Otra de las labores de la unidad es asesorar a las personas que deseen pedir informaci\u00f3n, ya sea porque desconocen el procedimiento adecuado para su petici\u00f3n, al mismo tiempo se les apoya en la realizaci\u00f3n de dichas solicitudes en cualquiera de las modalidades (v\u00eda electr\u00f3nica, escrita y verbal).<\/p>\n<p>Como parte de las actividades de la unidad de trasparencia, \u00e9sta llev\u00f3 a cabo tres capacitaciones a los servidores p\u00fablicos de la administraci\u00f3n municipal, con el objetivo de dar a conocer su importancia y la difusi\u00f3n de los avisos de privacidad que le corresponden a cada una de las \u00e1reas de atenci\u00f3n a la ciudadan\u00eda, as\u00ed como la capacitaci\u00f3n a los servidores p\u00fablicos habilitados.<\/p>\n<p>En Cuautitl\u00e1n tambi\u00e9n se cuenta con un m\u00f3dulo de trasparencia que se ubica en el Palacio Municipal, donde los habitantes que quieran obtener informaci\u00f3n pueden acudir de lunes a viernes de 9:00 a 16:00 horas .<\/p>\n","protected":false},"excerpt":{"rendered":"<p>El gobierno municipal a trav\u00e9s de la Unidad de Transparencia y Acceso a la Informaci\u00f3n ha recibido durante los primeros seis meses de este a\u00f1o, 141 solicitudes de ciudadanos que desean obtener conocimientos sobre diversos temas\u00a0 de la administraci\u00f3n p\u00fablica municipal, as\u00ed lo dio a conocer la titular de la unidad de transparencia, al se\u00f1alar que esta cifra se increment\u00f3 en relaci\u00f3n a las 132 solicitudes registradas el a\u00f1o pasado.<\/p>\n","protected":false},"author":3,"featured_media":435966,"comment_status":"open","ping_status":"open","sticky":false,"template":"","format":"standard","meta":{"_monsterinsights_skip_tracking":false,"_monsterinsights_sitenote_active":false,"_monsterinsights_sitenote_note":"","_monsterinsights_sitenote_category":0,"footnotes":""},"categories":[5],"tags":[681,43675,86802],"class_list":["post-435888","post","type-post","status-publish","format-standard","has-post-thumbnail","hentry","category-estado-de-mexico","tag-cuautitlan","tag-estado-de-mexico","tag-unidad-de-transparencia"],"_links":{"self":[{"href":"https:\/\/www.diarioimagen.net\/index.php?rest_route=\/wp\/v2\/posts\/435888","targetHints":{"allow":["GET"]}}],"collection":[{"href":"https:\/\/www.diarioimagen.net\/index.php?rest_route=\/wp\/v2\/posts"}],"about":[{"href":"https:\/\/www.diarioimagen.net\/index.php?rest_route=\/wp\/v2\/types\/post"}],"author":[{"embeddable":true,"href":"https:\/\/www.diarioimagen.net\/index.php?rest_route=\/wp\/v2\/users\/3"}],"replies":[{"embeddable":true,"href":"https:\/\/www.diarioimagen.net\/index.php?rest_route=%2Fwp%2Fv2%2Fcomments&post=435888"}],"version-history":[{"count":0,"href":"https:\/\/www.diarioimagen.net\/index.php?rest_route=\/wp\/v2\/posts\/435888\/revisions"}],"wp:featuredmedia":[{"embeddable":true,"href":"https:\/\/www.diarioimagen.net\/index.php?rest_route=\/wp\/v2\/media\/435966"}],"wp:attachment":[{"href":"https:\/\/www.diarioimagen.net\/index.php?rest_route=%2Fwp%2Fv2%2Fmedia&parent=435888"}],"wp:term":[{"taxonomy":"category","embeddable":true,"href":"https:\/\/www.diarioimagen.net\/index.php?rest_route=%2Fwp%2Fv2%2Fcategories&post=435888"},{"taxonomy":"post_tag","embeddable":true,"href":"https:\/\/www.diarioimagen.net\/index.php?rest_route=%2Fwp%2Fv2%2Ftags&post=435888"}],"curies":[{"name":"wp","href":"https:\/\/api.w.org\/{rel}","templated":true}]}}