{"id":435890,"date":"2019-07-19T00:06:11","date_gmt":"2019-07-19T05:06:11","guid":{"rendered":"https:\/\/www.diarioimagen.net\/?p=435890"},"modified":"2019-07-19T07:37:10","modified_gmt":"2019-07-19T12:37:10","slug":"ceneval-premia-a-27-egresados-de-uaem","status":"publish","type":"post","link":"https:\/\/www.diarioimagen.net\/?p=435890","title":{"rendered":"Ceneval premia a 27 egresados de UAEM"},"content":{"rendered":"<ul>\n<li><strong><em>Desempe\u00f1o de Excelencia-EGEL<\/em><\/strong><\/li>\n<\/ul>\n<p>&nbsp;<\/p>\n<p>&nbsp;<\/p>\n<div id=\"attachment_435969\" style=\"width: 305px\" class=\"wp-caption alignleft\"><a href=\"https:\/\/www.diarioimagen.net\/?attachment_id=435969\" rel=\"attachment wp-att-435969\"><img loading=\"lazy\" decoding=\"async\" aria-describedby=\"caption-attachment-435969\" class=\" wp-image-435969\" src=\"https:\/\/www.diarioimagen.net\/wp-content\/uploads\/2019\/07\/UAEM-19-306x460.jpg\" alt=\"\" width=\"295\" height=\"443\" srcset=\"https:\/\/www.diarioimagen.net\/wp-content\/uploads\/2019\/07\/UAEM-19-306x460.jpg 306w, https:\/\/www.diarioimagen.net\/wp-content\/uploads\/2019\/07\/UAEM-19-160x240.jpg 160w, https:\/\/www.diarioimagen.net\/wp-content\/uploads\/2019\/07\/UAEM-19.jpg 466w\" sizes=\"auto, (max-width: 295px) 100vw, 295px\" \/><\/a><p id=\"caption-attachment-435969\" class=\"wp-caption-text\">Juan Carlos Matadamas resalt\u00f3 que los 27 universitarios\u00a0 forman parte del dos por ciento de sustentantes del Examen General para el Egreso de Licenciatura\u00a0 que a nivel nacional se hicieron acreedores a dicho premio.<\/p><\/div>\n<p><strong>Toluca, Estado de M\u00e9xico<\/strong>.- El Centro Nacional de Evaluaci\u00f3n para la Educaci\u00f3n Superior (CENEVAL) reconoci\u00f3 con el Premio al Desempe\u00f1o de Excelencia-EGEL a 27 egresados de la Universidad Aut\u00f3noma del Estado de M\u00e9xico.<\/p>\n<p>El director de Control Escolar de la m\u00e1xima casa de estudios mexiquense, Juan Carlos Matadamas G\u00f3mez, resalt\u00f3 que los 27 universitarios forman parte del dos por ciento de sustentantes del Examen General para el Egreso de Licenciatura (EGEL) que a nivel nacional se hicieron acreedores a dicho premio.<\/p>\n<p>Abund\u00f3 que esta distinci\u00f3n, que existe desde 2011, tiene la finalidad de reconocer y motivar a los egresados de diversos programas de licenciatura que alcanzan un desempe\u00f1o excepcional en dicha prueba.<\/p>\n<p>Los alumnos de la UAEM que recibieron este galard\u00f3n, precis\u00f3, presentaron su examen durante el periodo julio-diciembre de 2018 y ya fueron premiados en la Universidad Aut\u00f3noma de Sinaloa.<\/p>\n<p>La cantidad de sustentantes de la UAEM que fueron galardonados en esta ocasi\u00f3n, subray\u00f3, super\u00f3 de manera importante los resultados de a\u00f1os anteriores.<\/p>\n<p>Detall\u00f3 que recibieron el Premio CENEVAL al Desempe\u00f1o de Excelencia-EGEL egresados de las carreras de odontolog\u00eda, turismo, dise\u00f1o gr\u00e1fico, psicolog\u00eda, derecho, medicina veterinaria, ingenier\u00eda en computaci\u00f3n, qu\u00edmica farmac\u00e9utica, ingenier\u00eda mec\u00e1nica, nutrici\u00f3n, mercadotecnia, enfermer\u00eda, administraci\u00f3n e ingenier\u00eda civil, entre otras.<\/p>\n<p>Adem\u00e1s de obtener un resultado sobresaliente en el EGEL, explic\u00f3, los galardonados cumplieron con el requisito de presentar por primera vez la prueba y haber egresado de sus estudios hace m\u00e1ximo un a\u00f1o.<\/p>\n<p>Los ganadores, puntualiz\u00f3, recibieron un reconocimiento y una medalla; adem\u00e1s, el CENEVAL publica la relaci\u00f3n de los premiados a nivel nacional. \u00abEl EGEL permite a los sustentantes demostrar la calidad con la que fueron formados profesionalmente y, por supuesto, ganar este reconocimiento fortalece sus cartas de presentaci\u00f3n en el \u00e1mbito laboral\u00bb.<\/p>\n<p>En este contexto, destac\u00f3 que alrededor de 70 por ciento de los estudiantes de la Aut\u00f3noma mexiquense se titula mediante la presentaci\u00f3n del EGEL. \u00abPromovemos de manera importante esta modalidad de titulaci\u00f3n y desde hace a\u00f1os, gracias a un convenio que tenemos con CENEVAL, nuestros universitarios pagan \u00fanicamente 50 por ciento del costo del examen\u00bb.<\/p>\n<p>Finalmente, invit\u00f3 a los alumnos de la Universidad Aut\u00f3noma del Estado de M\u00e9xico a titularse mediante el EGEL, que \u00abpuede presentarse en dos periodos, enero-junio y julio-diciembre, as\u00ed que, a trav\u00e9s de la Direcci\u00f3n de Estudios Profesionales, publicamos dos convocatorias al a\u00f1o\u00bb.<strong>\u00a0<\/strong><\/p>\n","protected":false},"excerpt":{"rendered":"<p>El Centro Nacional de Evaluaci\u00f3n para la Educaci\u00f3n Superior (CENEVAL) reconoci\u00f3 con el Premio al Desempe\u00f1o de Excelencia-EGEL a 27 egresados de la Universidad Aut\u00f3noma del Estado de M\u00e9xico.<\/p>\n","protected":false},"author":3,"featured_media":435970,"comment_status":"open","ping_status":"open","sticky":false,"template":"","format":"standard","meta":{"_monsterinsights_skip_tracking":false,"_monsterinsights_sitenote_active":false,"_monsterinsights_sitenote_note":"","_monsterinsights_sitenote_category":0,"footnotes":""},"categories":[5],"tags":[75560,43675,452,1491],"class_list":["post-435890","post","type-post","status-publish","format-standard","has-post-thumbnail","hentry","category-estado-de-mexico","tag-ceneval","tag-estado-de-mexico","tag-toluca","tag-uaem"],"_links":{"self":[{"href":"https:\/\/www.diarioimagen.net\/index.php?rest_route=\/wp\/v2\/posts\/435890","targetHints":{"allow":["GET"]}}],"collection":[{"href":"https:\/\/www.diarioimagen.net\/index.php?rest_route=\/wp\/v2\/posts"}],"about":[{"href":"https:\/\/www.diarioimagen.net\/index.php?rest_route=\/wp\/v2\/types\/post"}],"author":[{"embeddable":true,"href":"https:\/\/www.diarioimagen.net\/index.php?rest_route=\/wp\/v2\/users\/3"}],"replies":[{"embeddable":true,"href":"https:\/\/www.diarioimagen.net\/index.php?rest_route=%2Fwp%2Fv2%2Fcomments&post=435890"}],"version-history":[{"count":0,"href":"https:\/\/www.diarioimagen.net\/index.php?rest_route=\/wp\/v2\/posts\/435890\/revisions"}],"wp:featuredmedia":[{"embeddable":true,"href":"https:\/\/www.diarioimagen.net\/index.php?rest_route=\/wp\/v2\/media\/435970"}],"wp:attachment":[{"href":"https:\/\/www.diarioimagen.net\/index.php?rest_route=%2Fwp%2Fv2%2Fmedia&parent=435890"}],"wp:term":[{"taxonomy":"category","embeddable":true,"href":"https:\/\/www.diarioimagen.net\/index.php?rest_route=%2Fwp%2Fv2%2Fcategories&post=435890"},{"taxonomy":"post_tag","embeddable":true,"href":"https:\/\/www.diarioimagen.net\/index.php?rest_route=%2Fwp%2Fv2%2Ftags&post=435890"}],"curies":[{"name":"wp","href":"https:\/\/api.w.org\/{rel}","templated":true}]}}