{"id":436032,"date":"2019-07-22T00:09:03","date_gmt":"2019-07-22T05:09:03","guid":{"rendered":"https:\/\/www.diarioimagen.net\/?p=436032"},"modified":"2019-07-22T07:22:59","modified_gmt":"2019-07-22T12:22:59","slug":"banderazo-de-salida-a-la-unidad-rosa-que-recorrera-colonias-de-huixquilucan","status":"publish","type":"post","link":"https:\/\/www.diarioimagen.net\/?p=436032","title":{"rendered":"Banderazo de salida a la Unidad Rosa, que recorrer\u00e1 colonias de Huixquilucan"},"content":{"rendered":"<ul>\n<li><strong><em>Brindar\u00e1 atenci\u00f3n m\u00e9dica a mujeres<\/em><\/strong><\/li>\n<\/ul>\n<p>&nbsp;<\/p>\n<div id=\"attachment_436119\" style=\"width: 470px\" class=\"wp-caption aligncenter\"><a href=\"https:\/\/www.diarioimagen.net\/?attachment_id=436119\" rel=\"attachment wp-att-436119\"><img loading=\"lazy\" decoding=\"async\" aria-describedby=\"caption-attachment-436119\" class=\"size-large wp-image-436119\" src=\"https:\/\/www.diarioimagen.net\/wp-content\/uploads\/2019\/07\/HUIXQUILUCAN-460x259.jpg\" alt=\"\" width=\"460\" height=\"259\" srcset=\"https:\/\/www.diarioimagen.net\/wp-content\/uploads\/2019\/07\/HUIXQUILUCAN-460x259.jpg 460w, https:\/\/www.diarioimagen.net\/wp-content\/uploads\/2019\/07\/HUIXQUILUCAN-240x135.jpg 240w, https:\/\/www.diarioimagen.net\/wp-content\/uploads\/2019\/07\/HUIXQUILUCAN-235x132.jpg 235w, https:\/\/www.diarioimagen.net\/wp-content\/uploads\/2019\/07\/HUIXQUILUCAN-202x114.jpg 202w, https:\/\/www.diarioimagen.net\/wp-content\/uploads\/2019\/07\/HUIXQUILUCAN-350x196.jpg 350w, https:\/\/www.diarioimagen.net\/wp-content\/uploads\/2019\/07\/HUIXQUILUCAN-220x123.jpg 220w, https:\/\/www.diarioimagen.net\/wp-content\/uploads\/2019\/07\/HUIXQUILUCAN-237x132.jpg 237w, https:\/\/www.diarioimagen.net\/wp-content\/uploads\/2019\/07\/HUIXQUILUCAN.jpg 480w\" sizes=\"auto, (max-width: 460px) 100vw, 460px\" \/><\/a><p id=\"caption-attachment-436119\" class=\"wp-caption-text\">Romina Contreras Carrasco, presidenta del DIF, dio el banderazo de salida a la Unidad Rosa, la cual recorrer\u00e1 esta ciudad para brindar atenci\u00f3n m\u00e9dica a mujeres.<\/p><\/div>\n<p>&nbsp;<\/p>\n<p><strong>Huixquilucan, Estado de M\u00e9xico<\/strong>.- La presidenta del Sistema Municipal para el Desarrollo Integral de la Familia, Romina Contreras Carrasco, dio el banderazo de salida a la Unidad Rosa, la cual recorrer\u00e1 esta ciudad para brindar atenci\u00f3n m\u00e9dica a mujeres.<\/p>\n<p>El DIF Huixquilucan ofrecer\u00e1 consultas m\u00e9dicas, toma de muestras, estudios prenatales, control prenatal, mastograf\u00edas y planificaci\u00f3n familiar.<\/p>\n<p>Con la presencia de integrantes del cabildo, personal m\u00e9dico y titulares de las diferentes \u00e1reas del sistema municipal DIF, Contreras Carrasco destac\u00f3 que esta unidad busca seguir transformando vidas, tal y como se lo ha propuesto el DIF desde el primer d\u00eda de gesti\u00f3n. En el complejo Rosa M\u00edstica, la titular del Sistema Municipal DIF, atestigu\u00f3 el inicio de esta serie de acciones encaminadas a prevenir y combatir enfermedades en las huixquiluquenses.<\/p>\n<p>Este servicio se suma a los que ofrece el Centro de Rehabilitaci\u00f3n e Integraci\u00f3n Social (CRIS), el cual cuenta con especialistas en rehabilitaci\u00f3n para diagnosticar a los pacientes y comenzar las terapias que requieran, as\u00ed como el Centro de Rehabilitaci\u00f3n Integral contra las Adicciones (CRIA), adem\u00e1s de los albergues Sagrado Coraz\u00f3n y Renacer; pasando por los servicios del hospital San P\u00edo y la cl\u00ednica Mater Dei, los cuales ofrecen consultas m\u00e9dicas con especialistas y quir\u00f3fano con \u00e1rea de recuperaci\u00f3n.<\/p>\n","protected":false},"excerpt":{"rendered":"<p>La presidenta del Sistema Municipal para el Desarrollo Integral de la Familia, Romina Contreras Carrasco, dio el banderazo de salida a la Unidad Rosa, la cual recorrer\u00e1 esta ciudad para brindar atenci\u00f3n m\u00e9dica a mujeres.<\/p>\n","protected":false},"author":3,"featured_media":436119,"comment_status":"open","ping_status":"open","sticky":false,"template":"","format":"standard","meta":{"_monsterinsights_skip_tracking":false,"_monsterinsights_sitenote_active":false,"_monsterinsights_sitenote_note":"","_monsterinsights_sitenote_category":0,"footnotes":""},"categories":[5],"tags":[2954,43675,1097,57674],"class_list":["post-436032","post","type-post","status-publish","format-standard","has-post-thumbnail","hentry","category-estado-de-mexico","tag-dif","tag-estado-de-mexico","tag-huixquilucan","tag-romina-contreras-carrasco"],"_links":{"self":[{"href":"https:\/\/www.diarioimagen.net\/index.php?rest_route=\/wp\/v2\/posts\/436032","targetHints":{"allow":["GET"]}}],"collection":[{"href":"https:\/\/www.diarioimagen.net\/index.php?rest_route=\/wp\/v2\/posts"}],"about":[{"href":"https:\/\/www.diarioimagen.net\/index.php?rest_route=\/wp\/v2\/types\/post"}],"author":[{"embeddable":true,"href":"https:\/\/www.diarioimagen.net\/index.php?rest_route=\/wp\/v2\/users\/3"}],"replies":[{"embeddable":true,"href":"https:\/\/www.diarioimagen.net\/index.php?rest_route=%2Fwp%2Fv2%2Fcomments&post=436032"}],"version-history":[{"count":0,"href":"https:\/\/www.diarioimagen.net\/index.php?rest_route=\/wp\/v2\/posts\/436032\/revisions"}],"wp:featuredmedia":[{"embeddable":true,"href":"https:\/\/www.diarioimagen.net\/index.php?rest_route=\/wp\/v2\/media\/436119"}],"wp:attachment":[{"href":"https:\/\/www.diarioimagen.net\/index.php?rest_route=%2Fwp%2Fv2%2Fmedia&parent=436032"}],"wp:term":[{"taxonomy":"category","embeddable":true,"href":"https:\/\/www.diarioimagen.net\/index.php?rest_route=%2Fwp%2Fv2%2Fcategories&post=436032"},{"taxonomy":"post_tag","embeddable":true,"href":"https:\/\/www.diarioimagen.net\/index.php?rest_route=%2Fwp%2Fv2%2Ftags&post=436032"}],"curies":[{"name":"wp","href":"https:\/\/api.w.org\/{rel}","templated":true}]}}