{"id":436037,"date":"2019-07-22T00:08:17","date_gmt":"2019-07-22T05:08:17","guid":{"rendered":"https:\/\/www.diarioimagen.net\/?p=436037"},"modified":"2019-07-22T07:24:08","modified_gmt":"2019-07-22T12:24:08","slug":"comenzo-la-reforestacion-del-parque-naucalli-con-mil-200-ejemplares-de-fresno","status":"publish","type":"post","link":"https:\/\/www.diarioimagen.net\/?p=436037","title":{"rendered":"Comenz\u00f3 la reforestaci\u00f3n del Parque Naucalli, con mil 200 ejemplares de fresno"},"content":{"rendered":"<ul>\n<li><strong><em>Repuesto, al doble el arbolado que se encontraba en mal estado<\/em><\/strong><\/li>\n<\/ul>\n<p>&nbsp;<\/p>\n<div id=\"attachment_436122\" style=\"width: 470px\" class=\"wp-caption aligncenter\"><a href=\"https:\/\/www.diarioimagen.net\/?attachment_id=436122\" rel=\"attachment wp-att-436122\"><img loading=\"lazy\" decoding=\"async\" aria-describedby=\"caption-attachment-436122\" class=\"size-large wp-image-436122\" src=\"https:\/\/www.diarioimagen.net\/wp-content\/uploads\/2019\/07\/NAUCALPAN-460x259.jpg\" alt=\"\" width=\"460\" height=\"259\" srcset=\"https:\/\/www.diarioimagen.net\/wp-content\/uploads\/2019\/07\/NAUCALPAN-460x259.jpg 460w, https:\/\/www.diarioimagen.net\/wp-content\/uploads\/2019\/07\/NAUCALPAN-240x135.jpg 240w, https:\/\/www.diarioimagen.net\/wp-content\/uploads\/2019\/07\/NAUCALPAN-235x132.jpg 235w, https:\/\/www.diarioimagen.net\/wp-content\/uploads\/2019\/07\/NAUCALPAN-202x114.jpg 202w, https:\/\/www.diarioimagen.net\/wp-content\/uploads\/2019\/07\/NAUCALPAN-350x196.jpg 350w, https:\/\/www.diarioimagen.net\/wp-content\/uploads\/2019\/07\/NAUCALPAN-220x123.jpg 220w, https:\/\/www.diarioimagen.net\/wp-content\/uploads\/2019\/07\/NAUCALPAN-237x132.jpg 237w, https:\/\/www.diarioimagen.net\/wp-content\/uploads\/2019\/07\/NAUCALPAN.jpg 480w\" sizes=\"auto, (max-width: 460px) 100vw, 460px\" \/><\/a><p id=\"caption-attachment-436122\" class=\"wp-caption-text\">La Secretar\u00eda de Medio Ambiente de Naucalpan realiz\u00f3 la reforestaci\u00f3n del Parque Naucalli, con mil 200 ejemplares de fresno.<\/p><\/div>\n<p>&nbsp;<\/p>\n<p><strong>Naucalpan, Estado de M\u00e9xico<\/strong>.- El ayuntamiento, a trav\u00e9s de la Secretar\u00eda de Medio Ambiente, realiz\u00f3 la reforestaci\u00f3n del Parque Naucalli, con mil 200 ejemplares de fresno.<\/p>\n<p>Con ello, ser\u00e1n repuestos los cerca de 600 \u00e1rboles que fueran retirados durante meses anteriores, por encontrarse en malas condiciones o muertos, de acuerdo el dictamen fitosanitario realizado por ProBosque, a inicios de esta administraci\u00f3n. La titular de Medio Ambiente municipal, Laura Barranco P\u00e9rez, se\u00f1al\u00f3 que siguiendo el compromiso de la alcaldesa, Patricia Dur\u00e1n Reveles, fue repuesto al doble el arbolado que se encontraba en mal estado, a fin de evitar riesgos a los visitantes.<\/p>\n<p>Dijo que la especie plantada en el Parque Naucalli brindar\u00e1 beneficios al ecosistema, al ser una especie end\u00e9mica del pa\u00eds y gran captadora de agua.<\/p>\n<p>Asimismo, afirm\u00f3 que la jornada realizada ayer domingo, en colaboraci\u00f3n con elementos de la Secretar\u00eda de la Defensa Nacional, Cruz Roja y voluntarios, es parte los trabajos de saneamiento y mejora del suelo que se han realizado desde inicios de junio.<\/p>\n<p>\u201cEste es uno de los pulmones emblem\u00e1ticos del municipio y por ello es que necesitamos realizar esas acciones para conservarlo en condiciones adecuadas, en beneficio de los naucalpenses\u201d.<\/p>\n<p>De igual manera, la funcionaria recalc\u00f3 que la campa\u00f1a de reforestaci\u00f3n se realizar\u00e1 de forma permanente durante esta administraci\u00f3n y que se tiene programada una jornada en San Francisco Chimalpa para el mes de agosto.<\/p>\n","protected":false},"excerpt":{"rendered":"<p>El ayuntamiento, a trav\u00e9s de la Secretar\u00eda de Medio Ambiente, realiz\u00f3 la reforestaci\u00f3n del Parque Naucalli, con mil 200 ejemplares de fresno.<\/p>\n","protected":false},"author":3,"featured_media":436122,"comment_status":"open","ping_status":"open","sticky":false,"template":"","format":"standard","meta":{"_monsterinsights_skip_tracking":false,"_monsterinsights_sitenote_active":false,"_monsterinsights_sitenote_note":"","_monsterinsights_sitenote_category":0,"footnotes":""},"categories":[5],"tags":[43675,86814,970,4002],"class_list":["post-436037","post","type-post","status-publish","format-standard","has-post-thumbnail","hentry","category-estado-de-mexico","tag-estado-de-mexico","tag-fresno","tag-naucalpan","tag-secretaria-de-medio-ambiente"],"_links":{"self":[{"href":"https:\/\/www.diarioimagen.net\/index.php?rest_route=\/wp\/v2\/posts\/436037","targetHints":{"allow":["GET"]}}],"collection":[{"href":"https:\/\/www.diarioimagen.net\/index.php?rest_route=\/wp\/v2\/posts"}],"about":[{"href":"https:\/\/www.diarioimagen.net\/index.php?rest_route=\/wp\/v2\/types\/post"}],"author":[{"embeddable":true,"href":"https:\/\/www.diarioimagen.net\/index.php?rest_route=\/wp\/v2\/users\/3"}],"replies":[{"embeddable":true,"href":"https:\/\/www.diarioimagen.net\/index.php?rest_route=%2Fwp%2Fv2%2Fcomments&post=436037"}],"version-history":[{"count":0,"href":"https:\/\/www.diarioimagen.net\/index.php?rest_route=\/wp\/v2\/posts\/436037\/revisions"}],"wp:featuredmedia":[{"embeddable":true,"href":"https:\/\/www.diarioimagen.net\/index.php?rest_route=\/wp\/v2\/media\/436122"}],"wp:attachment":[{"href":"https:\/\/www.diarioimagen.net\/index.php?rest_route=%2Fwp%2Fv2%2Fmedia&parent=436037"}],"wp:term":[{"taxonomy":"category","embeddable":true,"href":"https:\/\/www.diarioimagen.net\/index.php?rest_route=%2Fwp%2Fv2%2Fcategories&post=436037"},{"taxonomy":"post_tag","embeddable":true,"href":"https:\/\/www.diarioimagen.net\/index.php?rest_route=%2Fwp%2Fv2%2Ftags&post=436037"}],"curies":[{"name":"wp","href":"https:\/\/api.w.org\/{rel}","templated":true}]}}