{"id":436039,"date":"2019-07-22T00:07:23","date_gmt":"2019-07-22T05:07:23","guid":{"rendered":"https:\/\/www.diarioimagen.net\/?p=436039"},"modified":"2019-07-22T07:25:33","modified_gmt":"2019-07-22T12:25:33","slug":"inauguran-el-centro-integrador-de-bienestar-en-tlalnepantla","status":"publish","type":"post","link":"https:\/\/www.diarioimagen.net\/?p=436039","title":{"rendered":"Inauguran el Centro Integrador de Bienestar en Tlalnepantla"},"content":{"rendered":"<p><a href=\"https:\/\/www.diarioimagen.net\/?attachment_id=436125\" rel=\"attachment wp-att-436125\"><img loading=\"lazy\" decoding=\"async\" class=\"aligncenter size-large wp-image-436125\" src=\"https:\/\/www.diarioimagen.net\/wp-content\/uploads\/2019\/07\/TLANEPANTLA-460x307.jpg\" alt=\"\" width=\"460\" height=\"307\" srcset=\"https:\/\/www.diarioimagen.net\/wp-content\/uploads\/2019\/07\/TLANEPANTLA-460x307.jpg 460w, https:\/\/www.diarioimagen.net\/wp-content\/uploads\/2019\/07\/TLANEPANTLA-240x160.jpg 240w, https:\/\/www.diarioimagen.net\/wp-content\/uploads\/2019\/07\/TLANEPANTLA.jpg 700w\" sizes=\"auto, (max-width: 460px) 100vw, 460px\" \/><\/a><\/p>\n<p>&nbsp;<\/p>\n<p><strong>Tlalnepantla, Estado de M\u00e9xico.- <\/strong>En esta ciudad se inaugur\u00f3 el Centro Integrador de Bienestar, ubicado en calle Moctezuma s\/n, colonia San Javier, donde la ciudadan\u00eda podr\u00e1 solicitar informaci\u00f3n e integrarse a los programas sociales del gobierno, como \u2018Pensi\u00f3n para adultos mayores\u2019 y \u2018Pensi\u00f3n para personas con discapacidad\u2019, entre otros.<\/p>\n<p>El alcalde, Raciel P\u00e9rez Cruz, indic\u00f3 que con este primer centro se crear\u00e1n mejores oportunidades para los sectores vulnerables del municipio, ya que tambi\u00e9n se gestionar\u00e1n los programas \u2018J\u00f3venes Construyendo el Futuro\u2019, \u2018Beca Benito Ju\u00e1rez\u2019, \u2018Apoyo para el Bienestar de Ni\u00f1as y Ni\u00f1os, Hijos de Madres Solteras\u2019 y \u2018Censos de Bienestar\u2019.<\/p>\n","protected":false},"excerpt":{"rendered":"<p>En esta ciudad se inaugur\u00f3 el Centro Integrador de Bienestar, ubicado en calle Moctezuma s\/n, colonia San Javier, donde la ciudadan\u00eda podr\u00e1 solicitar informaci\u00f3n e integrarse a los programas sociales del gobierno, como \u2018Pensi\u00f3n para adultos mayores\u2019 y \u2018Pensi\u00f3n para personas con discapacidad\u2019, entre otros.<\/p>\n","protected":false},"author":3,"featured_media":436125,"comment_status":"open","ping_status":"open","sticky":false,"template":"","format":"standard","meta":{"_monsterinsights_skip_tracking":false,"_monsterinsights_sitenote_active":false,"_monsterinsights_sitenote_note":"","_monsterinsights_sitenote_category":0,"footnotes":""},"categories":[5],"tags":[86815,43675,169],"class_list":["post-436039","post","type-post","status-publish","format-standard","has-post-thumbnail","hentry","category-estado-de-mexico","tag-centro-integrador-de-bienestar","tag-estado-de-mexico","tag-tlalnepantla"],"_links":{"self":[{"href":"https:\/\/www.diarioimagen.net\/index.php?rest_route=\/wp\/v2\/posts\/436039","targetHints":{"allow":["GET"]}}],"collection":[{"href":"https:\/\/www.diarioimagen.net\/index.php?rest_route=\/wp\/v2\/posts"}],"about":[{"href":"https:\/\/www.diarioimagen.net\/index.php?rest_route=\/wp\/v2\/types\/post"}],"author":[{"embeddable":true,"href":"https:\/\/www.diarioimagen.net\/index.php?rest_route=\/wp\/v2\/users\/3"}],"replies":[{"embeddable":true,"href":"https:\/\/www.diarioimagen.net\/index.php?rest_route=%2Fwp%2Fv2%2Fcomments&post=436039"}],"version-history":[{"count":0,"href":"https:\/\/www.diarioimagen.net\/index.php?rest_route=\/wp\/v2\/posts\/436039\/revisions"}],"wp:featuredmedia":[{"embeddable":true,"href":"https:\/\/www.diarioimagen.net\/index.php?rest_route=\/wp\/v2\/media\/436125"}],"wp:attachment":[{"href":"https:\/\/www.diarioimagen.net\/index.php?rest_route=%2Fwp%2Fv2%2Fmedia&parent=436039"}],"wp:term":[{"taxonomy":"category","embeddable":true,"href":"https:\/\/www.diarioimagen.net\/index.php?rest_route=%2Fwp%2Fv2%2Fcategories&post=436039"},{"taxonomy":"post_tag","embeddable":true,"href":"https:\/\/www.diarioimagen.net\/index.php?rest_route=%2Fwp%2Fv2%2Ftags&post=436039"}],"curies":[{"name":"wp","href":"https:\/\/api.w.org\/{rel}","templated":true}]}}