{"id":436043,"date":"2019-07-22T00:01:40","date_gmt":"2019-07-22T05:01:40","guid":{"rendered":"https:\/\/www.diarioimagen.net\/?p=436043"},"modified":"2019-07-22T07:29:40","modified_gmt":"2019-07-22T12:29:40","slug":"quito-se-consagra-como-destino-lider-en-sudamerica-al-recibir-el-world-travel-awards-como-sitio-de-excelencia-en-esa-region","status":"publish","type":"post","link":"https:\/\/www.diarioimagen.net\/?p=436043","title":{"rendered":"Quito se consagra como destino l\u00edder en Sudam\u00e9rica, al recibir\u00a0el World Travel Awards como sitio de excelencia en esa regi\u00f3n"},"content":{"rendered":"<h2>De cinco estrellas<\/h2>\n<h5>Victoria Gonz\u00e1lez Prado<\/h5>\n<p><strong>\u00a0<\/strong><\/p>\n<ul>\n<li><em><strong>Abre oficina de ventas en San Salvador, Interjet, que ofrece 14 vuelos <\/strong><strong>a la semana entre la Ciudad de M\u00e9xico y San Salvador<\/strong><\/em><\/li>\n<\/ul>\n<p>&nbsp;<\/p>\n<div id=\"attachment_436131\" style=\"width: 470px\" class=\"wp-caption aligncenter\"><a href=\"https:\/\/www.diarioimagen.net\/?attachment_id=436131\" rel=\"attachment wp-att-436131\"><img loading=\"lazy\" decoding=\"async\" aria-describedby=\"caption-attachment-436131\" class=\"size-large wp-image-436131\" src=\"https:\/\/www.diarioimagen.net\/wp-content\/uploads\/2019\/07\/1-460x259.jpg\" alt=\"\" width=\"460\" height=\"259\" srcset=\"https:\/\/www.diarioimagen.net\/wp-content\/uploads\/2019\/07\/1-460x259.jpg 460w, https:\/\/www.diarioimagen.net\/wp-content\/uploads\/2019\/07\/1-240x135.jpg 240w, https:\/\/www.diarioimagen.net\/wp-content\/uploads\/2019\/07\/1-235x132.jpg 235w, https:\/\/www.diarioimagen.net\/wp-content\/uploads\/2019\/07\/1-202x114.jpg 202w, https:\/\/www.diarioimagen.net\/wp-content\/uploads\/2019\/07\/1-350x196.jpg 350w, https:\/\/www.diarioimagen.net\/wp-content\/uploads\/2019\/07\/1-220x123.jpg 220w, https:\/\/www.diarioimagen.net\/wp-content\/uploads\/2019\/07\/1-237x132.jpg 237w, https:\/\/www.diarioimagen.net\/wp-content\/uploads\/2019\/07\/1.jpg 480w\" sizes=\"auto, (max-width: 460px) 100vw, 460px\" \/><\/a><p id=\"caption-attachment-436131\" class=\"wp-caption-text\">Julio Gamero, con el equipo de la nueva oficina en San Salvador.<\/p><\/div>\n<p>&nbsp;<\/p>\n<p>En diciembre del a\u00f1o pasado, Interjet abri\u00f3 vuelo\u00a0 diario y sin escalas desde y hacia la Ciudad de M\u00e9xico. Y el pasado s\u00e1bado, fue inaugurada la oficina de ventas en la ciudad de San Salvador, en la Plaza Comercial La Capilla.<\/p>\n<p>Con este espacio se suma nueva alternativa para que los pasajeros puedan adquirir sus boletos, comprar paquetes de <em>Interjet Vacations,<\/em> servicios adicionales, etc\u00e9tera, con atenci\u00f3n personalizada<\/p>\n<p><strong>Julio Gamero<\/strong>, director ejecutivo comercial de la compa\u00f1\u00eda a\u00e9rea dijo: \u201cla apertura de esta oficina representa una puerta abierta para que nuestros presentes y futuros usuarios disfruten de los grandes beneficios en servicio y calidad que ofrecemos entre ambos pa\u00edses, as\u00ed como en\u00a0 el resto de los destinos internacionales en los que operamos\u201d.<\/p>\n<p>Desde la inauguraci\u00f3n de la ruta M\u00e9xico-San Salvador, la l\u00ednea a\u00e9rea ha brindado servicio a m\u00e1s de 32 mil 840 pasajeros de placer y negocios. Hoy en d\u00eda opera 14 vuelos a la semana con oferta total de 2 mil 100 asientos.<\/p>\n<p>Para consultar ofertas y tarifas: <u>www.interjet.com<\/u><\/p>\n<p>\u2730\u2730\u2730\u2730\u2730La ciudad de Quito gan\u00f3, por s\u00e9ptimo a\u00f1o consecutivo, los llamados \u201cOscar del Turismo\u201d, otorgados por <em>World Travel Awards<\/em>, certamen con 26 a\u00f1os de trayectoria que reconoce y celebra la excelencia en todos los sectores de la industria tur\u00edstica y de los viajes alrededor del mundo.<\/p>\n<p>En la ceremonia, en La Paz, Bolivia, la capital del Ecuador fue nombrada: <em>\u201cSouth America\u2019s City Leading Destination<\/em>\u201d, uno de los reconocimientos m\u00e1s importantes y prestigiosos de la industria del turismo a nivel mundial.<\/p>\n<p>Quito, ciudad multifac\u00e9tica, con riqueza natural, arquitect\u00f3nica, cultural, patrimonial y gastron\u00f3mica, posee el Centro Hist\u00f3rico mejor conservado de Sudam\u00e9rica y Patrimonio Cultural de la Humanidad desde 1978 por la Unesco. Es destino natural que cuenta con sistema de Parques Metropolitanos, Nacionales y la reci\u00e9n declarada Reserva de la Biosfera Choc\u00f3 Andino de Pichincha, le han permitido mantenerse como ciudad biodiversa por conservar la flora y fauna nativa y end\u00e9mica.<\/p>\n<p>Adem\u00e1s, Quito ha desarrollado ecosistema digital mediante la p\u00e1gina <em>web: <\/em>www.quito.com.ec, la <em>App <\/em>GOUIO, y diversas redes sociales, que permiten a sus visitantes recorrer, descubrir y maravillarse del destino.<\/p>\n<p>El nombramiento como \u201cDestino L\u00edder de Sudam\u00e9rica\u201d de los <em>World Travel Awards,<\/em> permite a Quito seguir trabajando en materia tur\u00edstica para lograr experiencias extraordinarias de viaje.<\/p>\n<p>\u2730\u2730\u2730\u2730\u2730La aerol\u00ednea de la hoja de maple, <em>Air Canada,<\/em> dio a conocer su <em>YYCaesar Bar,<\/em> presentado durante la Estampida de Calgary, evento que tuvo lugar del 5 de junio al 14 de julio, ofreciendo la oportunidad de probar diversas presentaciones del coctel nacional de Canad\u00e1, ganar dos boletos a cualquier destino de la aerol\u00ednea. Despegar en vuelo de la compa\u00f1\u00eda a\u00e9rea en experiencia de realidad virtual y con ello se apoy\u00f3 el trabajo de la <em>Calgary Firefighters Charitable Foundation<\/em>.<\/p>\n<p>La Estampida de Calgary es considerada el rodeo m\u00e1s importante a nivel mundial y durante el 2018 reuni\u00f3 a m\u00e1s de 1.2 millones de personas, realiza competencias, rodeos, desfiles de caballos y jinetes, conciertos, exposiciones art\u00edsticas y ganaderas que tienen como fin preservar la cultura del viejo oeste en la ciudad.<\/p>\n<p>Adem\u00e1s de los espect\u00e1culos ofrecidos, hubo variedad de platillos especiales, como hamburguesas de alce, chicharr\u00f3n, brochetas a la BBQ y palomitas de pollo, pizzas de pepinillos, banderillas cubiertas de frituras, paletas de hielo con pepinillos y el coctel C\u00e9sar, la bebida t\u00edpica de la regi\u00f3n, con el que la aerol\u00ednea apoy\u00f3 a los bomberos de Calgary.<\/p>\n<p>Gracias a la asociaci\u00f3n entre la fundaci\u00f3n y la aerol\u00ednea, se recaudaron fondos para apoyar las iniciativas del programa SAFE <em>(Support After Fires and Emergencies)<\/em>, que tiene como finalidad orientar y ayudar a la ciudadan\u00eda con recursos, asesor\u00edas y educaci\u00f3n en caso de emergencias de diversas \u00edndoles.<\/p>\n<p>\u2730\u2730\u2730\u2730\u2730<em>UrbaniteMX,<\/em> muestra de danza urbana m\u00e1s importante del continente americano por primera vez llega a M\u00e9xico y se presentar\u00e1 el pr\u00f3ximo 17 de agosto en el Foro SALA en la colonia Roma, donde participar\u00e1n los principales exponentes de la danza urbana de M\u00e9xico y Estados Unidos, m\u00e1s de 40 artistas mostrar\u00e1n su talento.<\/p>\n<p>Hoteles City Express ser\u00e1 principal patrocinador, adem\u00e1s recibir\u00e1 a los participantes en sus hoteles para que descansen antes de su presentaci\u00f3n. Gracias a esta alianza, los artistas mostrar\u00e1n su talento y contribuci\u00f3n a la danza urbana.<\/p>\n<p><strong>M\u00f3nica Narro<\/strong>, directora de Relaciones P\u00fablicas de la cadena hotelera indic\u00f3: <em>\u201c<\/em>nos entusiasma impulsar, por medio de nuestras marcas: <em>City Centro <\/em>y <em>City Express Plus<\/em>, el talento y las expresiones art\u00edsticas porque reconocemos la gran aportaci\u00f3n que realizan al desarrollo de la cultura en la sociedad\u201d.<\/p>\n<p><em>UrbaniteMX<\/em> se presenta desde hace 22 a\u00f1os consecutivos en Chicago, Estados Unidos,\u00a0 y ha tenido presentaciones tambi\u00e9n en Sidney, Beijing y Portugal. No es competencia, sino muestra coreograf\u00eda que explora la variedad\u00a0de aplicaciones que la danza tiene a partir del g\u00e9nero urbano.<\/p>\n<p>La cadena hotelera invita a los interesados en la danza urbana a mostrar su talento al replicar la coreograf\u00eda <em>UrbaniteCityExpress<\/em>, dise\u00f1ada por Urbanite para este\u00a0<em>challenge<\/em>. La mejor propuesta tendr\u00e1 oportunidad de asistir como invitado especial a <em>UrbaniteMx <\/em>el 17 de agosto. Las bases son muy sencillas:<\/p>\n<p>Grabar video replicando la coreograf\u00eda teniendo de fondo un hotel operado por\u00a0 la cadena de hoteles, hay m\u00e1s de 140 en la Rep\u00fablica Mexicana. Compartirlo en <em>Instagram <\/em>y etiquetar a @HotelesCityExpress. La coreogr\u00e1fica se puede consultar <em>www.cityexpress.com\/alianzas\/urbanitecityexpress<\/em>; los interesados tienen hasta el 30 de julio para participar. Los creadores de la coreograf\u00eda y representante de Hoteles<em> City Express<\/em> determinar\u00e1n al ganador.<\/p>\n<p><span class=\"Apple-converted-space\"><em><a href=\"mailto:victoriagprado@gmail.com\" target=\"_blank\" rel=\"noopener noreferrer\">victoriagprado@gmail.com<\/a><\/em><br \/>\n<em>Twitter: <a href=\"https:\/\/twitter.com\/victoriagprado\" target=\"_blank\" rel=\"noopener noreferrer\">@victoriagprado<\/a><\/em><\/span><\/p>\n","protected":false},"excerpt":{"rendered":"<p>En diciembre del a\u00f1o pasado, Interjet abri\u00f3 vuelo\u00a0 diario y sin escalas desde y hacia la Ciudad de M\u00e9xico. Y el pasado s\u00e1bado, fue inaugurada la oficina de ventas en la ciudad de San Salvador, en la Plaza Comercial La Capilla.\u00a0<\/p>\n","protected":false},"author":3,"featured_media":436131,"comment_status":"open","ping_status":"open","sticky":false,"template":"","format":"standard","meta":{"_monsterinsights_skip_tracking":false,"_monsterinsights_sitenote_active":false,"_monsterinsights_sitenote_note":"","_monsterinsights_sitenote_category":0,"footnotes":""},"categories":[11],"tags":[107,43674,43681,106],"class_list":["post-436043","post","type-post","status-publish","format-standard","has-post-thumbnail","hentry","category-turismo","tag-de-cinco-estrellas","tag-opinion","tag-turismo","tag-victoria-gonzalez-prado"],"_links":{"self":[{"href":"https:\/\/www.diarioimagen.net\/index.php?rest_route=\/wp\/v2\/posts\/436043","targetHints":{"allow":["GET"]}}],"collection":[{"href":"https:\/\/www.diarioimagen.net\/index.php?rest_route=\/wp\/v2\/posts"}],"about":[{"href":"https:\/\/www.diarioimagen.net\/index.php?rest_route=\/wp\/v2\/types\/post"}],"author":[{"embeddable":true,"href":"https:\/\/www.diarioimagen.net\/index.php?rest_route=\/wp\/v2\/users\/3"}],"replies":[{"embeddable":true,"href":"https:\/\/www.diarioimagen.net\/index.php?rest_route=%2Fwp%2Fv2%2Fcomments&post=436043"}],"version-history":[{"count":0,"href":"https:\/\/www.diarioimagen.net\/index.php?rest_route=\/wp\/v2\/posts\/436043\/revisions"}],"wp:featuredmedia":[{"embeddable":true,"href":"https:\/\/www.diarioimagen.net\/index.php?rest_route=\/wp\/v2\/media\/436131"}],"wp:attachment":[{"href":"https:\/\/www.diarioimagen.net\/index.php?rest_route=%2Fwp%2Fv2%2Fmedia&parent=436043"}],"wp:term":[{"taxonomy":"category","embeddable":true,"href":"https:\/\/www.diarioimagen.net\/index.php?rest_route=%2Fwp%2Fv2%2Fcategories&post=436043"},{"taxonomy":"post_tag","embeddable":true,"href":"https:\/\/www.diarioimagen.net\/index.php?rest_route=%2Fwp%2Fv2%2Ftags&post=436043"}],"curies":[{"name":"wp","href":"https:\/\/api.w.org\/{rel}","templated":true}]}}