{"id":436066,"date":"2019-07-22T00:01:20","date_gmt":"2019-07-22T05:01:20","guid":{"rendered":"https:\/\/www.diarioimagen.net\/?p=436066"},"modified":"2019-07-22T05:09:39","modified_gmt":"2019-07-22T10:09:39","slug":"cancun-principal-destino-preferido-en-estas-vacaciones","status":"publish","type":"post","link":"https:\/\/www.diarioimagen.net\/?p=436066","title":{"rendered":"Canc\u00fan, principal destino preferido en estas vacaciones"},"content":{"rendered":"<h2>\u201cHora 14\u201d<\/h2>\n<h5>Mauricio Conde Olivares<\/h5>\n<p>&nbsp;<\/p>\n<p>&nbsp;<\/p>\n<p>&nbsp;<\/p>\n<p>Best Day Travel Group, empresa l\u00edder en el sector de viajes y turismo en M\u00e9xico y una de las m\u00e1s importantes en Am\u00e9rica Latina, comparti\u00f3 interesantes datos sobre las preferencias de los viajeros de Best Day durante las vacaciones de verano, gracias al reporte infogr\u00e1fico emitido por el \u00e1rea de Business Intelligence.<\/p>\n<p>La Direcci\u00f3n de Business Intelligence de Best Day Travel Group realiza estudios estrat\u00e9gicos relativos a los viajes del mercado tur\u00edstico mexicano en su pa\u00eds y en otros destinos, mediante el an\u00e1lisis y manejo de datos estad\u00edsticos pertinentes, con el objetivo de aportar informaci\u00f3n relevante para todas nuestras audiencias y coadyuvar en la toma de decisiones de los directivos del sector.<\/p>\n<p>Con base en la informaci\u00f3n recabada en este a\u00f1o, se reporta lo siguiente al respecto de las vacaciones de verano.<\/p>\n<p>&nbsp;<\/p>\n<p>Del 100% de las reservaciones realizadas con Best Day en 2019:<\/p>\n<p>El 50% se realizaron a trav\u00e9s de la plataforma en l\u00ednea<br \/>\nEl 58% incluyeron reservaci\u00f3n de hotel<br \/>\nEl 26% incluyeron boletos de avi\u00f3n<br \/>\nEl 26% fueron reservaciones para viajes en familia<br \/>\nEl 38% fueron reservaciones para viajar a playas mexicanas<\/p>\n<p>Los tours m\u00e1s vendidos para disfrutar en el verano 2019, fueron:<\/p>\n<p>Parque tem\u00e1tico de Walt Disney World en Anaheim<br \/>\nParques Tem\u00e1ticos Universales Orlando<br \/>\nXcaret Riviera Maya<br \/>\nSeaworld Parks Orlando<br \/>\nGale\u00f3n Captain Hook \/ Barco Pirata Canc\u00fan<br \/>\nParque Nacional Ca\u00f1\u00f3n del Sumidero, Chiapas<\/p>\n<p>&nbsp;<\/p>\n<p>Los 20 destinos preferidos para vacacionar en el verano 2019, fueron:<\/p>\n<p>Canc\u00fan<br \/>\nCiudad de M\u00e9xico<br \/>\nAcapulco<br \/>\nPuerto Vallarta<br \/>\nPlaya del Carmen<br \/>\nGuadalajara<br \/>\nRiviera Nayarit<br \/>\nMazatl\u00e1n<br \/>\nBuenos Aires<br \/>\nMonterrey<br \/>\nIxtapa-Zihuatanejo<br \/>\nHuatulco<br \/>\nLos Cabos<br \/>\nOrlando<br \/>\nLas Vegas<br \/>\nM\u00e9rida<br \/>\nSan Jos\u00e9 del Cabo<br \/>\nVeracruz<br \/>\nPunta Cana<br \/>\nManzanillo<\/p>\n<p>&nbsp;<\/p>\n<p>Los datos de esta infograf\u00eda, fueron emitidos por la Direcci\u00f3n de Business Intelligence de Best Day Travel Group y se compartieron como parte de las t\u00e1cticas de informaci\u00f3n p\u00fablica de la Direcci\u00f3n Corporativa de Comunicaci\u00f3n y Alianzas Estrat\u00e9gicas.<\/p>\n<p>Best Day Travel Group es la empresa l\u00edder en turismo en Am\u00e9rica Latina, tanto para el sector de distribuci\u00f3n B2B (negocio a negocio), como para el sector de venta directa al p\u00fablico. El grupo, basado en Canc\u00fan, entiende las tendencias en la industria del turismo y las necesidades de los clientes en los destinos m\u00e1s populares de Latinoam\u00e9rica.<\/p>\n<p>Su modelo de negocios integrado verticalmente y su infraestructura tecnol\u00f3gica innovadora, permiten a sus seis l\u00edneas de negocios brindab un valor excepcional para sus clientes.<\/p>\n<p>Es por esto que la empresa ofrece m\u00e1s que viajes: brinda un Best Day. Ganadora de varios premios, las l\u00edneas de negocios de Best Day Travel Group est\u00e1n integradas por BestDay (agencia de viajes online), BD TRAVELSolution (marca blanca de plataformas tecnol\u00f3gicas para socios comerciales),HotelDO (Servicios B2B para agencias de viajes y mayoristas de turismo), BestDay DMC (servicios de turismo receptivo y DMC en Canc\u00fan, Riviera Maya y Punta Cana), Voiash (enfocado en turismo para el segmento millennial y j\u00f3venes adultos) y Gran Plan, una alianza estrat\u00e9gica con AeroM\u00e9xico.<\/p>\n<p>Por otra parte, le informo la empresa l\u00edder mundial en servicios de comercio de m\u00faltiples activos en l\u00ednea y datos y an\u00e1lisis de divisas, OANDA anunci\u00f3 que el experto en la industria Kurt vom Scheidt se ha unido a la firma como Director de Productos, con sede en Londres. Un profesional experimentado con m\u00e1s de 30 a\u00f1os de experiencia en el sector de servicios financieros, especializado en divisas, vom Scheidt ha trabajado con varios bancos y corredores internacionales a lo largo de los a\u00f1os, desempe\u00f1ando un papel fundamental en la mejora de la experiencia del producto y en la supervisi\u00f3n de la infraestructura comercial. Ser\u00e1 responsable de desarrollar una estrategia de producto robusta que mejore la experiencia del cliente y respalde las ambiciones de crecimiento en OANDA.<\/p>\n<p>El presidente de la junta, Tim Howkins coment\u00f3: \u201cNos complace enormemente dar la bienvenida a Kurt a OANDA. Un veterano en la industria con un historial exitoso, trae consigo un conocimiento incomparable del sector y una comprensi\u00f3n profunda del mercado de divisas. Como tal, ser\u00e1 un activo inestimable para la empresa a medida que continuamos configurando nuestra estrategia de producto e impulsando el crecimiento en los pr\u00f3ximos a\u00f1os\u201d.<\/p>\n<p>vom Scheidt agreg\u00f3: \u201cA lo largo de los a\u00f1os, OANDA se ha ganado la reputaci\u00f3n de combinar tecnolog\u00eda de vanguardia con un enfoque \u00fanico centrado en el cliente, que ofrece acceso a una plataforma de negociaci\u00f3n galardonada, aplicaciones de gr\u00e1ficos avanzadas, an\u00e1lisis t\u00e9cnico, cartera de pedidos abierto y superposiciones econ\u00f3micas que proporcionan mayor claridad sobre los mercados. Como tal, tengo muchas ganas de construir sobre los cimientos de este enfoque y definir c\u00f3mo nuestra estrategia de producto puede ayudar a nuestros clientes a tener m\u00e1s \u00e9xito\u201d.<\/p>\n<p>Fundada en 1996, OANDA fue la primera compa\u00f1\u00eda en compartir datos de tipo de cambio de forma gratuita en Internet, lanzando una plataforma de operaciones FX que ayud\u00f3 cinco a\u00f1os despu\u00e9s a impulsar el desarrollo del comercio de divisas en l\u00ednea. Hoy en d\u00eda, la firma ofrece transacciones en l\u00ednea de m\u00faltiples activos, datos de moneda y an\u00e1lisis para clientes minoristas y corporativos, lo que demuestra una experiencia sin igual en el mercado de divisas. Con entidades reguladas en seis de los mercados financieros m\u00e1s activos del mundo, OANDA sigue dedicada a transformar el negocio de las divisas.<\/p>\n<p>En otro tema, que es de especial atenci\u00f3n para aquellos que nos estamos quedando sin cabello, le comento que. el tipo m\u00e1s com\u00fan es la alopecia androg\u00e9netica, la cual es determinada por herencia familiar.<\/p>\n<p>Muchos hombres utilizan minoxidil para detener la ca\u00edda del cabello, pero cometen un grave error. \u00bfPor qu\u00e9 raz\u00f3n? El minoxidil es un vasodilatador que estimula los fol\u00edculos pilosos y detiene su ca\u00edda, sin embargo, en el momento que se deja de utilizar este medicamento, se pierden instant\u00e1neamente los efectos beneficiosos obtenidos.<\/p>\n<p>Ardor, enrojecimiento y deshidrataci\u00f3n son algunos de los efectos secundarios que puede producir el minoxidil. \u00bfNecesitas m\u00e1s razones para dejar de utilizarlo?<\/p>\n<p>Por esta raz\u00f3n, es importante verificar que los productos que utilices en tu cabello contengan ingredientes naturales o que sus beneficios sean a largo plazo. Existen ingredientes como la matrikina vitaminada que ataca la deficiencia en la circulaci\u00f3n del cuero cabelludo y contrarresta la atrofia del fol\u00edculo piloso. Adem\u00e1s, proporciona un efecto protector y reparador de las diferentes estructuras del fol\u00edculo, ralentizando el proceso de envejecimiento.<\/p>\n<p>Uno de los productos en M\u00e9xico que contiene este ingrediente, es la Loci\u00f3n Capilar de la l\u00ednea Black de Chili &amp; Chili, la cual es un tratamiento de origen natural que, gracias a sus ingredientes activos, inhibe el DHT (Dihidrotestosterona) evitando la atrofia del fol\u00edculo, incrementa la microcirculaci\u00f3n en el cuero cabelludo y retrasa el envejecimiento capilar.<\/p>\n<p>Esta loci\u00f3n capilar es la \u00fanica en el mercado mexicano con este compuesto. Dale una oportunidad a tu cabello de fortalecerse y evita los estragos del tiempo; empero, lo anterior ser\u00e1 motivo de posterior an\u00e1lisis en otra entrega de <strong><em>Hora 14<\/em><\/strong>.<\/p>\n<p><em><a href=\"mailto:%20mauricio_conde@msn.com\" target=\"_blank\" rel=\"noopener noreferrer\">mauricioconde59@outlook.com<\/a><\/em><br \/>\n<em><a href=\"https:\/\/twitter.com\/mauconde007\" target=\"_blank\" rel=\"noopener noreferrer\">@mauconde007<\/a> <\/em><br \/>\n<em><a href=\"https:\/\/mauriciocondeblog.wordpress.com\" target=\"_blank\" rel=\"noopener noreferrer\">https:\/\/mauriciocondeblog.wordpress.com<\/a><\/em><\/p>\n","protected":false},"excerpt":{"rendered":"<p><span style=\"color: #005497;\"><strong>Mauricio Conde Olivares<\/strong><\/span><\/p>\n","protected":false},"author":3,"featured_media":0,"comment_status":"open","ping_status":"open","sticky":false,"template":"","format":"standard","meta":{"_monsterinsights_skip_tracking":false,"_monsterinsights_sitenote_active":false,"_monsterinsights_sitenote_note":"","_monsterinsights_sitenote_category":0,"footnotes":""},"categories":[35889],"tags":[43712,43674,44860],"class_list":["post-436066","post","type-post","status-publish","format-standard","hentry","category-mauricio-conde-olivares","tag-mauricio-conde-olivares","tag-opinion","tag-hora-14"],"_links":{"self":[{"href":"https:\/\/www.diarioimagen.net\/index.php?rest_route=\/wp\/v2\/posts\/436066","targetHints":{"allow":["GET"]}}],"collection":[{"href":"https:\/\/www.diarioimagen.net\/index.php?rest_route=\/wp\/v2\/posts"}],"about":[{"href":"https:\/\/www.diarioimagen.net\/index.php?rest_route=\/wp\/v2\/types\/post"}],"author":[{"embeddable":true,"href":"https:\/\/www.diarioimagen.net\/index.php?rest_route=\/wp\/v2\/users\/3"}],"replies":[{"embeddable":true,"href":"https:\/\/www.diarioimagen.net\/index.php?rest_route=%2Fwp%2Fv2%2Fcomments&post=436066"}],"version-history":[{"count":0,"href":"https:\/\/www.diarioimagen.net\/index.php?rest_route=\/wp\/v2\/posts\/436066\/revisions"}],"wp:attachment":[{"href":"https:\/\/www.diarioimagen.net\/index.php?rest_route=%2Fwp%2Fv2%2Fmedia&parent=436066"}],"wp:term":[{"taxonomy":"category","embeddable":true,"href":"https:\/\/www.diarioimagen.net\/index.php?rest_route=%2Fwp%2Fv2%2Fcategories&post=436066"},{"taxonomy":"post_tag","embeddable":true,"href":"https:\/\/www.diarioimagen.net\/index.php?rest_route=%2Fwp%2Fv2%2Ftags&post=436066"}],"curies":[{"name":"wp","href":"https:\/\/api.w.org\/{rel}","templated":true}]}}