{"id":436217,"date":"2019-07-23T00:09:09","date_gmt":"2019-07-23T05:09:09","guid":{"rendered":"https:\/\/www.diarioimagen.net\/?p=436217"},"modified":"2019-07-23T05:44:33","modified_gmt":"2019-07-23T10:44:33","slug":"jornada-de-bienestar-animal-en-fraccionamiento-de-cuautitlan-izcalli","status":"publish","type":"post","link":"https:\/\/www.diarioimagen.net\/?p=436217","title":{"rendered":"\u201cJornada de Bienestar Animal\u201d en fraccionamiento de Cuautitl\u00e1n Izcalli"},"content":{"rendered":"<div id=\"attachment_436276\" style=\"width: 470px\" class=\"wp-caption aligncenter\"><a href=\"https:\/\/www.diarioimagen.net\/?attachment_id=436276\" rel=\"attachment wp-att-436276\"><img loading=\"lazy\" decoding=\"async\" aria-describedby=\"caption-attachment-436276\" class=\"size-large wp-image-436276\" src=\"https:\/\/www.diarioimagen.net\/wp-content\/uploads\/2019\/07\/CUAUTITLAN-460x259.jpg\" alt=\"\" width=\"460\" height=\"259\" srcset=\"https:\/\/www.diarioimagen.net\/wp-content\/uploads\/2019\/07\/CUAUTITLAN-460x259.jpg 460w, https:\/\/www.diarioimagen.net\/wp-content\/uploads\/2019\/07\/CUAUTITLAN-240x135.jpg 240w, https:\/\/www.diarioimagen.net\/wp-content\/uploads\/2019\/07\/CUAUTITLAN-235x132.jpg 235w, https:\/\/www.diarioimagen.net\/wp-content\/uploads\/2019\/07\/CUAUTITLAN-202x114.jpg 202w, https:\/\/www.diarioimagen.net\/wp-content\/uploads\/2019\/07\/CUAUTITLAN-350x196.jpg 350w, https:\/\/www.diarioimagen.net\/wp-content\/uploads\/2019\/07\/CUAUTITLAN-220x123.jpg 220w, https:\/\/www.diarioimagen.net\/wp-content\/uploads\/2019\/07\/CUAUTITLAN-237x132.jpg 237w, https:\/\/www.diarioimagen.net\/wp-content\/uploads\/2019\/07\/CUAUTITLAN.jpg 480w\" sizes=\"auto, (max-width: 460px) 100vw, 460px\" \/><\/a><p id=\"caption-attachment-436276\" class=\"wp-caption-text\">Se llev\u00f3 a cabo este fin de semana la \u201cJornada de Bienestar Animal\u201d, en el fraccionamiento Ex Hacienda San Miguel.<\/p><\/div>\n<p>&nbsp;<\/p>\n<p><strong>Cuautitl\u00e1n Izcalli, Estado de M\u00e9xico<\/strong>.- Con buena concurrencia se llev\u00f3 a cabo este fin de semana la \u201cJornada de Bienestar Animal\u201d, en el fraccionamiento Ex Hacienda San Miguel, a la que asistieron m\u00e1s de 100 vecinos, acompa\u00f1ados de sus mascotas, a quienes les fueron aplicadas vacunas, adem\u00e1s se ofrecieron conferencias sobre las enfermedades que pueden prevenirse con la higiene y el buen cuidado de \u00e9stas.<\/p>\n<p>El presidente municipal, Ricardo N\u00fa\u00f1ez Ayala, se\u00f1al\u00f3 que este tipo de programas est\u00e1n en equilibrio con el medio ambiente.<\/p>\n<p>Agreg\u00f3 que el desarrollo sostenible o sustentable se logra con el desarrollo econ\u00f3mico, social y con el medio ambiente. El alcalde destac\u00f3 que el evento realizado por la Direcci\u00f3n de Desarrollo Social, que encabeza Graciela Altamirano P\u00e9rez, se llev\u00f3 a cabo con la finalidad de fortalecer la educaci\u00f3n y la promoci\u00f3n en la sociedad, para cuidar el medio ambiente.<\/p>\n<p>La presidenta del Consejo de Participaci\u00f3n Ciudadana (COPACI), Claudia D\u00edaz, se\u00f1al\u00f3 que este tipo de jornadas permiten generar una cultura ambiental para mejorar el espacio para las mascotas de todos los vecinos. Agreg\u00f3 que el fraccionamiento Ex Hacienda San Miguel, est\u00e1 aprendiendo a ser proactiva y activa, que pretende ser un prototipo de lo que es sociedad izcallense.<\/p>\n<p>Asimismo, les fue presentado un prototipo de composteo con las heces fecales de los caninos, el cual se pretende que exista en cada uno de los parques del municipio de Cuautitl\u00e1n Izcalli, para que la composta que se genere se pueda utilizar en los espacios verdes p\u00fablicos o en los hogares de los izcallenses, cuidando as\u00ed el medio ambiente.<\/p>\n<p>Por otra parte, el edil se\u00f1al\u00f3 a los vecinos que ante la problem\u00e1tica que genera la temporada de lluvias en su colonia, se realizar\u00e1 un vaso regulador que permita la fluidez del agua para evitar encharcamientos, por lo que se buscar\u00e1 echar a andar una planta de rebombeo, para que el agua llegue al canal de San Jos\u00e9.<\/p>\n<p>Finalmente, a\u00f1adi\u00f3 que contin\u00faan realizando trabajos de limpieza en los r\u00edos y canales del municipio, con la finalidad de evitar inundaciones en las zonas de mayor riesgo.<\/p>\n","protected":false},"excerpt":{"rendered":"<p>Con buena concurrencia se llev\u00f3 a cabo este fin de semana la \u201cJornada de Bienestar Animal\u201d, en el fraccionamiento Ex Hacienda San Miguel, a la que asistieron m\u00e1s de 100 vecinos, acompa\u00f1ados de sus mascotas, a quienes les fueron aplicadas vacunas, adem\u00e1s se ofrecieron conferencias sobre las enfermedades que pueden prevenirse con la higiene y el buen cuidado de \u00e9stas.<\/p>\n","protected":false},"author":3,"featured_media":436276,"comment_status":"open","ping_status":"open","sticky":false,"template":"","format":"standard","meta":{"_monsterinsights_skip_tracking":false,"_monsterinsights_sitenote_active":false,"_monsterinsights_sitenote_note":"","_monsterinsights_sitenote_category":0,"footnotes":""},"categories":[5],"tags":[971,43675,67078],"class_list":["post-436217","post","type-post","status-publish","format-standard","has-post-thumbnail","hentry","category-estado-de-mexico","tag-cuautitlan-izcalli","tag-estado-de-mexico","tag-fraccionamiento"],"_links":{"self":[{"href":"https:\/\/www.diarioimagen.net\/index.php?rest_route=\/wp\/v2\/posts\/436217","targetHints":{"allow":["GET"]}}],"collection":[{"href":"https:\/\/www.diarioimagen.net\/index.php?rest_route=\/wp\/v2\/posts"}],"about":[{"href":"https:\/\/www.diarioimagen.net\/index.php?rest_route=\/wp\/v2\/types\/post"}],"author":[{"embeddable":true,"href":"https:\/\/www.diarioimagen.net\/index.php?rest_route=\/wp\/v2\/users\/3"}],"replies":[{"embeddable":true,"href":"https:\/\/www.diarioimagen.net\/index.php?rest_route=%2Fwp%2Fv2%2Fcomments&post=436217"}],"version-history":[{"count":0,"href":"https:\/\/www.diarioimagen.net\/index.php?rest_route=\/wp\/v2\/posts\/436217\/revisions"}],"wp:featuredmedia":[{"embeddable":true,"href":"https:\/\/www.diarioimagen.net\/index.php?rest_route=\/wp\/v2\/media\/436276"}],"wp:attachment":[{"href":"https:\/\/www.diarioimagen.net\/index.php?rest_route=%2Fwp%2Fv2%2Fmedia&parent=436217"}],"wp:term":[{"taxonomy":"category","embeddable":true,"href":"https:\/\/www.diarioimagen.net\/index.php?rest_route=%2Fwp%2Fv2%2Fcategories&post=436217"},{"taxonomy":"post_tag","embeddable":true,"href":"https:\/\/www.diarioimagen.net\/index.php?rest_route=%2Fwp%2Fv2%2Ftags&post=436217"}],"curies":[{"name":"wp","href":"https:\/\/api.w.org\/{rel}","templated":true}]}}