{"id":436219,"date":"2019-07-23T00:08:18","date_gmt":"2019-07-23T05:08:18","guid":{"rendered":"https:\/\/www.diarioimagen.net\/?p=436219"},"modified":"2019-07-23T05:48:45","modified_gmt":"2019-07-23T10:48:45","slug":"inicia-curso-de-verano-nino-policia-2019-dirigido-a-hijos-de-uniformados-de-naucalpan","status":"publish","type":"post","link":"https:\/\/www.diarioimagen.net\/?p=436219","title":{"rendered":"Inicia curso de verano Ni\u00f1o Polic\u00eda 2019, dirigido a hijos de uniformados de Naucalpan"},"content":{"rendered":"<ul>\n<li><strong><em>Actividades l\u00fadicas con 180 participantes<\/em><\/strong><\/li>\n<\/ul>\n<p>&nbsp;<\/p>\n<div id=\"attachment_436279\" style=\"width: 470px\" class=\"wp-caption aligncenter\"><a href=\"https:\/\/www.diarioimagen.net\/?attachment_id=436279\" rel=\"attachment wp-att-436279\"><img loading=\"lazy\" decoding=\"async\" aria-describedby=\"caption-attachment-436279\" class=\"size-large wp-image-436279\" src=\"https:\/\/www.diarioimagen.net\/wp-content\/uploads\/2019\/07\/NAUCALPAN-1-460x317.jpg\" alt=\"\" width=\"460\" height=\"317\" srcset=\"https:\/\/www.diarioimagen.net\/wp-content\/uploads\/2019\/07\/NAUCALPAN-1-460x317.jpg 460w, https:\/\/www.diarioimagen.net\/wp-content\/uploads\/2019\/07\/NAUCALPAN-1-240x165.jpg 240w, https:\/\/www.diarioimagen.net\/wp-content\/uploads\/2019\/07\/NAUCALPAN-1.jpg 700w\" sizes=\"auto, (max-width: 460px) 100vw, 460px\" \/><\/a><p id=\"caption-attachment-436279\" class=\"wp-caption-text\">La Direcci\u00f3n General de Seguridad Ciudadana y Tr\u00e1nsito Municipal dio inicio al curso de verano Ni\u00f1o Polic\u00eda 2019, dirigido a los hijos de uniformados.<\/p><\/div>\n<p>&nbsp;<\/p>\n<p><strong>Naucalpan, Estado de M\u00e9xico<\/strong>.- El gobierno local, a trav\u00e9s de la Direcci\u00f3n General de Seguridad Ciudadana y Tr\u00e1nsito Municipal, dio inicio al curso de verano Ni\u00f1o Polic\u00eda 2019, dirigido a los hijos de los uniformados de la demarcaci\u00f3n.<\/p>\n<p>Durante este campamento de dos semanas, la corporaci\u00f3n realizar\u00e1 actividades l\u00fadicas con los 180 participantes y los instruir\u00e1 sobre las labores policiacas que realizan sus padres, con la finalidad de reconocer y dignificar su trabajo. El comisario, L\u00e1zaro Gayt\u00e1n Aguirre, asegur\u00f3 que la instituci\u00f3n no s\u00f3lo est\u00e1 ocupada en mejorar la calidad de vida de sus elementos, sino tambi\u00e9n la de sus familias.<\/p>\n<p>\u201cEstamos haciendo esfuerzos para que las familias de los compa\u00f1eros polic\u00edas vivan mejor, para que tengan una mejor calidad de vida y este tipo de beneficios, lo cual es \u00fatil para que se concentren en su trabajo, hagan bien sus funciones y sirvan a la comunidad sabiendo que sus seres queridos est\u00e1n bien. \u201cTambi\u00e9n es un agradecimiento a todos los polic\u00edas que d\u00eda con d\u00eda trabajan por el bienestar de los naucalpenses\u201d, mencion\u00f3 Gayt\u00e1n Aguirre.<\/p>\n<p>En el parque Xajay, del fraccionamiento Hacienda de Echegaray, Gayt\u00e1n convivi\u00f3 con los peque\u00f1os de 6 a 13 a\u00f1os.Del 22 julio al 2 de agosto, los ni\u00f1os visitar\u00e1n diversas instancias de la corporaci\u00f3n, como la Subdirecci\u00f3n de Tr\u00e1nsito y el grupo de Polic\u00eda Montada, adem\u00e1s de dependencias del gobierno, como la Direcci\u00f3n de Protecci\u00f3n Civil y Bomberos, y el Organismo de Agua Potable, Alcantarillado y Saneamiento (OAPAS).<\/p>\n<p>Asimismo, visitar\u00e1n sitios, como el Museo de la Polic\u00eda Federal, las f\u00e1bricas Bimbo y Dixon, el Nido de Quetzalc\u00f3atl, la Arena Naucalpan y el cine.<\/p>\n<p>Con estas din\u00e1micas durante la temporada vacacional, el gobierno de Naucalpan impulsa la seguridad comunitaria y cultural de los ni\u00f1os.<\/p>\n","protected":false},"excerpt":{"rendered":"<p>El gobierno local, a trav\u00e9s de la Direcci\u00f3n General de Seguridad Ciudadana y Tr\u00e1nsito Municipal, dio inicio al curso de verano Ni\u00f1o Polic\u00eda 2019, dirigido a los hijos de los uniformados de la demarcaci\u00f3n.<\/p>\n","protected":false},"author":3,"featured_media":436279,"comment_status":"open","ping_status":"open","sticky":false,"template":"","format":"standard","meta":{"_monsterinsights_skip_tracking":false,"_monsterinsights_sitenote_active":false,"_monsterinsights_sitenote_note":"","_monsterinsights_sitenote_category":0,"footnotes":""},"categories":[5],"tags":[43675,970,86841,42538],"class_list":["post-436219","post","type-post","status-publish","format-standard","has-post-thumbnail","hentry","category-estado-de-mexico","tag-estado-de-mexico","tag-naucalpan","tag-uniformados","tag-verano"],"_links":{"self":[{"href":"https:\/\/www.diarioimagen.net\/index.php?rest_route=\/wp\/v2\/posts\/436219","targetHints":{"allow":["GET"]}}],"collection":[{"href":"https:\/\/www.diarioimagen.net\/index.php?rest_route=\/wp\/v2\/posts"}],"about":[{"href":"https:\/\/www.diarioimagen.net\/index.php?rest_route=\/wp\/v2\/types\/post"}],"author":[{"embeddable":true,"href":"https:\/\/www.diarioimagen.net\/index.php?rest_route=\/wp\/v2\/users\/3"}],"replies":[{"embeddable":true,"href":"https:\/\/www.diarioimagen.net\/index.php?rest_route=%2Fwp%2Fv2%2Fcomments&post=436219"}],"version-history":[{"count":0,"href":"https:\/\/www.diarioimagen.net\/index.php?rest_route=\/wp\/v2\/posts\/436219\/revisions"}],"wp:featuredmedia":[{"embeddable":true,"href":"https:\/\/www.diarioimagen.net\/index.php?rest_route=\/wp\/v2\/media\/436279"}],"wp:attachment":[{"href":"https:\/\/www.diarioimagen.net\/index.php?rest_route=%2Fwp%2Fv2%2Fmedia&parent=436219"}],"wp:term":[{"taxonomy":"category","embeddable":true,"href":"https:\/\/www.diarioimagen.net\/index.php?rest_route=%2Fwp%2Fv2%2Fcategories&post=436219"},{"taxonomy":"post_tag","embeddable":true,"href":"https:\/\/www.diarioimagen.net\/index.php?rest_route=%2Fwp%2Fv2%2Ftags&post=436219"}],"curies":[{"name":"wp","href":"https:\/\/api.w.org\/{rel}","templated":true}]}}