{"id":436221,"date":"2019-07-23T00:07:21","date_gmt":"2019-07-23T05:07:21","guid":{"rendered":"https:\/\/www.diarioimagen.net\/?p=436221"},"modified":"2019-07-23T05:50:04","modified_gmt":"2019-07-23T10:50:04","slug":"realizan-diario-jornadas-de-limpieza-en-calles-y-vias-principales-de-tultepec","status":"publish","type":"post","link":"https:\/\/www.diarioimagen.net\/?p=436221","title":{"rendered":"Realizan diario jornadas de limpieza en calles y v\u00edas principales de Tultepec"},"content":{"rendered":"<ul>\n<li><strong><em>Para evitar inundaciones por acumulaci\u00f3n de basura<\/em><\/strong><\/li>\n<\/ul>\n<p>&nbsp;<\/p>\n<div id=\"attachment_436282\" style=\"width: 470px\" class=\"wp-caption aligncenter\"><a href=\"https:\/\/www.diarioimagen.net\/?attachment_id=436282\" rel=\"attachment wp-att-436282\"><img loading=\"lazy\" decoding=\"async\" aria-describedby=\"caption-attachment-436282\" class=\"size-large wp-image-436282\" src=\"https:\/\/www.diarioimagen.net\/wp-content\/uploads\/2019\/07\/TULTEPEC-460x259.jpg\" alt=\"\" width=\"460\" height=\"259\" srcset=\"https:\/\/www.diarioimagen.net\/wp-content\/uploads\/2019\/07\/TULTEPEC-460x259.jpg 460w, https:\/\/www.diarioimagen.net\/wp-content\/uploads\/2019\/07\/TULTEPEC-240x135.jpg 240w, https:\/\/www.diarioimagen.net\/wp-content\/uploads\/2019\/07\/TULTEPEC-235x132.jpg 235w, https:\/\/www.diarioimagen.net\/wp-content\/uploads\/2019\/07\/TULTEPEC-202x114.jpg 202w, https:\/\/www.diarioimagen.net\/wp-content\/uploads\/2019\/07\/TULTEPEC-350x196.jpg 350w, https:\/\/www.diarioimagen.net\/wp-content\/uploads\/2019\/07\/TULTEPEC-220x123.jpg 220w, https:\/\/www.diarioimagen.net\/wp-content\/uploads\/2019\/07\/TULTEPEC-237x132.jpg 237w, https:\/\/www.diarioimagen.net\/wp-content\/uploads\/2019\/07\/TULTEPEC.jpg 480w\" sizes=\"auto, (max-width: 460px) 100vw, 460px\" \/><\/a><p id=\"caption-attachment-436282\" class=\"wp-caption-text\">Trabajadores realizan diariamente jornadas de limpieza en calles y avenidas secundarias y v\u00edas principales en Tultepec.<\/p><\/div>\n<p>&nbsp;<\/p>\n<p><strong>Tultepec, Estado de M\u00e9xico<\/strong>.- Una docena de trabajadores de la Direcci\u00f3n de Servicios P\u00fablicos, divididos en dos cuadrillas, realizan diariamente jornadas de limpieza en calles y avenidas secundarias y v\u00edas principales en el territorio municipal, evitando con ello la acumulaci\u00f3n de basura, que pudiera provocar el taponamiento de coladeras y probables inundaciones en esta temporada de lluvias.<\/p>\n<p>As\u00ed lo inform\u00f3 Octavio Miranda Montes, director de Servicios P\u00fablicos, quien se\u00f1al\u00f3 que a la fecha se han realizado 154 jornadas de limpieza en el territorio municipal, con el objetivo de mantener una imagen urbana adecuada con calles limpias y ordenadas, libres de basura, malos olores y de fauna nociva.<\/p>\n<p>Diariamente, desde las 6:00 hasta las 9:00 horas, dos cuadrillas de trabajadores debidamente equipadas con bieldos, palas, carboneras, desbrozadoras, carretillas, escobas de vara, mijo y met\u00e1licas, realizan el barrido de calles y avenidas, poda de pasto y retiro de maleza en banquetas y calles, as\u00ed como la limpieza de terrenos bald\u00edos.<\/p>\n<p>Precis\u00f3 que estas Jornadas de Limpieza,\u00a0se llevan a cabo de manera extraordinaria a las actividades diarias de esta dependencia, y se realizan con base a la petici\u00f3n de los presidentes de los Consejos de Participaci\u00f3n Ciudadana (COPACI) y\u00a0 delegados municipales; quienes deben ingresar una solicitud en la dependencia, indicando la calle y colonia donde se requiere el servicio.<\/p>\n<p>El funcionario destac\u00f3 la participaci\u00f3n ciudadana en el mejoramiento y conservaci\u00f3n de la imagen urbana, \u201cya que no basta s\u00f3lo con solicitar el servicio, sino que es importante que los propios vecinos se sumen a los trabajos en sus respectivas comunidades, lo que sin duda les da mucho mayor valor a estos trabajos y es un importante incentivo para la administraci\u00f3n p\u00fablica municipal\u201d.<\/p>\n<p>Finalmente, Octavio Miranda Montes hizo un llamado a la poblaci\u00f3n interesada a inscribir a sus respectivas comunidades para que se realice una\u00a0Jornada de Limpieza\u00a0en sus colonias, a presentar su solicitud en la Direcci\u00f3n de Servicios P\u00fablicos Municipales, de lunes a viernes de 9:00 a 18:00 horas.<\/p>\n","protected":false},"excerpt":{"rendered":"<p>Una docena de trabajadores de la Direcci\u00f3n de Servicios P\u00fablicos, divididos en dos cuadrillas, realizan diariamente jornadas de limpieza en calles y avenidas secundarias y v\u00edas principales en el territorio municipal, evitando con ello la acumulaci\u00f3n de basura, que pudiera provocar el taponamiento de coladeras y probables inundaciones en esta temporada de lluvias.<\/p>\n","protected":false},"author":3,"featured_media":436282,"comment_status":"open","ping_status":"open","sticky":false,"template":"","format":"standard","meta":{"_monsterinsights_skip_tracking":false,"_monsterinsights_sitenote_active":false,"_monsterinsights_sitenote_note":"","_monsterinsights_sitenote_category":0,"footnotes":""},"categories":[5],"tags":[43675,2007,3802,82307],"class_list":["post-436221","post","type-post","status-publish","format-standard","has-post-thumbnail","hentry","category-estado-de-mexico","tag-estado-de-mexico","tag-limpieza","tag-tultepec","tag-vias"],"_links":{"self":[{"href":"https:\/\/www.diarioimagen.net\/index.php?rest_route=\/wp\/v2\/posts\/436221","targetHints":{"allow":["GET"]}}],"collection":[{"href":"https:\/\/www.diarioimagen.net\/index.php?rest_route=\/wp\/v2\/posts"}],"about":[{"href":"https:\/\/www.diarioimagen.net\/index.php?rest_route=\/wp\/v2\/types\/post"}],"author":[{"embeddable":true,"href":"https:\/\/www.diarioimagen.net\/index.php?rest_route=\/wp\/v2\/users\/3"}],"replies":[{"embeddable":true,"href":"https:\/\/www.diarioimagen.net\/index.php?rest_route=%2Fwp%2Fv2%2Fcomments&post=436221"}],"version-history":[{"count":0,"href":"https:\/\/www.diarioimagen.net\/index.php?rest_route=\/wp\/v2\/posts\/436221\/revisions"}],"wp:featuredmedia":[{"embeddable":true,"href":"https:\/\/www.diarioimagen.net\/index.php?rest_route=\/wp\/v2\/media\/436282"}],"wp:attachment":[{"href":"https:\/\/www.diarioimagen.net\/index.php?rest_route=%2Fwp%2Fv2%2Fmedia&parent=436221"}],"wp:term":[{"taxonomy":"category","embeddable":true,"href":"https:\/\/www.diarioimagen.net\/index.php?rest_route=%2Fwp%2Fv2%2Fcategories&post=436221"},{"taxonomy":"post_tag","embeddable":true,"href":"https:\/\/www.diarioimagen.net\/index.php?rest_route=%2Fwp%2Fv2%2Ftags&post=436221"}],"curies":[{"name":"wp","href":"https:\/\/api.w.org\/{rel}","templated":true}]}}