{"id":436232,"date":"2019-07-23T00:00:13","date_gmt":"2019-07-23T05:00:13","guid":{"rendered":"https:\/\/www.diarioimagen.net\/?p=436232"},"modified":"2019-07-23T03:18:18","modified_gmt":"2019-07-23T08:18:18","slug":"q-roo-tiene-la-gasolineria-mas-rata-del-pais","status":"publish","type":"post","link":"https:\/\/www.diarioimagen.net\/?p=436232","title":{"rendered":"Q. Roo tiene la gasoliner\u00eda m\u00e1s \u201crata\u201d del pa\u00eds"},"content":{"rendered":"<h2>Derecho de r\u00e9plica<\/h2>\n<p>&nbsp;<\/p>\n<ul>\n<li><em><strong>Servicios Econ\u00f3micos del Mayab, en Oth\u00f3n P. Blanco, Chetumal, les roba a sus consumidores m\u00e1s de 300 mililitros por litro<\/strong><\/em><\/li>\n<\/ul>\n<p>&nbsp;<\/p>\n<p>Seg\u00fan lo dicho por el titular de la Procuradur\u00eda Federal del Consumidor, Ricardo Sheffield, en la conferencia de prensa \u201cma\u00f1anera\u201d, la gasoliner\u00eda Servicios Econ\u00f3micos del Mayab, en Oth\u00f3n P. Blanco, Chetumal, les roba a sus consumidores m\u00e1s de 300 mililitros por litro.<\/p>\n<p>La noticia no toma por sorpresa a nadie en Quintana Roo, pues los usuarios que compran gasolina se quejan a menudo de las transas de las estaciones de servicio en el estado<\/p>\n<p>Lo que sucede en la estaci\u00f3n, ubicada en avenida Maxuxac, de la capital del estado, es un robo, por lo que las acciones de la Profeco de Ricardo Sheffield se quedan cortas con tan s\u00f3lo exhibir la situaci\u00f3n y recomendar a los consumidores no comprar combustible en dicho lugar.<\/p>\n<p>Lo incre\u00edble, no es que la Profeco descubra que una gasoliner\u00eda les robe a sus consumidores, lo in\u00e9dito, es que en este momento no est\u00e9n detenidos por fraude y robo los responsables, eso es impunidad en su m\u00e1xima expresi\u00f3n.<\/p>\n<p style=\"text-align: center;\"><strong>Nadie se salva<\/strong><\/p>\n<p>De hecho, si usted descarga la aplicaci\u00f3n litro por litro, se dar\u00e1 cuenta de que, en Canc\u00fan s\u00f3lo una gasoliner\u00eda tiene color verde, lo que indica que es ah\u00ed donde el costo del combustible es lo justo; todo el resto de los distribuidores se encuentran en color naranja, con un margen de ganancia mayor, sin embargo, si al hecho de que dan caro, agrega usted que le dan medio litro por el costo de uno, pues negocio redondo para ellos.<\/p>\n<p>En Canc\u00fan es com\u00fan que los despachadores, tras muchos pretextos, se reh\u00fasen a recibir pagos con tarjetas de cr\u00e9dito o d\u00e9bito, s\u00f3lo efectivo, por lo que, la cantidad de venta puede ser manipulada con facilidad para efectos fiscales, m\u00e1s cuando, expendios, como el de Chetumal, venden litros de 700 mililitros, con lo que, adem\u00e1s de robar al consumidor, le roban a Hacienda.<\/p>\n<p style=\"text-align: center;\"><strong>Conflicto por derecho de v\u00eda<\/strong><\/p>\n<p>El proyecto del Tren Maya no termina de cuajar e incluso se puede descarrilar antes de iniciar la marcha, pues tal como lo predijo el Instituto Mexicano para la Competitividad, el riesgo es que al final, el chiste pueda costar hasta 10 veces m\u00e1s, en caso de que no est\u00e9 bien planeado, lo que se prev\u00e9, ser\u00e1 el caso.<\/p>\n<p>En Quintana Roo ser\u00e1 necesario construir las nuevas v\u00edas del Tren Maya, cosa que al igual que el sargazo, fue minimizado por el presidente L\u00f3pez Obrador, pues seg\u00fan sus datos, el derecho de v\u00eda por donde se instalar\u00e1 la ruta f\u00e9rrea ya estaba en manos del gobierno federal.<\/p>\n<p>Sin embargo, el comisario del ejido de Bacalar, Louis Chimal Balam, en su poblaci\u00f3n hay 27 kil\u00f3metros por donde pasar\u00e1 el ferrocarril, en los que no existe el derecho de v\u00eda para construir las l\u00edneas f\u00e9rreas necesarias.<\/p>\n<p>La investigaci\u00f3n cartogr\u00e1fica, realizada por el colectivo de ge\u00f3grafos Geocomunes y el Consejo Civil Mexicano para la Silvicultura Sostenible, revel\u00f3 que 330 kil\u00f3metros, 34% de los casi mil donde no hay rieles construidos, no cuentan con derecho de v\u00eda.<\/p>\n<p>Los caminos y su infraestructura para el Tren Maya, de acuerdo con los contratos que est\u00e1 licitando el Fonatur, requerir\u00e1n de 40 metros de ancho, por lo que se calcula que har\u00e1n falta mil 316 hect\u00e1reas para que la administraci\u00f3n federal obtenga ese derecho de v\u00eda y pueda construir los rieles del megaproyecto, de \u00e9stas, 943 son de propiedad ejidal, lo que afecta a 40 ejidos de Yucat\u00e1n, Quintana Roo y Campeche.<\/p>\n<p style=\"text-align: center;\"><strong>Nadie sabe o dice la verdad<\/strong><\/p>\n<p>En el asunto del derecho de v\u00eda nada est\u00e1 claro, bueno, en casi todo respecto al Tren Maya, pues Fonatur, en diciembre de 2018, aseguraba que contaban con 95% del derecho de v\u00eda, pero en mayo de este a\u00f1o la misma instituci\u00f3n sostuvo que faltaba de 5% a 8%, que van de 80 a 100 kil\u00f3metros. Antes, en agosto de 2018, el hoy titular de la Secretar\u00eda de Comunicaciones y Transportes, Javier Jim\u00e9nez Espri\u00fa, afirm\u00f3 que se contaba con la mitad de los derechos de v\u00eda.<\/p>\n<p>En diciembre, el gobernador de Quintana Roo, Carlos Joaqu\u00edn Gonz\u00e1lez, asegur\u00f3 que el proyecto no contaba con los derechos de v\u00eda en el estado.<\/p>\n<p style=\"text-align: center;\"><strong>Riesgo de expropiaci\u00f3n<\/strong><\/p>\n<p>El ejido que representa Chimal Balam es una de las ubicaciones escogidas para albergar una de las estaciones del Tren Maya. El esquema que se ha planteado para asociar a los ejidatarios al megaproyecto es un fideicomiso de inversi\u00f3n y bienes ra\u00edces, en el que ellos aportan las tierras a cambio de acciones y los desarrollos inmobiliarios y tur\u00edsticos corren a cargo de empresas privadas.<\/p>\n<p>El reclamo de los ejidatarios es que, seg\u00fan Fonatur, todos ser\u00e1n parte del proyecto del que empezar\u00e1n a obtener ganancias dentro de 10 a\u00f1os, cosa que no les parece nada atractiva, sin embargo, el director de Fonatur, Jim\u00e9nez Pons, dijo que solicitar\u00e1n una partida de 2 mil millones de pesos a la Secretar\u00eda de Hacienda y Cr\u00e9dito P\u00fablico para el pago de derecho de v\u00eda, principalmente antiguo, en las comunidades donde pasar\u00e1 la obra, por lo que, de no llegar a un acuerdo con los due\u00f1os, el gobierno federal podr\u00eda expropiar la v\u00eda por ser \u201cde utilidad p\u00fablica\u201d, de acuerdo con la Ley Reglamentaria de Servicio Ferroviario.<\/p>\n","protected":false},"excerpt":{"rendered":"<p><span style=\"color: #005497;\"><strong>Derecho de r\u00e9plica<\/strong><\/span><\/p>\n","protected":false},"author":3,"featured_media":0,"comment_status":"open","ping_status":"open","sticky":false,"template":"","format":"standard","meta":{"_monsterinsights_skip_tracking":false,"_monsterinsights_sitenote_active":false,"_monsterinsights_sitenote_note":"","_monsterinsights_sitenote_category":0,"footnotes":""},"categories":[62907],"tags":[47840,43674],"class_list":["post-436232","post","type-post","status-publish","format-standard","hentry","category-derecho-de-replica","tag-derecho-de-replica","tag-opinion"],"_links":{"self":[{"href":"https:\/\/www.diarioimagen.net\/index.php?rest_route=\/wp\/v2\/posts\/436232","targetHints":{"allow":["GET"]}}],"collection":[{"href":"https:\/\/www.diarioimagen.net\/index.php?rest_route=\/wp\/v2\/posts"}],"about":[{"href":"https:\/\/www.diarioimagen.net\/index.php?rest_route=\/wp\/v2\/types\/post"}],"author":[{"embeddable":true,"href":"https:\/\/www.diarioimagen.net\/index.php?rest_route=\/wp\/v2\/users\/3"}],"replies":[{"embeddable":true,"href":"https:\/\/www.diarioimagen.net\/index.php?rest_route=%2Fwp%2Fv2%2Fcomments&post=436232"}],"version-history":[{"count":0,"href":"https:\/\/www.diarioimagen.net\/index.php?rest_route=\/wp\/v2\/posts\/436232\/revisions"}],"wp:attachment":[{"href":"https:\/\/www.diarioimagen.net\/index.php?rest_route=%2Fwp%2Fv2%2Fmedia&parent=436232"}],"wp:term":[{"taxonomy":"category","embeddable":true,"href":"https:\/\/www.diarioimagen.net\/index.php?rest_route=%2Fwp%2Fv2%2Fcategories&post=436232"},{"taxonomy":"post_tag","embeddable":true,"href":"https:\/\/www.diarioimagen.net\/index.php?rest_route=%2Fwp%2Fv2%2Ftags&post=436232"}],"curies":[{"name":"wp","href":"https:\/\/api.w.org\/{rel}","templated":true}]}}