{"id":436255,"date":"2019-07-23T00:17:39","date_gmt":"2019-07-23T05:17:39","guid":{"rendered":"https:\/\/www.diarioimagen.net\/?p=436255"},"modified":"2019-07-24T03:11:42","modified_gmt":"2019-07-24T08:11:42","slug":"ley-bonilla-del-albazo-al-cadalso","status":"publish","type":"post","link":"https:\/\/www.diarioimagen.net\/?p=436255","title":{"rendered":"Ley Bonilla, del albazo al cadalso"},"content":{"rendered":"<h2>Caleidoscopio<\/h2>\n<h5>Guillermina G\u00f3mora Ord\u00f3\u00f1ez<\/h5>\n<p>&nbsp;<\/p>\n<p>A Jaime Bonilla, gobernador electo de Baja California, podr\u00edan aplicarle en los pr\u00f3ximos d\u00edas la consigna futbolera: \u201cfue suya y la dej\u00f3 ir\u201d. S\u00ed, la <em>chicanada<\/em> del Congreso local de ampliar de dos a cinco a\u00f1os su periodo de gobierno y su necedad de aprobarla, le costar\u00e1 el cargo por ser ilegal e inconstitucional.<\/p>\n<p>La ambici\u00f3n del candidato a la gubernatura por Morena, ech\u00f3 por la borda el triunfo obtenido en las urnas y el respaldo de su amigo, el <strong>presidente Andr\u00e9s Manuel L\u00f3pez Obrador<\/strong>, al violar uno de sus m\u00e1ximos preceptos: No mentir, no robar y no traicionar.<\/p>\n<p>\u201cMi opini\u00f3n es que la autoridad resuelva con libertad\u2026 Entiendo que hay una denuncia, sobre esto, que se considera inapropiado o antidemocr\u00e1tico, para no decir ilegal\u201d, dijo AMLO.<\/p>\n<p>En efecto, Bonilla minti\u00f3 y traicion\u00f3 a sus electores, que votaron por un periodo de dos a\u00f1os. Adem\u00e1s, al mandatario electo se le acusa de comprar a 21 legisladores, (un mill\u00f3n de d\u00f3lares por cabeza) para quedarse por un periodo de cinco a\u00f1os. \u00bfQui\u00e9n fonde\u00f3?<\/p>\n<p>Una de las voces m\u00e1s cr\u00edticas a la reforma ha sido la de <strong>Cuauht\u00e9moc C\u00e1rdenas<\/strong>: \u201cSi esta reforma que ampl\u00eda el mandato de un gobernador no se echa abajo, tanto en la ley como en la pr\u00e1ctica, se estar\u00eda creando un grave antecedente para nuestra vida republicana y democr\u00e1tica\u201d.<\/p>\n<p>Por su parte, la <strong>secretaria de Gobernaci\u00f3n, Olga S\u00e1nchez Cordero<\/strong>, fue clara al se\u00f1alar: \u201ces una reforma inconstitucional\u201d, y \u201cser\u00e9 absolutamente respetuosa del Congreso local, de los partidos que van a interponer las acciones de inconstitucionalidad, y por supuesto de lo que en su momento resuelva la Suprema Corte\u201d.<\/p>\n<p>S\u00ed, el caso lleg\u00f3 a tribunales, la dirigencia del <strong>PRD<\/strong> present\u00f3 una denuncia ante la <strong>Fiscal\u00eda General de la Rep\u00fablica<\/strong> por los supuestos sobornos que recibieron los diputados de Baja California para reformar la Constituci\u00f3n. Incluso, el <strong>alcalde de Mexicali, Gustavo S\u00e1nchez<\/strong>, interpuso una controversia constitucional ante la Suprema Corte de Justicia de la Naci\u00f3n por la ampliaci\u00f3n del periodo de gobierno en Baja California.<\/p>\n<p>Tambi\u00e9n, en el Congreso, la <strong>Ley Bonilla<\/strong> uni\u00f3 a los ocho grupos parlamentarios representados en la Comisi\u00f3n Permanente; aprobaron un punto de acuerdo por unanimidad en contra de la reforma aprobada por el Congreso de Baja California para ampliar el mandato de dos a cinco a\u00f1os.<\/p>\n<p><strong>Dami\u00e1n Zepeda, senador del PAN<\/strong>, advirti\u00f3 \u201ces un gobernador que, si entra, va a llegar deslegitimado\u2026 Es ilegal lo que hicieron y lo saben. Entiendo lo de la autonom\u00eda del Legislativo, pero en este caso hay dolo\u2026 Lo vamos a impugnar. Tenemos que evitar el precedente a nivel nacional\u201d.<\/p>\n<p>Sin embargo, el gobernador electo de Baja California, Jaime Bonilla, pidi\u00f3 a los legisladores federales \u201crespeto total a la soberan\u00eda de su estado\u201d por la ampliaci\u00f3n a su mandato. \u00a1Vaya cinismo!, ni rumbo al cadalso renuncia a la tentaci\u00f3n de usar el poder pol\u00edtico para crear leyes a modo.<\/p>\n<p>Bonilla olvida o ignora, a su conveniencia, que forma parte del proyecto pol\u00edtico de la #4T, y que sus ambiciones pol\u00edticas violan el estado de Derecho y afectan el endeble sistema democr\u00e1tico del pa\u00eds.<\/p>\n<p>Baja California, s\u00edmbolo y referente de la alternancia en el poder, podr\u00eda convertirse en un ejemplo de autoritarismo y abuso contra el respeto al sufragio y la legalidad. Un mal precedente para el tema de revocaci\u00f3n de mandato que, en el Senado, Morena busca aprobar en septiembre por mayor\u00eda calificada.<\/p>\n<p>&nbsp;<\/p>\n<p style=\"text-align: center;\"><strong>VERICUENTOS<\/strong><\/p>\n<p style=\"text-align: center;\"><strong>Monreal vs pr\u00e9stamos \u201cgota a gota\u201d<\/strong><\/p>\n<p>\u00a1Por fin!, decidieron enfrentar a la mafia que extorsiona a miles de mexicanos. El <strong>senador Ricardo Monreal, presidente de la Jucopo<\/strong>, presentar\u00e1 ante la Comisi\u00f3n Permanente una iniciativa para modificar diversos art\u00edculos del C\u00f3digo Penal Federal y de la Ley de Instituciones Financieras para tipificar como delito los pr\u00e9stamos indebidos, conocidos como \u201cgota a gota\u201d, asociados con la usura, robo, extorsi\u00f3n y lavado de dinero. El gobierno de la Ciudad de M\u00e9xico revel\u00f3 que la red de prestamistas gota-gota est\u00e1 integrada por cerca de mil 500 sudamericanos que llegaron como turistas y que desde 2015 operan en mercados y peque\u00f1os comercios. C\u00e1rcel para estos vividores. <strong>\u00a1Vientos!<\/strong><\/p>\n<p style=\"text-align: center;\"><strong>Reforma educativa, a la carta<\/strong><\/p>\n<p>En materia educativa predomina el s\u00edndrome de la <em>chimoltrufia<\/em>, pues mientras la <strong>presidenta de la Comisi\u00f3n de Educaci\u00f3n de la C\u00e1mara de Diputados, Adela Pi\u00f1a, <\/strong>afirma que las leyes secundarias de la reforma educativa quedar\u00e1n blindadas para evitar la venta, herencia y tr\u00e1fico con las plazas magisteriales, en el anteproyecto de la Ley General del Sistema para la Carrera de las Maestras y los Maestros,\u00a0 se prev\u00e9 que en la asignaci\u00f3n de plazas la SEP consultar\u00e1 con las autoridades educativas locales y tambi\u00e9n con las \u201crepresentaciones sindicales\u201d, quienes\u00a0 podr\u00e1n hacer observaciones (recomendaciones), y que los egresados de las Escuelas Normales p\u00fablicas, tendr\u00e1n prioridad. <strong>\u00a1Qu\u00e9 alguien me explique!<\/strong><\/p>\n<p><em><a href=\"mailto:guillegomora@hotmail.com\" target=\"_blank\" rel=\"noopener noreferrer\">guillegomora@hotmail.com<\/a><br \/>\n<i><\/i><a href=\"https:\/\/twitter.com\/guillegomora?lang=es\" target=\"_blank\" rel=\"noopener noreferrer\"><i>@guillegomora<\/i><\/a><\/em><\/p>\n","protected":false},"excerpt":{"rendered":"<p><span style=\"color: #005497;\"><strong>Guillermina G\u00f3mora Ord\u00f3\u00f1ez<\/strong><\/span><\/p>\n","protected":false},"author":3,"featured_media":0,"comment_status":"open","ping_status":"open","sticky":false,"template":"","format":"standard","meta":{"_monsterinsights_skip_tracking":false,"_monsterinsights_sitenote_active":false,"_monsterinsights_sitenote_note":"","_monsterinsights_sitenote_category":0,"footnotes":""},"categories":[58361],"tags":[58362,58363,43674],"class_list":["post-436255","post","type-post","status-publish","format-standard","hentry","category-guillermina-gomora-ordonez","tag-caleidoscopio","tag-guillermina-gomora-ordonez","tag-opinion"],"_links":{"self":[{"href":"https:\/\/www.diarioimagen.net\/index.php?rest_route=\/wp\/v2\/posts\/436255","targetHints":{"allow":["GET"]}}],"collection":[{"href":"https:\/\/www.diarioimagen.net\/index.php?rest_route=\/wp\/v2\/posts"}],"about":[{"href":"https:\/\/www.diarioimagen.net\/index.php?rest_route=\/wp\/v2\/types\/post"}],"author":[{"embeddable":true,"href":"https:\/\/www.diarioimagen.net\/index.php?rest_route=\/wp\/v2\/users\/3"}],"replies":[{"embeddable":true,"href":"https:\/\/www.diarioimagen.net\/index.php?rest_route=%2Fwp%2Fv2%2Fcomments&post=436255"}],"version-history":[{"count":0,"href":"https:\/\/www.diarioimagen.net\/index.php?rest_route=\/wp\/v2\/posts\/436255\/revisions"}],"wp:attachment":[{"href":"https:\/\/www.diarioimagen.net\/index.php?rest_route=%2Fwp%2Fv2%2Fmedia&parent=436255"}],"wp:term":[{"taxonomy":"category","embeddable":true,"href":"https:\/\/www.diarioimagen.net\/index.php?rest_route=%2Fwp%2Fv2%2Fcategories&post=436255"},{"taxonomy":"post_tag","embeddable":true,"href":"https:\/\/www.diarioimagen.net\/index.php?rest_route=%2Fwp%2Fv2%2Ftags&post=436255"}],"curies":[{"name":"wp","href":"https:\/\/api.w.org\/{rel}","templated":true}]}}