{"id":436369,"date":"2019-07-24T00:09:22","date_gmt":"2019-07-24T05:09:22","guid":{"rendered":"https:\/\/www.diarioimagen.net\/?p=436369"},"modified":"2019-07-24T06:42:15","modified_gmt":"2019-07-24T11:42:15","slug":"municipios-deben-recuperar-y-fortalecer-su-capacidad-legal-y-operativa-experto-de-uaem","status":"publish","type":"post","link":"https:\/\/www.diarioimagen.net\/?p=436369","title":{"rendered":"Municipios deben recuperar y fortalecer su capacidad legal y operativa: experto de UAEM"},"content":{"rendered":"<ul>\n<li><strong><em>Ante el crecimiento desorganizado de ciudades<\/em><\/strong><\/li>\n<\/ul>\n<p>&nbsp;<\/p>\n<div id=\"attachment_436444\" style=\"width: 470px\" class=\"wp-caption aligncenter\"><a href=\"https:\/\/www.diarioimagen.net\/?attachment_id=436444\" rel=\"attachment wp-att-436444\"><img loading=\"lazy\" decoding=\"async\" aria-describedby=\"caption-attachment-436444\" class=\"size-large wp-image-436444\" src=\"https:\/\/www.diarioimagen.net\/wp-content\/uploads\/2019\/07\/UAEM24-460x259.jpg\" alt=\"\" width=\"460\" height=\"259\" srcset=\"https:\/\/www.diarioimagen.net\/wp-content\/uploads\/2019\/07\/UAEM24-460x259.jpg 460w, https:\/\/www.diarioimagen.net\/wp-content\/uploads\/2019\/07\/UAEM24-240x135.jpg 240w, https:\/\/www.diarioimagen.net\/wp-content\/uploads\/2019\/07\/UAEM24-235x132.jpg 235w, https:\/\/www.diarioimagen.net\/wp-content\/uploads\/2019\/07\/UAEM24-202x114.jpg 202w, https:\/\/www.diarioimagen.net\/wp-content\/uploads\/2019\/07\/UAEM24-350x196.jpg 350w, https:\/\/www.diarioimagen.net\/wp-content\/uploads\/2019\/07\/UAEM24-220x123.jpg 220w, https:\/\/www.diarioimagen.net\/wp-content\/uploads\/2019\/07\/UAEM24-237x132.jpg 237w, https:\/\/www.diarioimagen.net\/wp-content\/uploads\/2019\/07\/UAEM24.jpg 480w\" sizes=\"auto, (max-width: 460px) 100vw, 460px\" \/><\/a><p id=\"caption-attachment-436444\" class=\"wp-caption-text\">Ante la saturaci\u00f3n de vialidades y la falta de planeaci\u00f3n de nuevas rutas, exigen que las administraciones municipales recuperen y fortalezcan su capacidad legal y operativa.<\/p><\/div>\n<p>&nbsp;<\/p>\n<p><strong>Toluca, Estado de M\u00e9xico<\/strong>.\u2013 El crecimiento desorganizado de las ciudades, la ocupaci\u00f3n informal del suelo, la saturaci\u00f3n de vialidades y la falta de planeaci\u00f3n de nuevas rutas, entre otras problem\u00e1ticas de las zonas urbanas, exigen que las administraciones municipales recuperen y fortalezcan su capacidad legal y operativa, sostuvo el investigador de la Universidad Aut\u00f3noma del Estado de M\u00e9xico, Sergio Rivera Morales.<\/p>\n<p>El subdirector administrativo de la Facultad de Planeaci\u00f3n Urbana y Regional de la UAEM detall\u00f3 que la administraci\u00f3n del suelo urbano es una facultad conferida a los municipios; sin embargo, existen factores estructurales y directos que limitan su actuaci\u00f3n e impiden cumplir con la normatividad.<\/p>\n<p>Al dictar la conferencia magistral \u201cEvaluaci\u00f3n de la capacidad institucional, clave para administrar el suelo urbano municipal\u201d, el experto precis\u00f3 que aspectos como el crecimiento urbano a inicios del siglo pasado, la carencia de recursos y los periodos cortos de las administraciones municipales, as\u00ed como una desarticulaci\u00f3n del mercado con las pol\u00edticas p\u00fablicas, repercutieron en las zonas urbanizadas.<\/p>\n<p>El investigador universitario desarroll\u00f3 un an\u00e1lisis sobre la estructura administrativa de los ayuntamientos, en el que consider\u00f3 elementos como los recursos disponibles, condiciones laborales, conocimiento de manuales de procedimiento y operaci\u00f3n, contar con planes de trabajo, la relaci\u00f3n con otros \u00e1mbitos del gobierno y las capacidades reales de los tomadores de decisiones, entre otras funciones.<\/p>\n<p>Sergio Rivera Morales se\u00f1al\u00f3 que el cumplimiento de las pol\u00edticas p\u00fablicas que se plantean los gobiernos municipales depende de la capacidad operativa de una burocracia, su independencia de otras influencias, as\u00ed como un sistema judicial fortalecido que haga cumplir las normas.<\/p>\n","protected":false},"excerpt":{"rendered":"<p>El crecimiento desorganizado de las ciudades, la ocupaci\u00f3n informal del suelo, la saturaci\u00f3n de vialidades y la falta de planeaci\u00f3n de nuevas rutas, entre otras problem\u00e1ticas de las zonas urbanas, exigen que las administraciones municipales recuperen y fortalezcan su capacidad legal y operativa, sostuvo el investigador de la Universidad Aut\u00f3noma del Estado de M\u00e9xico, Sergio Rivera Morales.\u00a0<\/p>\n","protected":false},"author":3,"featured_media":436444,"comment_status":"open","ping_status":"open","sticky":false,"template":"","format":"standard","meta":{"_monsterinsights_skip_tracking":false,"_monsterinsights_sitenote_active":false,"_monsterinsights_sitenote_note":"","_monsterinsights_sitenote_category":0,"footnotes":""},"categories":[5],"tags":[24428,43675,452,1491],"class_list":["post-436369","post","type-post","status-publish","format-standard","has-post-thumbnail","hentry","category-estado-de-mexico","tag-capacidad","tag-estado-de-mexico","tag-toluca","tag-uaem"],"_links":{"self":[{"href":"https:\/\/www.diarioimagen.net\/index.php?rest_route=\/wp\/v2\/posts\/436369","targetHints":{"allow":["GET"]}}],"collection":[{"href":"https:\/\/www.diarioimagen.net\/index.php?rest_route=\/wp\/v2\/posts"}],"about":[{"href":"https:\/\/www.diarioimagen.net\/index.php?rest_route=\/wp\/v2\/types\/post"}],"author":[{"embeddable":true,"href":"https:\/\/www.diarioimagen.net\/index.php?rest_route=\/wp\/v2\/users\/3"}],"replies":[{"embeddable":true,"href":"https:\/\/www.diarioimagen.net\/index.php?rest_route=%2Fwp%2Fv2%2Fcomments&post=436369"}],"version-history":[{"count":0,"href":"https:\/\/www.diarioimagen.net\/index.php?rest_route=\/wp\/v2\/posts\/436369\/revisions"}],"wp:featuredmedia":[{"embeddable":true,"href":"https:\/\/www.diarioimagen.net\/index.php?rest_route=\/wp\/v2\/media\/436444"}],"wp:attachment":[{"href":"https:\/\/www.diarioimagen.net\/index.php?rest_route=%2Fwp%2Fv2%2Fmedia&parent=436369"}],"wp:term":[{"taxonomy":"category","embeddable":true,"href":"https:\/\/www.diarioimagen.net\/index.php?rest_route=%2Fwp%2Fv2%2Fcategories&post=436369"},{"taxonomy":"post_tag","embeddable":true,"href":"https:\/\/www.diarioimagen.net\/index.php?rest_route=%2Fwp%2Fv2%2Ftags&post=436369"}],"curies":[{"name":"wp","href":"https:\/\/api.w.org\/{rel}","templated":true}]}}