{"id":436375,"date":"2019-07-24T00:07:05","date_gmt":"2019-07-24T05:07:05","guid":{"rendered":"https:\/\/www.diarioimagen.net\/?p=436375"},"modified":"2019-07-24T06:48:56","modified_gmt":"2019-07-24T11:48:56","slug":"atizapan-sede-de-la-primera-feria-de-proteccion-civil-en-tu-comunidad","status":"publish","type":"post","link":"https:\/\/www.diarioimagen.net\/?p=436375","title":{"rendered":"Atizap\u00e1n, sede de la \u201cPrimera Feria de Protecci\u00f3n Civil en tu Comunidad\u201d"},"content":{"rendered":"<ul>\n<li><strong><em>Parte del programa federal \u201cConstruyendo Comunidades Resilientes\u201d<\/em><\/strong><\/li>\n<\/ul>\n<p>&nbsp;<\/p>\n<div id=\"attachment_436450\" style=\"width: 470px\" class=\"wp-caption aligncenter\"><a href=\"https:\/\/www.diarioimagen.net\/?attachment_id=436450\" rel=\"attachment wp-att-436450\"><img loading=\"lazy\" decoding=\"async\" aria-describedby=\"caption-attachment-436450\" class=\"size-large wp-image-436450\" src=\"https:\/\/www.diarioimagen.net\/wp-content\/uploads\/2019\/07\/ATIZAPN-460x259.jpg\" alt=\"\" width=\"460\" height=\"259\" srcset=\"https:\/\/www.diarioimagen.net\/wp-content\/uploads\/2019\/07\/ATIZAPN-460x259.jpg 460w, https:\/\/www.diarioimagen.net\/wp-content\/uploads\/2019\/07\/ATIZAPN-240x135.jpg 240w, https:\/\/www.diarioimagen.net\/wp-content\/uploads\/2019\/07\/ATIZAPN-235x132.jpg 235w, https:\/\/www.diarioimagen.net\/wp-content\/uploads\/2019\/07\/ATIZAPN-202x114.jpg 202w, https:\/\/www.diarioimagen.net\/wp-content\/uploads\/2019\/07\/ATIZAPN-350x196.jpg 350w, https:\/\/www.diarioimagen.net\/wp-content\/uploads\/2019\/07\/ATIZAPN-220x123.jpg 220w, https:\/\/www.diarioimagen.net\/wp-content\/uploads\/2019\/07\/ATIZAPN-237x132.jpg 237w, https:\/\/www.diarioimagen.net\/wp-content\/uploads\/2019\/07\/ATIZAPN.jpg 480w\" sizes=\"auto, (max-width: 460px) 100vw, 460px\" \/><\/a><p id=\"caption-attachment-436450\" class=\"wp-caption-text\">La alcaldesa Ruth Olvera agradeci\u00f3 a las autoridades federales el honor que le otorgaron a Atizap\u00e1n para formar parte de \u201cConstruyendo Comunidades Resilientes\u201d.<\/p><\/div>\n<p>&nbsp;<\/p>\n<p><strong>Atizap\u00e1n, Estado de M\u00e9xico<\/strong>.- Este municipio fue sede de la \u201cPrimera Feria de Protecci\u00f3n Civil en tu Comunidad\u201d, que forma parte del programa federal \u201cConstruyendo Comunidades Resilientes\u201d, de la Coordinaci\u00f3n Nacional de Protecci\u00f3n Civil (CNPC), a fin de fortalecer la cultura en la prevenci\u00f3n de desastres e impactar en una primera etapa a las 100 poblaciones m\u00e1s vulnerables del pa\u00eds.<\/p>\n<p>La alcaldesa, Ruth Olvera Nieto, agradeci\u00f3 a las autoridades federales el honor que le otorgaron a Atizap\u00e1n para ser el primero en recibir este modelo preparativo que ofrece actividades culturales, formativas, tem\u00e1ticas y recreativas en la educaci\u00f3n de Protecci\u00f3n Civil (PC), en coordinaci\u00f3n con universidades, iniciativa privada y sociedad.<\/p>\n<p>En compa\u00f1\u00eda de los coordinadores nacional y estatal de PC, David Le\u00f3n Romero y Luis Felipe Puente Espinosa, respectivamente, as\u00ed como diputados federales y locales, la edil se\u00f1al\u00f3 que el municipio est\u00e1 comprometido para reforzar acciones en el tema y promover una cultura que \u201cnos permita ser mejores ciudadanos y cuidar el medio ambiente\u201d.<\/p>\n<p>David Le\u00f3n apunt\u00f3 que la CNPC siempre se esforzar\u00e1 por cuidar lo m\u00e1s valioso que tiene el pa\u00eds: su gente. \u201cY las ferias les brindar\u00e1n las herramientas que permitan salvaguardar su vida, posesiones y entorno frente a los riesgos de fen\u00f3menos naturales y humanos\u201d.<\/p>\n<p>Tras agradecer y hacer un reconocimiento a las labores de los bomberos, rescatistas, polic\u00edas, soldados, enfermeras, marinos, y quienes integran los equipos de auxilio, \u201cque nos rescatan y atienden en momentos de mayor complicaci\u00f3n\u201d, David Le\u00f3n apunt\u00f3 que la PC es una responsabilidad de todos.<\/p>\n<p>Posteriormente, autoridades de los tres niveles de gobierno entregaron uniformes completos a apagafuegos, cortaron el list\u00f3n inaugural de la Feria de Protecci\u00f3n Civil y conocieron las seis nuevas unidades vehiculares que se integraron a la Direcci\u00f3n de Protecci\u00f3n Civil y Bomberos municipal, a cargo de Carlos Alc\u00e1ntara Salinas: un cami\u00f3n de bombero escala, dos pipas y tres ambulancias.<\/p>\n<p>Con diversas actividades participaron en la feria: SAPASA y DIF municipal, las comisiones de Derechos Humanos nacional y local, Centro de Integraci\u00f3n Juvenil, Scouts M\u00e9xico, Bimbo, Heineken, Secretar\u00eda del Trabajo y Previsi\u00f3n Social, Instituto Polit\u00e9cnico Nacional, Tecnol\u00f3gico de Monterrey, Protecci\u00f3n Civil nacional, estatal y municipal, entre los que se encontraron Atizap\u00e1n, Naucalpan, Tlalnepantla, Jilotepec y Nicol\u00e1s Romero.<\/p>\n","protected":false},"excerpt":{"rendered":"<p>Este municipio fue sede de la \u201cPrimera Feria de Protecci\u00f3n Civil en tu Comunidad\u201d, que forma parte del programa federal \u201cConstruyendo Comunidades Resilientes\u201d, de la Coordinaci\u00f3n Nacional de Protecci\u00f3n Civil (CNPC), a fin de fortalecer la cultura en la prevenci\u00f3n de desastres e impactar en una primera etapa a las 100 poblaciones m\u00e1s vulnerables del pa\u00eds.<\/p>\n","protected":false},"author":3,"featured_media":436450,"comment_status":"open","ping_status":"open","sticky":false,"template":"","format":"standard","meta":{"_monsterinsights_skip_tracking":false,"_monsterinsights_sitenote_active":false,"_monsterinsights_sitenote_note":"","_monsterinsights_sitenote_category":0,"footnotes":""},"categories":[5],"tags":[969,43675,86876],"class_list":["post-436375","post","type-post","status-publish","format-standard","has-post-thumbnail","hentry","category-estado-de-mexico","tag-atizapan","tag-estado-de-mexico","tag-feria-de-proteccion-civil"],"_links":{"self":[{"href":"https:\/\/www.diarioimagen.net\/index.php?rest_route=\/wp\/v2\/posts\/436375","targetHints":{"allow":["GET"]}}],"collection":[{"href":"https:\/\/www.diarioimagen.net\/index.php?rest_route=\/wp\/v2\/posts"}],"about":[{"href":"https:\/\/www.diarioimagen.net\/index.php?rest_route=\/wp\/v2\/types\/post"}],"author":[{"embeddable":true,"href":"https:\/\/www.diarioimagen.net\/index.php?rest_route=\/wp\/v2\/users\/3"}],"replies":[{"embeddable":true,"href":"https:\/\/www.diarioimagen.net\/index.php?rest_route=%2Fwp%2Fv2%2Fcomments&post=436375"}],"version-history":[{"count":0,"href":"https:\/\/www.diarioimagen.net\/index.php?rest_route=\/wp\/v2\/posts\/436375\/revisions"}],"wp:featuredmedia":[{"embeddable":true,"href":"https:\/\/www.diarioimagen.net\/index.php?rest_route=\/wp\/v2\/media\/436450"}],"wp:attachment":[{"href":"https:\/\/www.diarioimagen.net\/index.php?rest_route=%2Fwp%2Fv2%2Fmedia&parent=436375"}],"wp:term":[{"taxonomy":"category","embeddable":true,"href":"https:\/\/www.diarioimagen.net\/index.php?rest_route=%2Fwp%2Fv2%2Fcategories&post=436375"},{"taxonomy":"post_tag","embeddable":true,"href":"https:\/\/www.diarioimagen.net\/index.php?rest_route=%2Fwp%2Fv2%2Ftags&post=436375"}],"curies":[{"name":"wp","href":"https:\/\/api.w.org\/{rel}","templated":true}]}}