{"id":436379,"date":"2019-07-24T00:06:34","date_gmt":"2019-07-24T05:06:34","guid":{"rendered":"https:\/\/www.diarioimagen.net\/?p=436379"},"modified":"2019-07-24T06:50:18","modified_gmt":"2019-07-24T11:50:18","slug":"feria-itinerante-del-empleo-construyendo-confianza-en-tu-comunidad-en-naucalpan","status":"publish","type":"post","link":"https:\/\/www.diarioimagen.net\/?p=436379","title":{"rendered":"Feria Itinerante del Empleo \u201cConstruyendo Confianza en tu Comunidad\u201d, en Naucalpan"},"content":{"rendered":"<ul>\n<li><strong><em>Se ofertaron 2 mil 76 plazas<\/em><\/strong><\/li>\n<\/ul>\n<p>&nbsp;<\/p>\n<div id=\"attachment_436453\" style=\"width: 470px\" class=\"wp-caption aligncenter\"><a href=\"https:\/\/www.diarioimagen.net\/?attachment_id=436453\" rel=\"attachment wp-att-436453\"><img loading=\"lazy\" decoding=\"async\" aria-describedby=\"caption-attachment-436453\" class=\"size-large wp-image-436453\" src=\"https:\/\/www.diarioimagen.net\/wp-content\/uploads\/2019\/07\/NAUCALPAN-3-460x259.jpg\" alt=\"\" width=\"460\" height=\"259\" srcset=\"https:\/\/www.diarioimagen.net\/wp-content\/uploads\/2019\/07\/NAUCALPAN-3-460x259.jpg 460w, https:\/\/www.diarioimagen.net\/wp-content\/uploads\/2019\/07\/NAUCALPAN-3-240x135.jpg 240w, https:\/\/www.diarioimagen.net\/wp-content\/uploads\/2019\/07\/NAUCALPAN-3-235x132.jpg 235w, https:\/\/www.diarioimagen.net\/wp-content\/uploads\/2019\/07\/NAUCALPAN-3-202x114.jpg 202w, https:\/\/www.diarioimagen.net\/wp-content\/uploads\/2019\/07\/NAUCALPAN-3-350x196.jpg 350w, https:\/\/www.diarioimagen.net\/wp-content\/uploads\/2019\/07\/NAUCALPAN-3-220x123.jpg 220w, https:\/\/www.diarioimagen.net\/wp-content\/uploads\/2019\/07\/NAUCALPAN-3-237x132.jpg 237w, https:\/\/www.diarioimagen.net\/wp-content\/uploads\/2019\/07\/NAUCALPAN-3.jpg 480w\" sizes=\"auto, (max-width: 460px) 100vw, 460px\" \/><\/a><p id=\"caption-attachment-436453\" class=\"wp-caption-text\">La Secretar\u00eda de Desarrollo Econ\u00f3mico llev\u00f3 a cabo la Feria Itinerante del Empleo \u201cConstruyendo Confianza en tu Comunidad\u201d, con 2 mil 76 plazas.<\/p><\/div>\n<p>&nbsp;<\/p>\n<p><strong>Naucalpan, Estado de M\u00e9xico<\/strong>.- Con la participaci\u00f3n de m\u00e1s de 90 empresas, el gobierno municipal, a trav\u00e9s de la Secretar\u00eda de Desarrollo Econ\u00f3mico, llev\u00f3 a cabo la Feria Itinerante del Empleo \u201cConstruyendo Confianza en tu Comunidad\u201d, donde se ofertaron 2 mil 76 plazas.<\/p>\n<p>El Parque Revoluci\u00f3n fue el espacio donde empresas como Walmart, Telcel, Unefon, Comex, Chedraui, Grupo Modelo, entre otras, instalaron stands en los que se pod\u00edan encontrar vacantes operativas, administrativas y ejecutivas. Los asistentes recibieron informaci\u00f3n sobre cada vacante, y en su caso, aplicaron para las plazas que m\u00e1s se adaptaron a su perfil.<\/p>\n<p>En esta feria tambi\u00e9n se brind\u00f3 orientaci\u00f3n sobre el Sistema Municipal de Microcr\u00e9ditos, a trav\u00e9s del cual se brinda apoyo a los naucalpenses para que emprendan, consoliden o ampl\u00eden su negocio.<\/p>\n<p>Al respecto, Ver\u00f3nica Guevara, directora del Departamento de Promoci\u00f3n al Empleo y Mipymes en Naucalpan, explic\u00f3 que el car\u00e1cter itinerante de este programa permite acercar oportunidades laborales a los naucalpenses hasta las comunidades, generando un ahorro para los ciudadanos.<\/p>\n<p>\u201cEstaremos en diferentes puntos del municipio, acercando oportunidades de empleo, que no solamente son de car\u00e1cter operativo, pues tambi\u00e9n se ofertan vacantes administrativas, cargos medios y superiores, jefaturas, gerencias e incluso contamos con algunas que son para el extranjero\u201d.<\/p>\n<p>Claudia Hern\u00e1ndez, quien tiene 22 a\u00f1os y vive en San Mateo Nopala, opin\u00f3 que este servicio de vinculaci\u00f3n directa entre empresas y buscadores de empleo da certeza a los ciudadanos sobre la veracidad de los empleadores. Coment\u00f3 que anteriormente ha realizado b\u00fasquedas de trabajo en portales de internet con el temor de ser v\u00edctima de enga\u00f1os.<\/p>\n<p>\u201cEsta feria est\u00e1 muy bien, es una buena oportunidad para las personas que buscan trabajo, las empresas son reconocidas y te da m\u00e1s confianza porque tienes contacto cara a cara y sabes que no son fraudes\u201d.<\/p>\n<p>En pr\u00f3ximas fechas se llevar\u00e1 la Feria Itinerante del Empleo a la explanada del Palacio Municipal y a la colonia San Rafael Chamapa.<\/p>\n","protected":false},"excerpt":{"rendered":"<p>Con la participaci\u00f3n de m\u00e1s de 90 empresas, el gobierno municipal, a trav\u00e9s de la Secretar\u00eda de Desarrollo Econ\u00f3mico, llev\u00f3 a cabo la Feria Itinerante del Empleo \u201cConstruyendo Confianza en tu Comunidad\u201d, donde se ofertaron 2 mil 76 plazas.<\/p>\n","protected":false},"author":3,"featured_media":436453,"comment_status":"open","ping_status":"open","sticky":false,"template":"","format":"standard","meta":{"_monsterinsights_skip_tracking":false,"_monsterinsights_sitenote_active":false,"_monsterinsights_sitenote_note":"","_monsterinsights_sitenote_category":0,"footnotes":""},"categories":[5],"tags":[43675,86877,970],"class_list":["post-436379","post","type-post","status-publish","format-standard","has-post-thumbnail","hentry","category-estado-de-mexico","tag-estado-de-mexico","tag-feria-itinerante-del-empleo","tag-naucalpan"],"_links":{"self":[{"href":"https:\/\/www.diarioimagen.net\/index.php?rest_route=\/wp\/v2\/posts\/436379","targetHints":{"allow":["GET"]}}],"collection":[{"href":"https:\/\/www.diarioimagen.net\/index.php?rest_route=\/wp\/v2\/posts"}],"about":[{"href":"https:\/\/www.diarioimagen.net\/index.php?rest_route=\/wp\/v2\/types\/post"}],"author":[{"embeddable":true,"href":"https:\/\/www.diarioimagen.net\/index.php?rest_route=\/wp\/v2\/users\/3"}],"replies":[{"embeddable":true,"href":"https:\/\/www.diarioimagen.net\/index.php?rest_route=%2Fwp%2Fv2%2Fcomments&post=436379"}],"version-history":[{"count":0,"href":"https:\/\/www.diarioimagen.net\/index.php?rest_route=\/wp\/v2\/posts\/436379\/revisions"}],"wp:featuredmedia":[{"embeddable":true,"href":"https:\/\/www.diarioimagen.net\/index.php?rest_route=\/wp\/v2\/media\/436453"}],"wp:attachment":[{"href":"https:\/\/www.diarioimagen.net\/index.php?rest_route=%2Fwp%2Fv2%2Fmedia&parent=436379"}],"wp:term":[{"taxonomy":"category","embeddable":true,"href":"https:\/\/www.diarioimagen.net\/index.php?rest_route=%2Fwp%2Fv2%2Fcategories&post=436379"},{"taxonomy":"post_tag","embeddable":true,"href":"https:\/\/www.diarioimagen.net\/index.php?rest_route=%2Fwp%2Fv2%2Ftags&post=436379"}],"curies":[{"name":"wp","href":"https:\/\/api.w.org\/{rel}","templated":true}]}}