{"id":436550,"date":"2019-07-25T00:08:56","date_gmt":"2019-07-25T05:08:56","guid":{"rendered":"https:\/\/www.diarioimagen.net\/?p=436550"},"modified":"2019-07-25T05:35:57","modified_gmt":"2019-07-25T10:35:57","slug":"comunidad-de-facultad-de-medicina-de-uaem-se-capacita-en-reanimacion-cardiopulmonar-neonatal","status":"publish","type":"post","link":"https:\/\/www.diarioimagen.net\/?p=436550","title":{"rendered":"Comunidad de Facultad de Medicina de UAEM se capacita en reanimaci\u00f3n cardiopulmonar neonatal"},"content":{"rendered":"<ul>\n<li><strong><em>Fundamental para disminuir las tasas de mortalidad infantil\u00a0<\/em><\/strong><\/li>\n<\/ul>\n<p>&nbsp;<\/p>\n<div id=\"attachment_436608\" style=\"width: 470px\" class=\"wp-caption aligncenter\"><a href=\"https:\/\/www.diarioimagen.net\/?attachment_id=436608\" rel=\"attachment wp-att-436608\"><img loading=\"lazy\" decoding=\"async\" aria-describedby=\"caption-attachment-436608\" class=\"size-large wp-image-436608\" src=\"https:\/\/www.diarioimagen.net\/wp-content\/uploads\/2019\/07\/UAEM25-460x259.jpg\" alt=\"\" width=\"460\" height=\"259\" srcset=\"https:\/\/www.diarioimagen.net\/wp-content\/uploads\/2019\/07\/UAEM25-460x259.jpg 460w, https:\/\/www.diarioimagen.net\/wp-content\/uploads\/2019\/07\/UAEM25-240x135.jpg 240w, https:\/\/www.diarioimagen.net\/wp-content\/uploads\/2019\/07\/UAEM25-235x132.jpg 235w, https:\/\/www.diarioimagen.net\/wp-content\/uploads\/2019\/07\/UAEM25-202x114.jpg 202w, https:\/\/www.diarioimagen.net\/wp-content\/uploads\/2019\/07\/UAEM25-350x196.jpg 350w, https:\/\/www.diarioimagen.net\/wp-content\/uploads\/2019\/07\/UAEM25-220x123.jpg 220w, https:\/\/www.diarioimagen.net\/wp-content\/uploads\/2019\/07\/UAEM25-237x132.jpg 237w, https:\/\/www.diarioimagen.net\/wp-content\/uploads\/2019\/07\/UAEM25.jpg 480w\" sizes=\"auto, (max-width: 460px) 100vw, 460px\" \/><\/a><p id=\"caption-attachment-436608\" class=\"wp-caption-text\">Estudiantes del \u00faltimo semestre de la Licenciatura en M\u00e9dico Cirujano de la UAEM recibieron la Capacitaci\u00f3n en Reanimaci\u00f3n Cardiopulmonar Neonatal.<\/p><\/div>\n<p>&nbsp;<\/p>\n<p><strong>Toluca, Estado de M\u00e9xico<\/strong>.\u2013 Durante la \u00faltima d\u00e9cada y bajo est\u00e1ndares internacionales, la comunidad de la Facultad de Medicina de la Universidad Aut\u00f3noma del Estado de M\u00e9xico se ha capacitado en reanimaci\u00f3n cardiopulmonar neonatal, a trav\u00e9s 42 cursos y talleres.<\/p>\n<p>Juan Manuel Alan\u00eds Tavira, presidente fundador de la Asociaci\u00f3n de Neonatolog\u00eda del Estado de M\u00e9xico (ANEM), instancia que capacita a los universitarios, indic\u00f3 que, en M\u00e9xico, dos terceras partes de las defunciones de infantes corresponden a reci\u00e9n nacidos.<\/p>\n<p>A nivel nacional, abund\u00f3, siete de cada 10 ni\u00f1os que fallecen antes de los cinco a\u00f1os de edad son neonatos y los eventos adversos asociados con la asfixia y nacimiento prematuro son la primera causa de discapacidad.<\/p>\n<p>En abril pasado, se\u00f1al\u00f3, 90 estudiantes del \u00faltimo semestre de la Licenciatura en M\u00e9dico Cirujano de la UAEM recibieron la Capacitaci\u00f3n en Reanimaci\u00f3n Cardiopulmonar Neonatal, cuya implementaci\u00f3n en el pa\u00eds fue fundamental para disminuir las tasas de mortalidad infantil.\u00a0 Refiri\u00f3 que la ANEM lleva el Curso-Taller de RCPn a hospitales del gobierno de la entidad y a partir de esta ense\u00f1anza, las instituciones replican la capacitaci\u00f3n de acuerdo con las exigencias y lineamientos nacionales e internacionales.<\/p>\n<p>Juan Manuel Alan\u00eds Tavira consider\u00f3 que fortalecer los cuidados de los reci\u00e9n nacidos, mejorar la atenci\u00f3n, disminuir la mortalidad prevenible, as\u00ed como las secuelas a corto y largo plazo, son una responsabilidad impostergable para los profesionales de la salud.<\/p>\n<p>La Asociaci\u00f3n de Neonatolog\u00eda del Estado de M\u00e9xico, constituida formalmente en 1994, es l\u00edder nacional en la atenci\u00f3n del reci\u00e9n nacido, a trav\u00e9s de t\u00e9cnicas de vanguardia como la ventilaci\u00f3n no invasiva neonatal, el enfriamiento terap\u00e9utico, neuroprotecci\u00f3n y otras disciplinas afines.<\/p>\n","protected":false},"excerpt":{"rendered":"<p>Durante la \u00faltima d\u00e9cada y bajo est\u00e1ndares internacionales, la comunidad de la Facultad de Medicina de la Universidad Aut\u00f3noma del Estado de M\u00e9xico se ha capacitado en reanimaci\u00f3n cardiopulmonar neonatal, a trav\u00e9s 42 cursos y talleres.\u00a0<\/p>\n","protected":false},"author":3,"featured_media":436608,"comment_status":"open","ping_status":"open","sticky":false,"template":"","format":"standard","meta":{"_monsterinsights_skip_tracking":false,"_monsterinsights_sitenote_active":false,"_monsterinsights_sitenote_note":"","_monsterinsights_sitenote_category":0,"footnotes":""},"categories":[5],"tags":[86915,43675,452,1491],"class_list":["post-436550","post","type-post","status-publish","format-standard","has-post-thumbnail","hentry","category-estado-de-mexico","tag-anem","tag-estado-de-mexico","tag-toluca","tag-uaem"],"_links":{"self":[{"href":"https:\/\/www.diarioimagen.net\/index.php?rest_route=\/wp\/v2\/posts\/436550","targetHints":{"allow":["GET"]}}],"collection":[{"href":"https:\/\/www.diarioimagen.net\/index.php?rest_route=\/wp\/v2\/posts"}],"about":[{"href":"https:\/\/www.diarioimagen.net\/index.php?rest_route=\/wp\/v2\/types\/post"}],"author":[{"embeddable":true,"href":"https:\/\/www.diarioimagen.net\/index.php?rest_route=\/wp\/v2\/users\/3"}],"replies":[{"embeddable":true,"href":"https:\/\/www.diarioimagen.net\/index.php?rest_route=%2Fwp%2Fv2%2Fcomments&post=436550"}],"version-history":[{"count":0,"href":"https:\/\/www.diarioimagen.net\/index.php?rest_route=\/wp\/v2\/posts\/436550\/revisions"}],"wp:featuredmedia":[{"embeddable":true,"href":"https:\/\/www.diarioimagen.net\/index.php?rest_route=\/wp\/v2\/media\/436608"}],"wp:attachment":[{"href":"https:\/\/www.diarioimagen.net\/index.php?rest_route=%2Fwp%2Fv2%2Fmedia&parent=436550"}],"wp:term":[{"taxonomy":"category","embeddable":true,"href":"https:\/\/www.diarioimagen.net\/index.php?rest_route=%2Fwp%2Fv2%2Fcategories&post=436550"},{"taxonomy":"post_tag","embeddable":true,"href":"https:\/\/www.diarioimagen.net\/index.php?rest_route=%2Fwp%2Fv2%2Ftags&post=436550"}],"curies":[{"name":"wp","href":"https:\/\/api.w.org\/{rel}","templated":true}]}}