{"id":436564,"date":"2019-07-25T00:01:57","date_gmt":"2019-07-25T05:01:57","guid":{"rendered":"https:\/\/www.diarioimagen.net\/?p=436564"},"modified":"2019-07-25T05:03:40","modified_gmt":"2019-07-25T10:03:40","slug":"ley-de-herodes","status":"publish","type":"post","link":"https:\/\/www.diarioimagen.net\/?p=436564","title":{"rendered":"<em>Ley de Herodes <\/em>"},"content":{"rendered":"<h2>De pe a pa<\/h2>\n<h5>Alberto Vieyra G.<\/h5>\n<p>&nbsp;<\/p>\n<p>Consumada en lo oscurito la <em>Ley de Herodes<\/em> en Baja California. En lugar de la sede del Congreso, los ignorantes y marranones diputados locales usaron un auditorio del municipio de Rosarito para consumar la <em>Ley de Herodes<\/em> que ampl\u00eda, les guste o no les guste a los californianos y m\u00e1s de 125 millones de mexicanos, la ampliaci\u00f3n de dos a cinco a\u00f1os el mandato del marrano mayor, Jaime Bonilla \u00c1lvarez, electo en las urnas por dos a\u00f1os, lo que ha desatado un repudio generalizado en la naci\u00f3n azteca por el vil y artero atropello a la democracia de los californianos, asunto que podr\u00eda reeditarse a nivel nacional, aunque Andr\u00e9s Manuel L\u00f3pez Obrador jure y perjure que no se reelegir\u00e1 y muestra carta de no reelecci\u00f3n y dice que la certificar\u00e1 ante notario. Habr\u00e1 que ver si la consumaci\u00f3n de la <em>Ley de Herodes<\/em> o la mal llamada <em>Ley Bonilla<\/em> se apeg\u00f3 a los c\u00e1nones que marca la Constituci\u00f3n local y federal de que, para celebrar reuniones ordinarias y extraordinarias fuera del recinto oficial, tiene que haber una declaraci\u00f3n legal para utilizar alguna instalaci\u00f3n alterna como Congreso.<\/p>\n<p>El gobernador panista, Francisco Vega, ya advirti\u00f3 que no promulgar\u00e1 la <em>Ley Bonilla<\/em> al m\u00e1s puro estilo de la <em>Ley de Herodes,<\/em> por lo cual la actual marranona e inmoral legislatura dispone de 17 d\u00edas para publicarla, de tal manera que quedar\u00eda totalmente consumado la inconstitucional reforma al art\u00edculo 108 de la Constituci\u00f3n local para que la Suprema Corte de Justicia de la Naci\u00f3n la declare inconstitucional. Bonilla y su pandilla, en la cual figura el ex pri\u00edsta Amador Rodr\u00edguez Lozano y el ex gobernador californiano Xicot\u00e9ncatl Leyva Mortera, otro marran\u00f3n de triste recuerdo, que convirti\u00f3 a Baja California en un cochinero pol\u00edtico, que dio lugar a que el PRI tuviera que entregar al panista Ernesto Ruffo Appel en 1989 esa gubernatura, la primera en la historia pri\u00edsta, adem\u00e1s de marrano es m\u00e1s terco que las mulas, al querer justificar los injustificable.<\/p>\n<p>Recordar\u00e9 que a fines del siglo pasado y cuando el PRI ejerc\u00eda un f\u00e9rreo control pol\u00edtico y social se film\u00f3 en M\u00e9xico la pel\u00edcula \u201cLa Ley de Herodes\u201d, que <em>a rega\u00f1adientes<\/em> y ante la presi\u00f3n de <em>fuenteovejuna<\/em> tuvo que ser exhibida, convirti\u00e9ndose un una autentica tumba pol\u00edtica para el PRI, pues en el 2000 tuvo que entregar la silla presidencial al panista Vicente Fox.<\/p>\n<p><em>La Ley de Herodes <\/em>retrataba a un presidente municipal, aparentemente decente, pero que al llegar al poder se da cuenta de que hab\u00eda que hacer muchos enjuagues inmorales con la Iglesia cat\u00f3lica, los intereses capitalistas y con poderosas oligarqu\u00edas, enemigas del pueblo.<\/p>\n<p>Que en s\u00edntesis hac\u00eda gala y reflejaba fielmente el estilo de gobernar pri\u00edsta, las relaciones internas del poder en el partido, sus reglas para llevar a cabo la sucesi\u00f3n de los gobernantes, su forma de relacionarse con la Iglesia, con la oposici\u00f3n y con los Estados Unidos y de c\u00f3mo mediante el autoritarismo y la corrupci\u00f3n, el PRI, el gobierno, el Estado y sus instituciones, llegaron a convertirse en una y en la misma cosa.<\/p>\n<p>Si la Corte no de la pa\u2019tras a esa marranada pol\u00edtica, no hay duda que los californianos ser\u00e1n gobernados por Herodes Bonilla.<\/p>\n<p><em><a href=\"mailto:info@agenciamn.com\" target=\"_blank\" rel=\"noopener noreferrer\">info@agenciamn.com<\/a><\/em><\/p>\n","protected":false},"excerpt":{"rendered":"<p><span style=\"color: #005497;\"><strong>Alberto Vieyra G.<\/strong><\/span><\/p>\n","protected":false},"author":3,"featured_media":0,"comment_status":"open","ping_status":"open","sticky":false,"template":"","format":"standard","meta":{"_monsterinsights_skip_tracking":false,"_monsterinsights_sitenote_active":false,"_monsterinsights_sitenote_note":"","_monsterinsights_sitenote_category":0,"footnotes":""},"categories":[4596],"tags":[43697,4597,43674],"class_list":["post-436564","post","type-post","status-publish","format-standard","hentry","category-alberto-vieyra-g","tag-alberto-vieyra-g","tag-de-pe-a-pa","tag-opinion"],"_links":{"self":[{"href":"https:\/\/www.diarioimagen.net\/index.php?rest_route=\/wp\/v2\/posts\/436564","targetHints":{"allow":["GET"]}}],"collection":[{"href":"https:\/\/www.diarioimagen.net\/index.php?rest_route=\/wp\/v2\/posts"}],"about":[{"href":"https:\/\/www.diarioimagen.net\/index.php?rest_route=\/wp\/v2\/types\/post"}],"author":[{"embeddable":true,"href":"https:\/\/www.diarioimagen.net\/index.php?rest_route=\/wp\/v2\/users\/3"}],"replies":[{"embeddable":true,"href":"https:\/\/www.diarioimagen.net\/index.php?rest_route=%2Fwp%2Fv2%2Fcomments&post=436564"}],"version-history":[{"count":0,"href":"https:\/\/www.diarioimagen.net\/index.php?rest_route=\/wp\/v2\/posts\/436564\/revisions"}],"wp:attachment":[{"href":"https:\/\/www.diarioimagen.net\/index.php?rest_route=%2Fwp%2Fv2%2Fmedia&parent=436564"}],"wp:term":[{"taxonomy":"category","embeddable":true,"href":"https:\/\/www.diarioimagen.net\/index.php?rest_route=%2Fwp%2Fv2%2Fcategories&post=436564"},{"taxonomy":"post_tag","embeddable":true,"href":"https:\/\/www.diarioimagen.net\/index.php?rest_route=%2Fwp%2Fv2%2Ftags&post=436564"}],"curies":[{"name":"wp","href":"https:\/\/api.w.org\/{rel}","templated":true}]}}