{"id":436575,"date":"2019-07-25T00:02:32","date_gmt":"2019-07-25T05:02:32","guid":{"rendered":"https:\/\/www.diarioimagen.net\/?p=436575"},"modified":"2019-07-25T05:27:43","modified_gmt":"2019-07-25T10:27:43","slug":"ley-bonilla-amlo-le-mide-el-agua-a-los-tamales","status":"publish","type":"post","link":"https:\/\/www.diarioimagen.net\/?p=436575","title":{"rendered":"Ley Bonilla, AMLO \u201cle mide el agua a los tamales\u201d"},"content":{"rendered":"<h2>La Retaguardia<\/h2>\n<h5>Adriana Moreno Cordero<\/h5>\n<p>&nbsp;<\/p>\n<ul>\n<li><strong><em>V\u00edctor Mor\u00e1n, m\u00e1s beneficiado que Amador Rodr\u00edguez Lozano<\/em><\/strong><\/li>\n<\/ul>\n<p>&nbsp;<\/p>\n<p>&nbsp;<\/p>\n<p>Aunque el presidente <strong>Andr\u00e9s Manuel L\u00f3pez Obrador<\/strong> prometi\u00f3 que hoy llevar\u00e1 a Palacio Nacional a un notario p\u00fablico para que d\u00e9 fe respecto a que no tiene intenci\u00f3n alguna de reelegirse, nadie o casi nadie podr\u00eda poner en duda que lo sucedido en Baja California con la ya muy conocida Ley Bonilla, es un ensayo que el tabasque\u00f1o lanz\u00f3 para \u201cmedirle el agua a los tamales\u201d y en el 2024 hacer el intento de repetir en la boleta electoral, sobre todo ahora que sus seguidores y el \u201cpueblo sabio y bueno\u201d, como que le andan fallando y para cualquier duda, ah\u00ed est\u00e1n los \u00edndices de popularidad que consistentemente siguen bajando.<\/p>\n<p>Hubo otro ensayo previo del tabasque\u00f1o, hacia finales del pasado mes de marzo, cuando tambi\u00e9n y para variar, se dijo muy indignado porque sus enemigos se dedicaban a descalificarlo y entonces le dio por firmar una carta compromiso en la que se comprometi\u00f3 a no reelegirse en el 2024 porque seg\u00fan \u00e9l, es partidario del principio de \u201csufragio efectivo, no reelecci\u00f3n\u201d.<\/p>\n<p>En aquella ocasi\u00f3n les respondi\u00f3 a la voz de que: \u201cMis adversarios pol\u00edticos, los conservadores, que creen que soy como ellos, porque su verdadera doctrina es la hipocres\u00eda. Vociferan que la propuesta de la revocaci\u00f3n de mandato encubre la intenci\u00f3n de reelegirme en 2024\u201d. Agreg\u00f3 adem\u00e1s que un sexenio s\u00ed le era suficiente para erradicar la corrupci\u00f3n, la impunidad \u201cy convertir a M\u00e9xico en una Rep\u00fablica pr\u00f3spera, democr\u00e1tica, justa y fraterna\u201d, (\u00a1\u00a1Aj\u00e1, s\u00ed, c\u00f3mo de que no!!).<\/p>\n<p>Lo cierto, es que el tiempo ha transcurrido y recientemente, el Presidente instruy\u00f3 a los coordinadores de su partido en el Congreso de la Uni\u00f3n, <strong>Ricardo Monreal<\/strong> y <strong>Mario Delgado<\/strong>, a que ten\u00edan que sacar al precio que fuera precisamente, la revocaci\u00f3n de mandato. Poco despu\u00e9s, resulta que la carta- compromiso firmada hace cuatro meses, su siempre maravilloso y eficiente equipo la hab\u00eda perdido.<\/p>\n<p>Luego, con la posici\u00f3n que asumi\u00f3 el tabasque\u00f1o en torno al \u201cregalo\u201d que en breve podr\u00eda recibir su muy amigo Bonilla, s\u00f3lo consigui\u00f3 terminar de avivar los comentarios en torno a su tan acariciado anhelo reeleccionista, al calificar de hip\u00f3critas a quienes se han manifestado en contra de la Ley Bonilla. Adem\u00e1s, \u00bfc\u00f3mo est\u00e1 eso de que L\u00f3pez Obrador dice que \u00e9l no se mete en asuntos locales? Ya nada m\u00e1s falta que le d\u00e9 un premio al diputado local <strong>V\u00edctor Mor\u00e1n<\/strong>, que fue quien promovi\u00f3 esta aberraci\u00f3n, a todas luces inconstitucional.<\/p>\n<p>Ya se comentaba en este espacio en anterior entrega, que Mor\u00e1n es todo un personaje en Baja California, que tiene varios se\u00f1alamientos en su contra porque presuntamente ha hecho gastos importantes como miembro del Congreso local, siempre benefici\u00e1ndose y se dice que \u00e9l solito se dio a la tarea de convencer a los legisladores locales de oposici\u00f3n para que votaran a favor de la ampliaci\u00f3n del mandato de Bonilla. Es m\u00e1s, trascendi\u00f3 que cada diputado bajacaliforniano habr\u00eda recibido algo as\u00ed como un mill\u00f3n de d\u00f3lares por cabeza. \u00bfSer\u00e1?<\/p>\n<p>Y para \u201ccerrar con broche de oro\u201d, como la actual Legislatura local termina funciones este ya pr\u00f3ximo 31 de julio, corresponder\u00e1 entonces al presidente de la XXIII Legislatura, que entra en funciones el 1 de agosto, publicar la arbitraria modificaci\u00f3n que el gobernador <strong>Francisco \u201cKiko\u201d Vega<\/strong>, se ha resistido a publicar en el <em>Diario Oficial<\/em> del estado, as\u00ed que a lo mejor valdr\u00eda la pena que la publicara bajo protesta, para que entonces procedan todas los recursos de inconformidad.<\/p>\n<p>En todo este relajo, no cabe duda que despu\u00e9s de Jaime Bonilla, Mor\u00e1n ha tenido un papel importante y digamos, negociador porque desde luego que resulta beneficiado. Ya hubiera querido desempe\u00f1ar ese rol el doctor en derecho, <strong>Amador Rodr\u00edguez Lozano<\/strong>, futuro secretario de Gobierno que hizo infructuosos intentos por defender la Ley Bonilla.<\/p>\n<p>Y en lo que es otra sorpresa\u00a0 <strong>V\u00edctor Mor\u00e1n<\/strong>, en una abierta acci\u00f3n de reelecci\u00f3n que niega bajo el argumento de que como solicit\u00f3 licencia, vali\u00e9ndose de artima\u00f1as volvi\u00f3 a postularse como candidato a diputado local por Morena y gan\u00f3, pero eso s\u00ed, en este caso, Mor\u00e1n asegura que \u201ccada quien quiere llevar agua para su molino\u201d, se nota que \u00e9l tambi\u00e9n.<\/p>\n<p>Por su parte, en diversas entrevistas, Bonilla dijo que \u00e9l es un dem\u00f3crata y est\u00e1 dispuesto a aceptar el fallo que d\u00e9 la Suprema Corte de Justicia de la Naci\u00f3n en torno a este espinoso asunto.<\/p>\n<p>Aqu\u00ed, seguramente el gobernador electo sabe que cuando los alcaldes de Mexicali, Gustavo S\u00e1nchez y de Tijuana interpusieron en la SCJN recurso de inconstitucionalidad, mismo que recibieron los ministros <strong>Yazm\u00edn Ezquivel Mosa<\/strong> y <strong>Juan Luis Alc\u00e1ntara Carranc\u00e1<\/strong>, los dos ministros nombrados por L\u00f3pez Obrador y sus incondicionales que desde luego, de inmediato la rechazaron por \u201cnotoriamente improcedente\u201d.<\/p>\n<p>Ante los reclamos de sus correligionarios de Morena, como por ejemplo, la diputada <strong>Tatiana Clouthier<\/strong>, de que no acepte la ampliaci\u00f3n del per\u00edodo el gobernador electo, en el colmo de la desfachatez, asegura que ha visto declaraciones p\u00fablicas en tal sentido, \u201cporque el asunto se ha litigado en los medios\u201d y agrega que \u00e9l no tiene ninguna llamada o acercamiento por parte de los legisladores federales.<\/p>\n<p>\u201cYo voy a aceptar y a acatar la instrucci\u00f3n de la Suprema Corte de Justicia porque soy muy respetuoso de las instituciones, \u00bfqui\u00e9n soy yo para no acatarlo?, todos somos parte de un sistema y de una Constituci\u00f3n\u201d.<\/p>\n<p style=\"text-align: center;\"><strong>MUNICIONES<\/strong><\/p>\n<p>*** De acuerdo con cifras del Comit\u00e9 de las Naciones Unidas para la Eliminaci\u00f3n de la discriminaci\u00f3n contra las Mujeres y del Secretariado Ejecutivo del Sistema Nacional de Seguridad P\u00fablica, el municipio de Los Reyes La Paz tiene la tasa m\u00e1s alta de asesinatos de mujeres en hechos de violencia extrema en el pa\u00eds, robos a transe\u00fantes y a casa habitaci\u00f3n y se encuentra entre las zonas m\u00e1s afectadas por pr\u00e1cticas como el cobro del derecho de piso por parte de grupos delincuenciales. Por lo anterior, el gobierno del Estado de M\u00e9xico, que lleva <strong>Alfredo del Mazo<\/strong>, tiene claro que es urgente redoblar los esfuerzos para atender las problem\u00e1ticas que se presentan en la zona e invitar al cumplimiento de esa tarea tanto al sector empresarial como a la sociedad civil; esto, a trav\u00e9s de proyectos enfocados a que los j\u00f3venes de esa localidad se involucren en actividades productivas para modificar su entorno.<\/p>\n<p>*** El pr\u00f3ximo s\u00e1bado, el Presidente se reunir\u00e1 con su hom\u00f3logo hondure\u00f1o, <strong>Juan Gonzalo Hern\u00e1ndez<\/strong> y ya muchos se preguntan: \u00bfcu\u00e1nto dinero le ir\u00e1 a regalar el tabasque\u00f1o?, porque no cabe duda que AMLO es \u201ccandil de la calle, oscuridad en su casa\u201d. \u00a1Qu\u00e9 tal!<\/p>\n<p><a href=\"mailto:morcora@gmail.com\" target=\"_blank\" rel=\"noopener noreferrer\"><em>morcora@gmail.com<\/em><\/a><u><\/u><\/p>\n","protected":false},"excerpt":{"rendered":"<p><span style=\"color: #005497;\"><strong>Adriana Moreno Cordero<\/strong><\/span><\/p>\n","protected":false},"author":3,"featured_media":0,"comment_status":"open","ping_status":"open","sticky":false,"template":"","format":"standard","meta":{"_monsterinsights_skip_tracking":false,"_monsterinsights_sitenote_active":false,"_monsterinsights_sitenote_note":"","_monsterinsights_sitenote_category":0,"footnotes":""},"categories":[69370],"tags":[69369,69368,43674],"class_list":["post-436575","post","type-post","status-publish","format-standard","hentry","category-adriana-moreno-cordero","tag-adriana-moreno-cordero","tag-la-retaguardia","tag-opinion"],"_links":{"self":[{"href":"https:\/\/www.diarioimagen.net\/index.php?rest_route=\/wp\/v2\/posts\/436575","targetHints":{"allow":["GET"]}}],"collection":[{"href":"https:\/\/www.diarioimagen.net\/index.php?rest_route=\/wp\/v2\/posts"}],"about":[{"href":"https:\/\/www.diarioimagen.net\/index.php?rest_route=\/wp\/v2\/types\/post"}],"author":[{"embeddable":true,"href":"https:\/\/www.diarioimagen.net\/index.php?rest_route=\/wp\/v2\/users\/3"}],"replies":[{"embeddable":true,"href":"https:\/\/www.diarioimagen.net\/index.php?rest_route=%2Fwp%2Fv2%2Fcomments&post=436575"}],"version-history":[{"count":0,"href":"https:\/\/www.diarioimagen.net\/index.php?rest_route=\/wp\/v2\/posts\/436575\/revisions"}],"wp:attachment":[{"href":"https:\/\/www.diarioimagen.net\/index.php?rest_route=%2Fwp%2Fv2%2Fmedia&parent=436575"}],"wp:term":[{"taxonomy":"category","embeddable":true,"href":"https:\/\/www.diarioimagen.net\/index.php?rest_route=%2Fwp%2Fv2%2Fcategories&post=436575"},{"taxonomy":"post_tag","embeddable":true,"href":"https:\/\/www.diarioimagen.net\/index.php?rest_route=%2Fwp%2Fv2%2Ftags&post=436575"}],"curies":[{"name":"wp","href":"https:\/\/api.w.org\/{rel}","templated":true}]}}